{"id":9757,"date":"2022-04-24T19:53:38","date_gmt":"2022-04-24T19:53:38","guid":{"rendered":"http:\/\/stec.se\/?p=9757"},"modified":"2022-04-24T22:33:31","modified_gmt":"2022-04-24T22:33:31","slug":"mandagsbloggen-med-teamfilm-smygtraning-testdag-samt-stort-grattis","status":"publish","type":"post","link":"https:\/\/stec.se\/en\/mandagsbloggen-med-teamfilm-smygtraning-testdag-samt-stort-grattis\/","title":{"rendered":"M\u00e5ndagsbloggen med teamfilm , smygtr\u00e4ning , testdag  samt Stort Grattis"},"content":{"rendered":"<p>&nbsp;<\/p>\n<p><img loading=\"lazy\" decoding=\"async\" class=\"size-medium wp-image-9758 aligncenter\" src=\"http:\/\/media1.stec.se\/2022\/04\/alfab-300x225.jpg\" alt=\"\" width=\"300\" height=\"225\" srcset=\"https:\/\/media1.stec.se\/2022\/04\/alfab-300x225.jpg 300w, https:\/\/media1.stec.se\/2022\/04\/alfab-510x382.jpg 510w, https:\/\/media1.stec.se\/2022\/04\/alfab.jpg 720w\" sizes=\"auto, (max-width: 300px) 100vw, 300px\" \/><\/p>\n<p>Premi\u00e4ren k\u00f6rdes p\u00e5 den internationella 24 timmars L\u00e5ngloppsracing scenen.\u00a0 Racet k\u00f6rdes p\u00e5 Spa med Svenska teamet Alfab. Loppet k\u00f6rdes precis som i STEC med Matpaus?\u00a0 6 timmar L\u00f6rdag och 6 timmars p\u00e5 S\u00f6ndag och med hela 10 olika klasser. 1 klass mer \u00e4n i STEC men tanken gillar vi att kunna mixa t\u00e4vlingsbilar och d\u00e5 skapa m\u00e5nga vinnare i de olika klasserna som bla TCR , GT4 klasserna. Som \u00e4ven finns i Sverige. Grattis till en fin silverplats h\u00e4r finner du del 2 av racet <a href=\"https:\/\/www.youtube.com\/watch?v=-ubZf4x7gSQ\">https:\/\/www.youtube.com\/watch?v=-ubZf4x7gSQ<\/a><\/p>\n<p><img loading=\"lazy\" decoding=\"async\" class=\"size-medium wp-image-9659 aligncenter\" src=\"http:\/\/media1.stec.se\/2022\/03\/fragetecken-och-manniskaillustration-isolerat-34876375-300x300.jpg\" alt=\"\" width=\"300\" height=\"300\" srcset=\"https:\/\/media1.stec.se\/2022\/03\/fragetecken-och-manniskaillustration-isolerat-34876375-300x300.jpg 300w, https:\/\/media1.stec.se\/2022\/03\/fragetecken-och-manniskaillustration-isolerat-34876375-150x150.jpg 150w, https:\/\/media1.stec.se\/2022\/03\/fragetecken-och-manniskaillustration-isolerat-34876375-768x768.jpg 768w, https:\/\/media1.stec.se\/2022\/03\/fragetecken-och-manniskaillustration-isolerat-34876375.jpg 800w\" sizes=\"auto, (max-width: 300px) 100vw, 300px\" \/><\/p>\n<p>Kan jag som f\u00f6rare k\u00f6ra i 2 team i STEC ?\u00a0 Fr\u00e5gan har kommit upp under veckan och svaret \u00e4r javisst. Som f\u00f6rare \u00e4r du inte bunden till 1 team utan kan studsa runt om exempelvis 1 team saknar f\u00f6rare eller om 1 bil g\u00e5r s\u00f6nder och man f\u00e5r som f\u00f6rare fr\u00e5gan av ett annat team att k\u00f6ra. S\u00e5 \u00e4r det inga problem att v\u00e4xla under dagen.\u00a0 Bra fr\u00e5ga som nu f\u00e5r ett svar kommer \u00e4ven upp p\u00e5 denna lista <strong><a href=\"http:\/\/stec.se\/en\/fragor\/\">http:\/\/stec.se\/fragor\/<\/a><\/strong><\/p>\n<p><img loading=\"lazy\" decoding=\"async\" class=\"size-medium wp-image-9759 aligncenter\" src=\"http:\/\/media1.stec.se\/2022\/04\/resultat-troll-300x225.jpg\" alt=\"\" width=\"300\" height=\"225\" srcset=\"https:\/\/media1.stec.se\/2022\/04\/resultat-troll-300x225.jpg 300w, https:\/\/media1.stec.se\/2022\/04\/resultat-troll-510x382.jpg 510w, https:\/\/media1.stec.se\/2022\/04\/resultat-troll.jpg 720w\" sizes=\"auto, (max-width: 300px) 100vw, 300px\" \/><\/p>\n<p><strong>Positiv smygtr\u00e4ning ?<\/strong> 23 April k\u00f6rdes Krutcupen grus premi\u00e4r p\u00e5 SMK Trollh\u00e4ttan. Resultat efter 4 timmars var att Full fr\u00e4s Racing k\u00f6rde 291 Varv silver tog team Kopp p\u00e5 293 Varv\u00a0 och GGR Arvingarna k\u00f6rde 294 varv p\u00e5 den 656 meter l\u00e5nga banan.\u00a0 Men vad har detta med STEC att g\u00f6ra ?\u00a0 Jo GGR Racing hade teamchef Claes Frisk fr\u00e5n Gula Garaget med den gula Beatle.\u00a0 Claes med v\u00e4nnerna k\u00f6rde detta race i Krutcupen med sin ungdomar och det var ett tag sedan jag s\u00e5g Claes k\u00f6rgl\u00e4dje s\u00e5 stor som n\u00e4r han kl\u00e4mde in dagens snabbaste varvtid 38,053 n\u00e5gon tiondel f\u00f6re Full fr\u00e4s BMW.\u00a0 Claes b\u00f6rjade som s\u00e5 m\u00e5nga f\u00f6rare i just <a href=\"http:\/\/www.krutcupen.se\"><strong>www.krutcupen.se<\/strong><\/a> och STEC vill s\u00e4ga grattis till segern men \u00e4ven p\u00e5 detta s\u00e4tt \u00e5ter igen lyfta hur viktigt det \u00e4r med denna instegs bilsport s\u00e5 dela g\u00e4rna vidare detta till era gasglada v\u00e4nner.<\/p>\n<p><strong>DEP\u00c5 PLATS BREV ?\u00a0<\/strong><\/p>\n<p>Under veckan fick 9 team ett mail fr\u00e5n STEC med fr\u00e5gan om \u00f6nskem\u00e5l om dep\u00e5 plats?\u00a0 Det var de teamen som anm\u00e4lt sig i god tid till t\u00e4vlingen 7 Maj. Som en liten bonus fr\u00e5n oss. Som arrang\u00f6r \u00e4r det v\u00e4rdefullt att f\u00e5 er bokning genom <a href=\"http:\/\/stec.se\/en\/anmalning\/\"><strong>http:\/\/stec.se\/anmalning\/<\/strong><\/a>\u00a0 f\u00f6r det underl\u00e4ttar f\u00f6r oss. med planeringsarbetet.<\/p>\n<p><img loading=\"lazy\" decoding=\"async\" class=\"size-medium wp-image-3655 aligncenter\" src=\"http:\/\/media1.stec.se\/2018\/10\/sviestad-epc3a5-293x300.jpg\" alt=\"\" width=\"293\" height=\"300\" srcset=\"https:\/\/media1.stec.se\/2018\/10\/sviestad-epc3a5-293x300.jpg 293w, https:\/\/media1.stec.se\/2018\/10\/sviestad-epc3a5.jpg 681w\" sizes=\"auto, (max-width: 293px) 100vw, 293px\" \/><\/p>\n<p><iframe loading=\"lazy\" title=\"stec garage bes\u00f6k KR-Racing\" width=\"1080\" height=\"608\" src=\"https:\/\/www.youtube.com\/embed\/iyiYpOTqHiQ?start=11&#038;feature=oembed\" frameborder=\"0\" allow=\"accelerometer; autoplay; clipboard-write; encrypted-media; gyroscope; picture-in-picture\" allowfullscreen><\/iframe><\/p>\n<p><img loading=\"lazy\" decoding=\"async\" class=\"wp-image-6827 aligncenter\" src=\"http:\/\/media1.stec.se\/2020\/04\/tierp-logga-300x59.jpg\" alt=\"\" width=\"595\" height=\"117\" srcset=\"https:\/\/media1.stec.se\/2020\/04\/tierp-logga-300x59.jpg 300w, https:\/\/media1.stec.se\/2020\/04\/tierp-logga.jpg 506w\" sizes=\"auto, (max-width: 595px) 100vw, 595px\" \/><\/p>\n<p>Premi\u00e4r 2022 inom <a href=\"http:\/\/www.tierpmotorfestival.se\"><strong>www.tierpmotorfestival.se<\/strong><\/a> Och varf\u00f6r g\u00f6ra reklam f\u00f6r detta p\u00e5 STEC Bloggen? Jo test&amp; Tune kom och testa bilarna tr\u00e4na, k\u00f6r in bromsar , g\u00f6r inst\u00e4llningar och \u00e5ter igen tr\u00e4na .\u00a0 Vi har ett specialpris p\u00e5 1000 kr till alla stec team. f\u00f6r vi vill ni ska ha grejerna i ordning till Sviestad. 7 Maj.\u00a0 \u00a0S\u00e5 kom 1 Maj och k\u00f6r STEC Trackday.<\/p>\n<p><img loading=\"lazy\" decoding=\"async\" class=\"alignnone size-medium wp-image-8433\" src=\"http:\/\/media1.stec.se\/2021\/05\/biljetterna-300x150.png\" alt=\"\" width=\"300\" height=\"150\" srcset=\"https:\/\/media1.stec.se\/2021\/05\/biljetterna-300x150.png 300w, https:\/\/media1.stec.se\/2021\/05\/biljetterna.png 507w\" sizes=\"auto, (max-width: 300px) 100vw, 300px\" \/> K\u00f6p biljetter till N\u00e4sta race till Sviestad f\u00f6r din skull ?\u00a0 Vad menar vi med detta.\u00a0 STEC har haft 2 mycket sv\u00e5ra ekonomiska \u00e5r genom denna Covid situation. Detta \u00e4r vi naturligtvis l\u00e5ngt ifr\u00e5n ensamma om.\u00a0 Men vi tar ni bladet fr\u00e5n munnen och ber\u00e4ttar \u00f6ppet detta.\u00a0 7-8 Maj och framf\u00f6r allt 28-29 Maj p\u00e5 Link\u00f6ping , Sviestad\u00a0 kan vara lite matchavg\u00f6rande.\u00a0 \u00a0 Denna satsning med Motorfestivaler hoppas vi p\u00e5 men vi \u00f6nskar din hj\u00e4lp att sprida detta.\u00a0 \u00a0Se fin bilsport p\u00e5 <a href=\"http:\/\/www.tierpmotorfestival.se\"><strong>KLICKA<\/strong><\/a> Men \u00e4ven st\u00f6d ert eget team.\u00a0 Jag kikade lite p\u00e5 Kinnekulle idag NSHC \/ ER Cup totalt 15 team = Minus aff\u00e4r. Detta har b\u00f6rjat diskuteras p\u00e5 \u00f6ppna forum och jag tycker Ted Malms inl\u00e4gg \u00e4r v\u00e4rt att l\u00e4sa och fundera p\u00e5.<a href=\"https:\/\/www.facebook.com\/ted.malm\/posts\/10159174692734794\"> https:\/\/www.facebook.com\/ted.malm\/posts\/10159174692734794<\/a><\/p>\n<p><img loading=\"lazy\" decoding=\"async\" class=\"alignnone size-medium wp-image-8411\" src=\"http:\/\/media1.stec.se\/2021\/05\/vilja-300x300.jpg\" alt=\"\" width=\"300\" height=\"300\" srcset=\"https:\/\/media1.stec.se\/2021\/05\/vilja-300x300.jpg 300w, https:\/\/media1.stec.se\/2021\/05\/vilja-150x150.jpg 150w, https:\/\/media1.stec.se\/2021\/05\/vilja.jpg 470w\" sizes=\"auto, (max-width: 300px) 100vw, 300px\" \/> Ni som k\u00e4nner mig vet att jag fightas och denna nu 5 \u00e5r fight med RF \/FIA \/ SBF har varit tuff och jag k\u00e4nner mig tr\u00f6tt sliten redan nu n\u00e4r 1 race har k\u00f6rts. men jag kommer forts\u00e4tta kriga och sl\u00e5ss f\u00f6r att STEC \/ Krutcupen ska kunna forts\u00e4tta trots Covid nedst\u00e4ngningar och ryska krig s\u00e5 gnuggar vi gemensamt p\u00e5. Jag vill med dessa slutord denna blogg s\u00e4ga Tack ? Tack f\u00f6r du \u00e4r med i STEC 2022.\u00a0 Jag hoppas vi ses p\u00e5 banan och vill du ha ett f\u00f6retagsevent eller svensexa s\u00e5 tveka inte att ringa f\u00f6r alla dessa sido verksamheter g\u00f6r att vi kan forts\u00e4tta k\u00e4mpa.<\/p>\n<p>N\u00e4stan 200 anm\u00e4lde sig p\u00e5 t\u00e4vlingen i Elmia s\u00e5 h\u00e4r gick det i slutr\u00f6stningen. att vinna en prova p\u00e5.<\/p>\n<p><iframe loading=\"lazy\" title=\"stec t\u00e4vlingen p\u00e5 Elmia m\u00e4ssan 2022\" width=\"1080\" height=\"608\" src=\"https:\/\/www.youtube.com\/embed\/wmOIzt2axRE?feature=oembed\" frameborder=\"0\" allow=\"accelerometer; autoplay; clipboard-write; encrypted-media; gyroscope; picture-in-picture\" allowfullscreen><\/iframe><\/p>\n<p>&nbsp;<\/p>\n<p>&nbsp;<\/p>","protected":false},"excerpt":{"rendered":"<p>&nbsp; Premi\u00e4ren k\u00f6rdes p\u00e5 den internationella 24 timmars L\u00e5ngloppsracing scenen.\u00a0 Racet k\u00f6rdes p\u00e5 Spa med Svenska teamet Alfab. Loppet k\u00f6rdes precis som i STEC med Matpaus?\u00a0 6 timmar L\u00f6rdag och 6 timmars p\u00e5 S\u00f6ndag och med hela 10 olika klasser. 1 klass mer \u00e4n i STEC men tanken gillar vi att kunna mixa t\u00e4vlingsbilar och [&hellip;]<\/p>\n","protected":false},"author":2,"featured_media":7454,"comment_status":"open","ping_status":"open","sticky":false,"template":"","format":"standard","meta":{"_et_pb_use_builder":"","_et_pb_old_content":"","footnotes":""},"categories":[1],"tags":[],"class_list":["post-9757","post","type-post","status-publish","format-standard","has-post-thumbnail","hentry","category-uncategorized"],"aioseo_notices":[],"_links":{"self":[{"href":"https:\/\/stec.se\/en\/wp-json\/wp\/v2\/posts\/9757","targetHints":{"allow":["GET"]}}],"collection":[{"href":"https:\/\/stec.se\/en\/wp-json\/wp\/v2\/posts"}],"about":[{"href":"https:\/\/stec.se\/en\/wp-json\/wp\/v2\/types\/post"}],"author":[{"embeddable":true,"href":"https:\/\/stec.se\/en\/wp-json\/wp\/v2\/users\/2"}],"replies":[{"embeddable":true,"href":"https:\/\/stec.se\/en\/wp-json\/wp\/v2\/comments?post=9757"}],"version-history":[{"count":2,"href":"https:\/\/stec.se\/en\/wp-json\/wp\/v2\/posts\/9757\/revisions"}],"predecessor-version":[{"id":9763,"href":"https:\/\/stec.se\/en\/wp-json\/wp\/v2\/posts\/9757\/revisions\/9763"}],"wp:featuredmedia":[{"embeddable":true,"href":"https:\/\/stec.se\/en\/wp-json\/wp\/v2\/media\/7454"}],"wp:attachment":[{"href":"https:\/\/stec.se\/en\/wp-json\/wp\/v2\/media?parent=9757"}],"wp:term":[{"taxonomy":"category","embeddable":true,"href":"https:\/\/stec.se\/en\/wp-json\/wp\/v2\/categories?post=9757"},{"taxonomy":"post_tag","embeddable":true,"href":"https:\/\/stec.se\/en\/wp-json\/wp\/v2\/tags?post=9757"}],"curies":[{"name":"wp","href":"https:\/\/api.w.org\/{rel}","templated":true}]}}