{"id":9311,"date":"2022-01-15T11:47:11","date_gmt":"2022-01-15T11:47:11","guid":{"rendered":"http:\/\/stec.se\/?p=9311"},"modified":"2022-01-15T11:47:11","modified_gmt":"2022-01-15T11:47:11","slug":"stec-bloggen-17-januari-nytt-team-koper-arskort-utbildningsracing-vad-ar-det","status":"publish","type":"post","link":"https:\/\/stec.se\/en\/stec-bloggen-17-januari-nytt-team-koper-arskort-utbildningsracing-vad-ar-det\/","title":{"rendered":"STEC Bloggen 17 Januari. Nytt team k\u00f6per \u00e5rskort. Utbildningsracing vad \u00e4r det ?"},"content":{"rendered":"<p><img loading=\"lazy\" decoding=\"async\" class=\"alignnone size-medium wp-image-9312 aligncenter\" src=\"http:\/\/media1.stec.se\/2022\/01\/Season-Card-2022-Team-Namn-Team-Sin-Frenos-Bil-Seat-Ibiza-Cupra-Kent-Patrik-Anders-300x169.png\" alt=\"\" width=\"300\" height=\"169\" srcset=\"https:\/\/media1.stec.se\/2022\/01\/Season-Card-2022-Team-Namn-Team-Sin-Frenos-Bil-Seat-Ibiza-Cupra-Kent-Patrik-Anders-300x169.png 300w, https:\/\/media1.stec.se\/2022\/01\/Season-Card-2022-Team-Namn-Team-Sin-Frenos-Bil-Seat-Ibiza-Cupra-Kent-Patrik-Anders-1024x577.png 1024w, https:\/\/media1.stec.se\/2022\/01\/Season-Card-2022-Team-Namn-Team-Sin-Frenos-Bil-Seat-Ibiza-Cupra-Kent-Patrik-Anders-768x433.png 768w, https:\/\/media1.stec.se\/2022\/01\/Season-Card-2022-Team-Namn-Team-Sin-Frenos-Bil-Seat-Ibiza-Cupra-Kent-Patrik-Anders-1536x865.png 1536w, https:\/\/media1.stec.se\/2022\/01\/Season-Card-2022-Team-Namn-Team-Sin-Frenos-Bil-Seat-Ibiza-Cupra-Kent-Patrik-Anders-1080x608.png 1080w, https:\/\/media1.stec.se\/2022\/01\/Season-Card-2022-Team-Namn-Team-Sin-Frenos-Bil-Seat-Ibiza-Cupra-Kent-Patrik-Anders.png 1640w\" sizes=\"auto, (max-width: 300px) 100vw, 300px\" \/><\/p>\n<p><strong>\u00c4nnu ett nytt team bokar \u00e5rskort\u00a0<\/strong><\/p>\n<p>Kent ,Rikard Isaksson och Anders Fridh\u00a0 i en konstellation som kommer bli mycket sp\u00e4nnande att f\u00f6lja. Teamet best\u00e4ller samtidigt 16 stycken d\u00e4ck. som vi diskuterade i <a href=\"http:\/\/stec.se\/en\/specialnummer-dacken-inom-stec-2022\/\"><strong>Specialbloggen<\/strong><\/a> om att kunna g\u00f6ra en specialpris och f\u00e5 d\u00e4cken direkt till banan. V\u00e4lkommen till STEC 2022.<\/p>\n<p><img loading=\"lazy\" decoding=\"async\" class=\"size-medium wp-image-3846 aligncenter\" src=\"http:\/\/media1.stec.se\/2018\/12\/stec-utbildning-1-300x147.jpg\" alt=\"\" width=\"300\" height=\"147\" srcset=\"https:\/\/media1.stec.se\/2018\/12\/stec-utbildning-1-300x147.jpg 300w, https:\/\/media1.stec.se\/2018\/12\/stec-utbildning-1-768x376.jpg 768w, https:\/\/media1.stec.se\/2018\/12\/stec-utbildning-1-1024x502.jpg 1024w, https:\/\/media1.stec.se\/2018\/12\/stec-utbildning-1-1080x529.jpg 1080w, https:\/\/media1.stec.se\/2018\/12\/stec-utbildning-1.jpg 1341w\" sizes=\"auto, (max-width: 300px) 100vw, 300px\" \/><\/p>\n<p>Vi arbetar nu med det vi kallar f\u00f6r utbildningracing men vad inneb\u00e4r detta ? Klicka g\u00e4rna p\u00e5 l\u00e4nken<\/p>\n<p><a href=\"http:\/\/media1.stec.se\/2022\/01\/utbildningsracing-1.pdf\"><strong>utbildningsracing\u00a0<\/strong>\u00a0<\/a><\/p>\n<p>Detta med utbildningracing \u00e4r n\u00e5got som vi ser som en viktig del i denna process att utveckla f\u00f6rare till racingen och STEC kommande \u00e5r. Vi ser inte positivt p\u00e5 att man ska kunna best\u00e4lla ett Licenskort p\u00e5 n\u00e4tet genom att svara p\u00e5 n\u00e5gra fr\u00e5gor och sen kalla sig racingf\u00f6rare. Utbildning \u00e4r inte tungt att ha med sig under hj\u00e4lmen och framf\u00f6r allt s\u00e5 underl\u00e4ttar detta s\u00e5 mycket p\u00e5 t\u00e4vlingarna n\u00e4r f\u00f6rare vet vad som g\u00e4ller. Det blir mindre diskussion och p\u00e5 sikt renare racing och roligare f\u00f6r alla parter. Vi kommer under varje ny m\u00e5nadsblogg ha ett specialnummer om regler s\u00e5 h\u00e4r s\u00e5g det ut i <a href=\"http:\/\/stec.se\/en\/2022-nu-tar-vi-spranget-ny-sasong-med-fler-nya-team-stec-andelsspel-specialnummer-regler\/\"><strong>f\u00f6rsta delen\u00a0<\/strong><\/a><\/p>\n<p>Utbildningracing kommer vi ha p\u00e5 Sviestad och Tierp i samband med Krutcupen t\u00e4vlingarna s\u00e5 vill du som stec f\u00f6rare vara med s\u00e5 g\u00e5r det perfekt att vara med p\u00e5 dessa kurstillf\u00e4llen. och praktiskt k\u00f6rning blir det i samband med STEC Trackday och Time-Attack se kalendern.<\/p>\n<p><img loading=\"lazy\" decoding=\"async\" class=\"size-medium wp-image-9315 aligncenter\" src=\"http:\/\/media1.stec.se\/2022\/01\/Lagg-till-en-rubrik-10-1-300x169.png\" alt=\"\" width=\"300\" height=\"169\" srcset=\"https:\/\/media1.stec.se\/2022\/01\/Lagg-till-en-rubrik-10-1-300x169.png 300w, https:\/\/media1.stec.se\/2022\/01\/Lagg-till-en-rubrik-10-1-1024x577.png 1024w, https:\/\/media1.stec.se\/2022\/01\/Lagg-till-en-rubrik-10-1-768x433.png 768w, https:\/\/media1.stec.se\/2022\/01\/Lagg-till-en-rubrik-10-1-1536x865.png 1536w, https:\/\/media1.stec.se\/2022\/01\/Lagg-till-en-rubrik-10-1-1080x608.png 1080w, https:\/\/media1.stec.se\/2022\/01\/Lagg-till-en-rubrik-10-1.png 1640w\" sizes=\"auto, (max-width: 300px) 100vw, 300px\" \/><\/p>\n<p style=\"text-align: center;\"><strong>Detta \u00e4r vi glada \u00f6ver att kunna presentera en s\u00e5dan rej\u00e4l lista med k\u00f6rtillf\u00e4llen.\u00a0<\/strong><\/p>\n<p>Allt g\u00e5r \u00e4ven att boka som presentkort och det \u00e4r en passning till just dina v\u00e4nner med tung gasfot att bjud dem p\u00e5 en trackday som 20,30,40,50,60,70,80 \u00e5rs present i samband med t\u00e4vlingarna p\u00e5 STEC helgerna.<\/p>\n<p><img loading=\"lazy\" decoding=\"async\" class=\"alignnone size-medium wp-image-8868\" src=\"http:\/\/media1.stec.se\/2021\/09\/jacka-300x197.jpg\" alt=\"\" width=\"300\" height=\"197\" srcset=\"https:\/\/media1.stec.se\/2021\/09\/jacka-300x197.jpg 300w, https:\/\/media1.stec.se\/2021\/09\/jacka-1024x674.jpg 1024w, https:\/\/media1.stec.se\/2021\/09\/jacka-768x505.jpg 768w, https:\/\/media1.stec.se\/2021\/09\/jacka.jpg 1026w\" sizes=\"auto, (max-width: 300px) 100vw, 300px\" \/><img loading=\"lazy\" decoding=\"async\" class=\"alignnone size-medium wp-image-8869\" src=\"http:\/\/media1.stec.se\/2021\/09\/jacka-1-300x163.jpg\" alt=\"\" width=\"300\" height=\"163\" srcset=\"https:\/\/media1.stec.se\/2021\/09\/jacka-1-300x163.jpg 300w, https:\/\/media1.stec.se\/2021\/09\/jacka-1-1024x557.jpg 1024w, https:\/\/media1.stec.se\/2021\/09\/jacka-1-768x417.jpg 768w, https:\/\/media1.stec.se\/2021\/09\/jacka-1-1080x587.jpg 1080w, https:\/\/media1.stec.se\/2021\/09\/jacka-1.jpg 1126w\" sizes=\"auto, (max-width: 300px) 100vw, 300px\" \/><\/p>\n<p>Sista Januari ska vi best\u00e4lla \u00e5rets teamjackor och skjortor. Vill dina samverkansf\u00f6retag vara med s\u00e5 beh\u00f6ver vi f\u00e5 in logga och en faktura adress p\u00e5 stec@stec.se innan sista Januari f\u00f6r att l\u00e4gga best\u00e4llningen. Och vi v\u00e4djar s\u00e5 klart ni fr\u00e5gar runt f\u00f6r allt s\u00e5nt h\u00e4r g\u00f6r att vi kan s\u00e4nka kostnaderna p\u00e5 kl\u00e4derna till minimum och v\u00e5rt m\u00e5l i framtiden \u00e4r ju att kunna dela ut i \u00e5rsavgiften STEC kl\u00e4der fritt till samtliga teams f\u00f6rare. 4,995 kr \u00e4r avgiften att synas hela \u00e5ret p\u00e5 hundratals b\u00e4rare.<\/p>\n<p><img loading=\"lazy\" decoding=\"async\" class=\"size-medium wp-image-9317 aligncenter\" src=\"http:\/\/media1.stec.se\/2022\/01\/Veckans-Ambassador-Rickard-Eriksson-Team-Onze-1-300x169.png\" alt=\"\" width=\"300\" height=\"169\" srcset=\"https:\/\/media1.stec.se\/2022\/01\/Veckans-Ambassador-Rickard-Eriksson-Team-Onze-1-300x169.png 300w, https:\/\/media1.stec.se\/2022\/01\/Veckans-Ambassador-Rickard-Eriksson-Team-Onze-1-1024x576.png 1024w, https:\/\/media1.stec.se\/2022\/01\/Veckans-Ambassador-Rickard-Eriksson-Team-Onze-1-768x432.png 768w, https:\/\/media1.stec.se\/2022\/01\/Veckans-Ambassador-Rickard-Eriksson-Team-Onze-1-1536x864.png 1536w, https:\/\/media1.stec.se\/2022\/01\/Veckans-Ambassador-Rickard-Eriksson-Team-Onze-1-1080x608.png 1080w, https:\/\/media1.stec.se\/2022\/01\/Veckans-Ambassador-Rickard-Eriksson-Team-Onze-1.png 1920w\" sizes=\"auto, (max-width: 300px) 100vw, 300px\" \/><\/p>\n<p>Veckans Ambassad\u00f6r Jonte S\u00f6derling Operativ Chef under Gotland Ring t\u00e4vlingen som avslutar Svensk L\u00e5ngloppsracing 2022 p\u00e5 m\u00e4ktiga Gotland Ring i Oktober. <a href=\"https:\/\/www.facebook.com\/events\/472249557649991\"><strong>Facebooktr\u00e5d\u00a0<\/strong> <\/a>Det h\u00e4ftiga med denna t\u00e4vling \u00e4r att det \u00e4r helt \u00f6ppen oavsett om du k\u00f6rt n\u00e5gon serie eller kommer helt ny med en bil som inneh\u00e5ller bur,stol,b\u00e4lte och som personlig utrustning b\u00e4r racingkl\u00e4der s\u00e5 \u00e4r du v\u00e4lkommen att vara med p\u00e5 en h\u00e4ftig t\u00e4vlingshelg. med k\u00f6rning Fredag-L\u00f6rdag-S\u00f6ndag. <a href=\"https:\/\/simplesignup.se\/event\/188119\"><strong>Bokningsl\u00e4nk finner du h\u00e4r<\/strong><\/a> som uppdateras l\u00f6pande. K\u00e4nner n\u00e5gon igen banan som Jonte p\u00e5 bilden st\u00e5r p\u00e5 ?? Bonuspris till den som skickar in r\u00e4tt svar.<\/p>\n<p><img loading=\"lazy\" decoding=\"async\" class=\"size-medium wp-image-9320 aligncenter\" src=\"http:\/\/media1.stec.se\/2022\/01\/Namnlos-design-1-300x251.png\" alt=\"\" width=\"300\" height=\"251\" srcset=\"https:\/\/media1.stec.se\/2022\/01\/Namnlos-design-1-300x251.png 300w, https:\/\/media1.stec.se\/2022\/01\/Namnlos-design-1-768x644.png 768w, https:\/\/media1.stec.se\/2022\/01\/Namnlos-design-1.png 940w\" sizes=\"auto, (max-width: 300px) 100vw, 300px\" \/><\/p>\n<p style=\"text-align: center;\"><strong>Team TMDW?\u00a0 \u00c4nnu ett mycket bra f\u00f6retag bli officiell samverkanspartner med STEC\u00a0<\/strong><\/p>\n<p><img loading=\"lazy\" decoding=\"async\" class=\"size-medium wp-image-9323 aligncenter\" src=\"http:\/\/media1.stec.se\/2022\/01\/autoracing-300x132.jpg\" alt=\"\" width=\"300\" height=\"132\" srcset=\"https:\/\/media1.stec.se\/2022\/01\/autoracing-300x132.jpg 300w, https:\/\/media1.stec.se\/2022\/01\/autoracing.jpg 339w\" sizes=\"auto, (max-width: 300px) 100vw, 300px\" \/><\/p>\n<p>G\u00e5 in p\u00e5 hemsidan eller i butiken i Sp\u00e5nga. <strong><a href=\"https:\/\/www.autoracing.se\/\">https:\/\/www.autoracing.se\/<\/a><\/strong> Best\u00e4ll med koden STEC och du f\u00e5r en rabatt som STEC Team p\u00e5 hela fantastiska sortimentet.\u00a0 Vi tackar f\u00f6r f\u00f6rtroendet Autoracing och kommer i n\u00e4sta special nummer ber\u00e4tta vad som kr\u00e4vs i personlig utrustning f\u00f6r att du ska kunna k\u00f6ra STEC Racing 2022.<\/p>\n<p><img loading=\"lazy\" decoding=\"async\" class=\"size-medium wp-image-8439 aligncenter\" src=\"http:\/\/media1.stec.se\/2021\/05\/youtube-live-300x158.png\" alt=\"\" width=\"300\" height=\"158\" srcset=\"https:\/\/media1.stec.se\/2021\/05\/youtube-live-300x158.png 300w, https:\/\/media1.stec.se\/2021\/05\/youtube-live.png 310w\" sizes=\"auto, (max-width: 300px) 100vw, 300px\" \/><\/p>\n<p>Vill du se STEC lives\u00e4nt med kamera team s\u00e5 ett steg \u00e4r att trycka p\u00e5 <a href=\"https:\/\/www.youtube.com\/channel\/UCDVUJW8_XusVy4s24maWzlg\"><strong>Prenumerera<\/strong><\/a> p\u00e5 stec Motorsport kanal. Det kostar ingenting och vi \u00e4r i skrivande stund 436\u00a0 prenumeranter.\u00a0 Det beh\u00f6vs vara 1000 stycken f\u00f6r att vissa extra finesser ska kunna tr\u00e4da in. s\u00e5 dela g\u00e4rna detta budskap.\u00a0 Under tiden s\u00e5 kommer vi s\u00f6ka hj\u00e4lp med live s\u00e4ndningen ekonomiskt och Yokohama har meddelat att de kommer vara med p\u00e5 b\u00e5de jackor och lives\u00e4ndning f\u00f6r bra marknadsf\u00f6ring.\u00a0 en rej\u00e4l lives\u00e4ndning fr\u00e5n 9-10 April \u00e4r ca 30,000 kr s\u00e5 kunde vi bli 6 f\u00f6retag som g\u00e5r samman med 5,000 kr vardera s\u00e5 \u00e4r live s\u00e4ndningen ekonomiskt i hamn. STEC kommer ta den kostnaden om Covid situationen \u00e4r s\u00e5dan att vi ej kan erbjuda publikplats precis som vi gjorde premi\u00e4ren 2021 d\u00e5 visningen hade drygt <strong><a href=\"https:\/\/www.youtube.com\/watch?v=sxh2GAEUHGs&amp;t=8454s\">4000 klickvisningar<\/a> V<\/strong>ilket \u00e4r fina siffror n\u00e4r vi pratar med sponsorer som kan vara med f\u00f6r ca 1 krona per bes\u00f6kare som ser lives\u00e4ndningen.\u00a0 Vi kikar \u00e4ven p\u00e5 n\u00e5gra andra l\u00f6sningar men arbetsplanen just nu \u00e4r att kunna visa t\u00e4vlingen p\u00e5 media i n\u00e5gon form och tips tas g\u00e4rna emot inom detta omr\u00e5de.\u00a0 3 stycken erk\u00e4nt duktiga bilsportfotografer har redan nu ans\u00f6kt om media ackreditering till premi\u00e4ren vilket vi uppskattar d\u00e5 fina foton alltid \u00e4r kul.\u00a0 Vill du vara med i fotog\u00e4nget eller k\u00f6r du dr\u00f6nare , gillar att filma s\u00e5 h\u00f6r av dig direkt f\u00f6r mer info<a href=\"mailto:stec@stec.se\"><strong> stec@stec.se<\/strong><\/a><\/p>\n\n\t\t<style type=\"text\/css\">\n\t\t\t#gallery-1 {\n\t\t\t\tmargin: auto;\n\t\t\t}\n\t\t\t#gallery-1 .gallery-item {\n\t\t\t\tfloat: left;\n\t\t\t\tmargin-top: 10px;\n\t\t\t\ttext-align: center;\n\t\t\t\twidth: 33%;\n\t\t\t}\n\t\t\t#gallery-1 img {\n\t\t\t\tborder: 2px solid #cfcfcf;\n\t\t\t}\n\t\t\t#gallery-1 .gallery-caption {\n\t\t\t\tmargin-left: 0;\n\t\t\t}\n\t\t\t\/* see gallery_shortcode() in wp-includes\/media.php *\/\n\t\t<\/style>\n\t\t<div id='gallery-1' class='gallery galleryid-9311 gallery-columns-3 gallery-size-thumbnail'><dl class='gallery-item'>\n\t\t\t<dt class='gallery-icon portrait'>\n\t\t\t\t<a href='https:\/\/stec.se\/en\/bloggen-28-april-pa-lordag-vantar-sm-finalen-2020\/press-acess-2\/'><img loading=\"lazy\" decoding=\"async\" width=\"150\" height=\"150\" src=\"https:\/\/media1.stec.se\/2019\/12\/Press-Acess-2-150x150.png\" class=\"attachment-thumbnail size-thumbnail\" alt=\"\" aria-describedby=\"gallery-1-6290\" \/><\/a>\n\t\t\t<\/dt>\n\t\t\t\t<dd class='wp-caption-text gallery-caption' id='gallery-1-6290'>\n\t\t\t\tMedia ackreditering \n\t\t\t\t<\/dd><\/dl><dl class='gallery-item'>\n\t\t\t<dt class='gallery-icon portrait'>\n\t\t\t\t<a href='https:\/\/stec.se\/en\/bloggen-13-maj-biljetter-dekaler-porsche-startanmalan-after-race-mittsverige-time-attack\/press-acess-3\/'><img loading=\"lazy\" decoding=\"async\" width=\"150\" height=\"150\" src=\"https:\/\/media1.stec.se\/2019\/12\/Press-Acess-3-150x150.png\" class=\"attachment-thumbnail size-thumbnail\" alt=\"\" aria-describedby=\"gallery-1-6291\" \/><\/a>\n\t\t\t<\/dt>\n\t\t\t\t<dd class='wp-caption-text gallery-caption' id='gallery-1-6291'>\n\t\t\t\tMedia boka din plats p\u00e5 stec@stec.se\n\t\t\t\t<\/dd><\/dl><dl class='gallery-item'>\n\t\t\t<dt class='gallery-icon landscape'>\n\t\t\t\t<a href='https:\/\/stec.se\/en\/stec-satsar-pa-livesandning-20-maj\/film\/'><img loading=\"lazy\" decoding=\"async\" width=\"150\" height=\"150\" src=\"https:\/\/media1.stec.se\/2017\/05\/film-150x150.jpg\" class=\"attachment-thumbnail size-thumbnail\" alt=\"\" \/><\/a>\n\t\t\t<\/dt><\/dl><br style=\"clear: both\" \/>\n\t\t<\/div>\n\n<p>&nbsp;<\/p>\n<p><img loading=\"lazy\" decoding=\"async\" class=\"size-medium wp-image-5205 aligncenter\" src=\"http:\/\/media1.stec.se\/2019\/06\/rollup-page-001-121x300.jpg\" alt=\"\" width=\"121\" height=\"300\" srcset=\"https:\/\/media1.stec.se\/2019\/06\/rollup-page-001-121x300.jpg 121w, https:\/\/media1.stec.se\/2019\/06\/rollup-page-001-415x1024.jpg 415w, https:\/\/media1.stec.se\/2019\/06\/rollup-page-001.jpg 477w\" sizes=\"auto, (max-width: 121px) 100vw, 121px\" \/><\/p>\n<p><img loading=\"lazy\" decoding=\"async\" class=\"alignnone size-full wp-image-9331 aligncenter\" src=\"http:\/\/media1.stec.se\/2022\/01\/strykjarn.jpg\" alt=\"\" width=\"271\" height=\"186\" \/><\/p>\n<p>Strykj\u00e4rn i STEC varf\u00f6r \u00e4r detta viktigt f\u00f6r serien!\u00a0 kika p\u00e5 filmen och n\u00e4sta veckas blogg ska vi ber\u00e4tta vilka m\u00e4rken som skall finnas 2022.<\/p>\n<p><iframe loading=\"lazy\" title=\"Guide: Hur du stryker fast tygm\u00e4rken\" width=\"1080\" height=\"608\" src=\"https:\/\/www.youtube.com\/embed\/OmAN0CPGST8?feature=oembed\" frameborder=\"0\" allow=\"accelerometer; autoplay; clipboard-write; encrypted-media; gyroscope; picture-in-picture\" allowfullscreen><\/iframe><\/p>\n<p><img loading=\"lazy\" decoding=\"async\" class=\"size-medium wp-image-5269 aligncenter\" src=\"http:\/\/media1.stec.se\/2019\/07\/efterlysning-300x112.jpg\" alt=\"\" width=\"300\" height=\"112\" srcset=\"https:\/\/media1.stec.se\/2019\/07\/efterlysning-300x112.jpg 300w, https:\/\/media1.stec.se\/2019\/07\/efterlysning.jpg 536w\" sizes=\"auto, (max-width: 300px) 100vw, 300px\" \/><\/p>\n<p>Var finns alla fina bilar som har k\u00f6rt racing tidigare sv\u00e5rt att se dessa skrotade eller nerplockade.<\/p>\n<p>Vi st\u00e4ller nu fr\u00e5gan \u00f6ppen p\u00e5 olika sociala plattformar &#8221;Vad kan STEC g\u00f6ra f\u00f6r att f\u00e5 dig tillbaka p\u00e5 banan&#8221;? Ofta \u00e4r svaret att teamet har splittrats, oense om pengar eller mektid. men bilarna m\u00e5ste finnas och vi fr\u00e5n STEC vill nu verkligen trycka p\u00e5 att erbjuda Trackday , Time-Attack , 2-4-6-10 timmars racing 2022. Det enda vi \u00f6nskar som motprestation \u00e4r att du kommer till banorna k\u00f6r snyggt f\u00f6lj de enkla regler vi satt upp med detta mycket liberala tekniska regelverk och var en bra ambassad\u00f6r innan , under , efter k\u00f6rningen. Tycker du STEC helgen var bra sprid detta tycker du n\u00e5got var fel , tokigt , underligt eller rent \u00e5t helvete s\u00e5 prata med t\u00e4vlingsledningen. STEC \u00e4r skapad av f\u00f6rare f\u00f6r f\u00f6rare f\u00f6r d\u00e5 tror vi det blir b\u00e4st.\u00a0 Ser eller h\u00f6r ni n\u00e5got team eller bil\u00e4gare som k\u00e4nner det rycker i gasfoten s\u00e5 bjud in dem till STEC 9-10 April premi\u00e4ren nu \u00f6nskar vi dig en fantastisk vecka.<\/p>\n<p>&nbsp;<\/p>\n\n\t\t<style type=\"text\/css\">\n\t\t\t#gallery-2 {\n\t\t\t\tmargin: auto;\n\t\t\t}\n\t\t\t#gallery-2 .gallery-item {\n\t\t\t\tfloat: left;\n\t\t\t\tmargin-top: 10px;\n\t\t\t\ttext-align: center;\n\t\t\t\twidth: 33%;\n\t\t\t}\n\t\t\t#gallery-2 img {\n\t\t\t\tborder: 2px solid #cfcfcf;\n\t\t\t}\n\t\t\t#gallery-2 .gallery-caption {\n\t\t\t\tmargin-left: 0;\n\t\t\t}\n\t\t\t\/* see gallery_shortcode() in wp-includes\/media.php *\/\n\t\t<\/style>\n\t\t<div id='gallery-2' class='gallery galleryid-9311 gallery-columns-3 gallery-size-thumbnail'><dl class='gallery-item'>\n\t\t\t<dt class='gallery-icon portrait'>\n\t\t\t\t<a href='https:\/\/stec.se\/en\/elmia-var-en-succe-2017\/elmia-2\/'><img loading=\"lazy\" decoding=\"async\" width=\"150\" height=\"150\" src=\"https:\/\/media1.stec.se\/2017\/04\/elmia-2-150x150.jpg\" class=\"attachment-thumbnail size-thumbnail\" alt=\"\" \/><\/a>\n\t\t\t<\/dt><\/dl><dl class='gallery-item'>\n\t\t\t<dt class='gallery-icon landscape'>\n\t\t\t\t<a href='https:\/\/stec.se\/en\/resultat-resume-och-efterspel-linkoping\/swift\/'><img loading=\"lazy\" decoding=\"async\" width=\"150\" height=\"150\" src=\"https:\/\/media1.stec.se\/2017\/05\/swift-150x150.jpg\" class=\"attachment-thumbnail size-thumbnail\" alt=\"\" \/><\/a>\n\t\t\t<\/dt><\/dl><dl class='gallery-item'>\n\t\t\t<dt class='gallery-icon landscape'>\n\t\t\t\t<a href='https:\/\/stec.se\/en\/fullstandiga-resultat-varvtider-fran-dagen\/fransson\/'><img loading=\"lazy\" decoding=\"async\" width=\"150\" height=\"150\" src=\"https:\/\/media1.stec.se\/2017\/08\/fransson-150x150.jpg\" class=\"attachment-thumbnail size-thumbnail\" alt=\"\" \/><\/a>\n\t\t\t<\/dt><\/dl><br style=\"clear: both\" \/><dl class='gallery-item'>\n\t\t\t<dt class='gallery-icon portrait'>\n\t\t\t\t<a href='https:\/\/stec.se\/en\/tut-tut-jag-vill-om\/bmc\/'><img loading=\"lazy\" decoding=\"async\" width=\"150\" height=\"150\" src=\"https:\/\/media1.stec.se\/2017\/08\/bmc-150x150.jpg\" class=\"attachment-thumbnail size-thumbnail\" alt=\"\" \/><\/a>\n\t\t\t<\/dt><\/dl><dl class='gallery-item'>\n\t\t\t<dt class='gallery-icon portrait'>\n\t\t\t\t<a href='https:\/\/stec.se\/en\/stor-trafikfara-ingen-dog\/audi-stec\/'><img loading=\"lazy\" decoding=\"async\" width=\"150\" height=\"150\" src=\"https:\/\/media1.stec.se\/2017\/09\/audi-stec-150x150.jpg\" class=\"attachment-thumbnail size-thumbnail\" alt=\"\" \/><\/a>\n\t\t\t<\/dt><\/dl><dl class='gallery-item'>\n\t\t\t<dt class='gallery-icon landscape'>\n\t\t\t\t<a href='https:\/\/stec.se\/en\/team-anmalan-till-finalen-anderstorp-1-team-om-dagen\/broms\/'><img loading=\"lazy\" decoding=\"async\" width=\"150\" height=\"150\" src=\"https:\/\/media1.stec.se\/2017\/10\/broms-150x150.jpg\" class=\"attachment-thumbnail size-thumbnail\" alt=\"\" \/><\/a>\n\t\t\t<\/dt><\/dl><br style=\"clear: both\" \/>\n\t\t<\/div>","protected":false},"excerpt":{"rendered":"<p>\u00c4nnu ett nytt team bokar \u00e5rskort\u00a0 Kent ,Rikard Isaksson och Anders Fridh\u00a0 i en konstellation som kommer bli mycket sp\u00e4nnande att f\u00f6lja. Teamet best\u00e4ller samtidigt 16 stycken d\u00e4ck. som vi diskuterade i Specialbloggen om att kunna g\u00f6ra en specialpris och f\u00e5 d\u00e4cken direkt till banan. V\u00e4lkommen till STEC 2022. Vi arbetar nu med det vi [&hellip;]<\/p>\n","protected":false},"author":2,"featured_media":7892,"comment_status":"open","ping_status":"open","sticky":false,"template":"","format":"standard","meta":{"_et_pb_use_builder":"","_et_pb_old_content":"","footnotes":""},"categories":[1],"tags":[],"class_list":["post-9311","post","type-post","status-publish","format-standard","has-post-thumbnail","hentry","category-uncategorized"],"aioseo_notices":[],"_links":{"self":[{"href":"https:\/\/stec.se\/en\/wp-json\/wp\/v2\/posts\/9311","targetHints":{"allow":["GET"]}}],"collection":[{"href":"https:\/\/stec.se\/en\/wp-json\/wp\/v2\/posts"}],"about":[{"href":"https:\/\/stec.se\/en\/wp-json\/wp\/v2\/types\/post"}],"author":[{"embeddable":true,"href":"https:\/\/stec.se\/en\/wp-json\/wp\/v2\/users\/2"}],"replies":[{"embeddable":true,"href":"https:\/\/stec.se\/en\/wp-json\/wp\/v2\/comments?post=9311"}],"version-history":[{"count":4,"href":"https:\/\/stec.se\/en\/wp-json\/wp\/v2\/posts\/9311\/revisions"}],"predecessor-version":[{"id":9332,"href":"https:\/\/stec.se\/en\/wp-json\/wp\/v2\/posts\/9311\/revisions\/9332"}],"wp:featuredmedia":[{"embeddable":true,"href":"https:\/\/stec.se\/en\/wp-json\/wp\/v2\/media\/7892"}],"wp:attachment":[{"href":"https:\/\/stec.se\/en\/wp-json\/wp\/v2\/media?parent=9311"}],"wp:term":[{"taxonomy":"category","embeddable":true,"href":"https:\/\/stec.se\/en\/wp-json\/wp\/v2\/categories?post=9311"},{"taxonomy":"post_tag","embeddable":true,"href":"https:\/\/stec.se\/en\/wp-json\/wp\/v2\/tags?post=9311"}],"curies":[{"name":"wp","href":"https:\/\/api.w.org\/{rel}","templated":true}]}}