{"id":9153,"date":"2022-01-01T20:21:58","date_gmt":"2022-01-01T20:21:58","guid":{"rendered":"http:\/\/stec.se\/?p=9153"},"modified":"2022-01-13T00:06:56","modified_gmt":"2022-01-13T00:06:56","slug":"2022-nu-tar-vi-spranget-ny-sasong-med-fler-nya-team-stec-andelsspel-specialnummer-regler","status":"publish","type":"post","link":"https:\/\/stec.se\/en\/2022-nu-tar-vi-spranget-ny-sasong-med-fler-nya-team-stec-andelsspel-specialnummer-regler\/","title":{"rendered":"2022 nu tar vi spr\u00e5nget ny s\u00e4song med fler nya team, STEC andelsspel. SPECIALNUMMER REGLER??"},"content":{"rendered":"<p><img loading=\"lazy\" decoding=\"async\" class=\"size-full wp-image-9155 aligncenter\" src=\"http:\/\/media1.stec.se\/2021\/12\/allt.jpg\" alt=\"\" width=\"158\" height=\"280\" \/>\u00a0<strong> Nytt Team<\/strong> fr\u00e5n Ljuster\u00f6 blev klart i mellandagarna .<\/p>\n<p>Team Allt i Allo med f\u00f6raren Jonas Boman st\u00e4ller upp i 2 timmars klassen. och detta med att kunna k\u00f6ra sj\u00e4lv eller med 1 kompis i 2 timmars klassen \u00e4r en perfekt l\u00f6sning f\u00f6r f\u00e5mans team. Bilen en Golf \u00e4r potent i klass 2 C och vi \u00f6nskar teamet lycka till och \u00e5rskortet \u00e4r bokat och betalt.<\/p>\n<p>&nbsp;<\/p>\n<p>Gillar du trav ? kika p\u00e5 detta spelbolag som kommer spela 7 g\u00e5nger V-75 under 2022 <a href=\"https:\/\/tillsammans.atg.se\/inbjudan\/DUO8-WBBW-177894\/_YSemwJvioL4F0NuZW2ehg==\"><strong>Click<\/strong><\/a><\/p>\n<p>Funktion\u00e4rerna f\u00e5r 5 Andelar och resten \u00e4r fritt f\u00f6r vem som helst att vara med i STEC travg\u00e4ng. Lyyyyycka till<\/p>\n<p><img loading=\"lazy\" decoding=\"async\" class=\"size-medium wp-image-9165 aligncenter\" src=\"http:\/\/media1.stec.se\/2021\/12\/Karting-Race-2022-1-300x213.png\" alt=\"\" width=\"300\" height=\"213\" srcset=\"https:\/\/media1.stec.se\/2021\/12\/Karting-Race-2022-1-300x213.png 300w, https:\/\/media1.stec.se\/2021\/12\/Karting-Race-2022-1-1024x726.png 1024w, https:\/\/media1.stec.se\/2021\/12\/Karting-Race-2022-1-768x545.png 768w, https:\/\/media1.stec.se\/2021\/12\/Karting-Race-2022-1-1536x1090.png 1536w, https:\/\/media1.stec.se\/2021\/12\/Karting-Race-2022-1-400x284.png 400w, https:\/\/media1.stec.se\/2021\/12\/Karting-Race-2022-1-1080x766.png 1080w, https:\/\/media1.stec.se\/2021\/12\/Karting-Race-2022-1.png 1748w\" sizes=\"auto, (max-width: 300px) 100vw, 300px\" \/><\/p>\n<p>Bilda ett eget Gokart race p\u00e5 Tierp Arena? Samband med STEC t\u00e4vlingarna s\u00e5 kommer vi kunna k\u00f6ra gokart p\u00e5 Tierp Arena. Nu kan du s\u00e4tta ihop ett eget g\u00e4ng och k\u00f6ra ett &#8221;l\u00e5nglopp&#8221; hela 25 minuter med 1 dep\u00e5stopp f\u00f6r f\u00f6rarbyte. Bjud g\u00e4rna in teamet , samverkanspersoner osv till en kul aktivitet under racinghelgen.<\/p>\n<p>Skapa Racing med F\u00f6retaget med STEC Audi TT bilarna 2022. Vill ni g\u00f6ra ett fartfyllt event s\u00e5 skapar vi nu m\u00f6jligheterna\u00a0 kika g\u00e4rna och prata ihop er. Kommer k\u00f6ras i samband med Krutcupen t\u00e4vlingarna.<\/p>\n<p><a href=\"http:\/\/media1.stec.se\/2021\/12\/audi-TT-Race.pdf\">audi TT Race<\/a><\/p>\n<p><strong>Fler Nya team\u00a0<\/strong><\/p>\n<p>Team OLAH-B Racing Team bygger nu p\u00e5 sin fina BMW som varit med under 2021 p\u00e5 mycket Trackday och det \u00e4r s\u00e5 kul n\u00e4r STEC Trappan fungerar . F\u00f6rste f\u00f6rare Ervin Olah-Bako fyller 15 \u00e5r just p\u00e5 dagen 10\/4. Detta vill vi lyfta att killen har k\u00f6rt mycket bana tar t\u00e4vlingslicens p\u00e5 L\u00f6rdagen den 9 April p\u00e5 Sviestad och g\u00f6r debut p\u00e5 Mantorp Park i STEC som 15 \u00e5ring.\u00a0 Grattis i f\u00f6rskott och fantastisk att STEC skapar nya f\u00f6rare.<\/p>\n<p><img loading=\"lazy\" decoding=\"async\" class=\"size-medium wp-image-9166 aligncenter\" src=\"http:\/\/media1.stec.se\/2021\/12\/image003-300x225.jpg\" alt=\"\" width=\"300\" height=\"225\" srcset=\"https:\/\/media1.stec.se\/2021\/12\/image003-300x225.jpg 300w, https:\/\/media1.stec.se\/2021\/12\/image003-1024x768.jpg 1024w, https:\/\/media1.stec.se\/2021\/12\/image003-768x576.jpg 768w, https:\/\/media1.stec.se\/2021\/12\/image003-1536x1152.jpg 1536w, https:\/\/media1.stec.se\/2021\/12\/image003-510x382.jpg 510w, https:\/\/media1.stec.se\/2021\/12\/image003-1080x810.jpg 1080w, https:\/\/media1.stec.se\/2021\/12\/image003.jpg 2016w\" sizes=\"auto, (max-width: 300px) 100vw, 300px\" \/><\/p>\n<p><strong>Samt Team som bygger nytt<\/strong><\/p>\n<div id=\"m_-7340401470901462800yMail_cursorElementTracker_1640618629167\"><span class=\"il\">Kr<\/span>&#8211;<span class=\"il\">racing<\/span><\/div>\n<div id=\"m_-7340401470901462800yMail_cursorElementTracker_1640618638877\">Glada grabbarna fr\u00e5n wermland<\/div>\n<div id=\"m_-7340401470901462800yMail_cursorElementTracker_1640618894594\">Teamchef Fredrik<\/div>\n<div id=\"m_-7340401470901462800yMail_cursorElementTracker_1640618928221\">J\u00f6rgen<\/div>\n<div id=\"m_-7340401470901462800yMail_cursorElementTracker_1640618949010\">Niklas<\/div>\n<div id=\"m_-7340401470901462800yMail_cursorElementTracker_1640618958505\">18-\u00e5rige William och<\/div>\n<div id=\"m_-7340401470901462800yMail_cursorElementTracker_1640618979572\">Dep\u00e5personalen Hugo.<\/div>\n<div id=\"m_-7340401470901462800yMail_cursorElementTracker_1640618669014\">Efter ha k\u00f6rt en bepr\u00f6vad o gammal Ford Puma s\u00e5 bygger vi nytt till n\u00e4sta s\u00e4song!<\/div>\n<div id=\"m_-7340401470901462800yMail_cursorElementTracker_1640618786928\">En fiesta st150 till 6c<\/div>\n<div id=\"m_-7340401470901462800yMail_cursorElementTracker_1640619078200\">Tanken \u00e4r v\u00e4l att vi ska va med o sl\u00e5ss om segrar n\u00e4sta s\u00e4song med<\/div>\n<div><img loading=\"lazy\" decoding=\"async\" class=\"alignnone size-medium wp-image-9240\" src=\"http:\/\/media1.stec.se\/2022\/01\/kr-racing-300x225.jpg\" alt=\"\" width=\"300\" height=\"225\" \/><\/div>\n<p>&nbsp;<\/p>\n<p><strong>STARTLISTA Mantorp<\/strong><\/p>\n<p>Ligger nu ute p\u00e5 <a href=\"https:\/\/stec.se\/en\/anmalning\/\"><strong>hemsidan<\/strong><\/a> under fliken anm\u00e4l h\u00e4r\u00a0 D\u00e4r l\u00e4gger vi \u00e4ven in team som k\u00f6pt \u00e5rskort f\u00f6r de kan aldrig bli borts\u00e5llade pga f\u00f6r m\u00e5nga team anm\u00e4lda. innan \u00c5rsskiftet s\u00e5 passade \u00e4ven team Epin och Team RB. Nu fungerar all fakturering med nya bolaget osv f\u00f6r de som \u00f6nskar en f\u00f6retagsbetalning.\u00a0 \u00a0Nu ligger ocks\u00e5 Tiderna f\u00f6r Sviestad och Mantorp uppe p\u00e5 samma sida<a href=\"https:\/\/stec.se\/en\/anmalning\/\"> https:\/\/stec.se\/anmalning\/<\/a><\/p>\n<p>P\u00e5 denna L\u00e4nk kan du boka det mesta inf\u00f6r 9-10 April <a href=\"https:\/\/simplesignup.se\/events\/188021\">KLICKA<\/a> Vi uppskattar om ni team kan g\u00f6ra detta p\u00e5 l\u00e4nken men alla startanm\u00e4lan \u00f6nskar vi forts\u00e4tta med i mail p\u00e5 stec@stec.se men just allt detta som str\u00f6m , frukost , lunch Licenser licenskurs.\u00a0 Obs f\u00f6r team som vill bli fakturerade s\u00e5 kan vi baka in licenser osv och som tidigare s\u00e5 f\u00f6r f\u00f6retag 10&amp; plus moms f\u00f6r utbildning eller kundevent osv.<\/p>\n<h2 style=\"text-align: center;\"><strong>SPECIALNUMMER REGLER VARJE NY M\u00c5NAD ??<\/strong><\/h2>\n<p><img loading=\"lazy\" decoding=\"async\" class=\"size-medium wp-image-5825 aligncenter\" src=\"http:\/\/media1.stec.se\/2019\/10\/racing-rules-300x122.png\" alt=\"\" width=\"300\" height=\"122\" srcset=\"https:\/\/media1.stec.se\/2019\/10\/racing-rules-300x122.png 300w, https:\/\/media1.stec.se\/2019\/10\/racing-rules.png 416w\" sizes=\"auto, (max-width: 300px) 100vw, 300px\" \/><\/p>\n<p>Varje Blogg som kommer ut varje ny m\u00e5nad M\u00e5ndag skall vara special nummer om regler i STEC.\u00a0 V\u00e5r ambition \u00e4r att 10 April skall alla f\u00f6rare , Team kunna STEC reglerna f\u00f6r att slippa problem p\u00e5 banan.<\/p>\n<p>Denna g\u00e5ng tar vi upp dessa 5 moment!\u00a0 L\u00e4s , dela med dig till teamets f\u00f6rare.<\/p>\n<ul>\n<li><strong>Tankning <a href=\"http:\/\/media1.stec.se\/2021\/06\/Tankning-SM-Langlopp.pdf\">Tankning SM L\u00e5nglopp<\/a>\u00a0<\/strong>Kort du f\u00e5r tanka hur du vill men Icke i f\u00f6raroverall Teamet f\u00e5r ej s\u00f6la och tankning sker uteslutande i Tankzon.<\/li>\n<\/ul>\n<p>&nbsp;<\/p>\n<ul>\n<li><strong>F\u00f6rarbyten<\/strong> <strong><a href=\"http:\/\/media1.stec.se\/2021\/06\/forarbyte-2.pdf\">f\u00f6rarbyte<\/a><\/strong>Kort f\u00f6rarbyte skall ske p\u00e5 anvisad plats eller i din dep\u00e5yta. Max 80 min f\u00f6rartid som sen efterf\u00f6ljs av minst 60 minuter vila. Trixa inte med f\u00f6rarbyten f\u00f6r det syns s\u00e5 v\u00e4l.<\/li>\n<\/ul>\n<p>&nbsp;<\/p>\n<ul>\n<li><strong>Vikt\/HK STEC Modellen <\/strong>Effekt som har m\u00e4tts p\u00e5 drivhjulen , r\u00e4knas om till motor HK.<br \/>\nDrivhjulseffekt + 13 % = motor effekt HK.<br \/>\nOch det \u00e4r <strong>MOTOR EFFEKTEN<\/strong> som STEC utg\u00e5r ifr\u00e5n n\u00e4r bilar klassas in i grupper.<br \/>\nV\u00e4gning av bilar : Bilar v\u00e4gs utan f\u00f6rare . Bilar v\u00e4gs med full tank<br \/>\nBallast i bilen : Ska bultas med 2 st M10 \/ 10 kg vikt , och placeras p\u00e5 s\u00e4ker plats ifr\u00e5n f\u00f6raren<\/li>\n<\/ul>\n<p>&nbsp;<\/p>\n<ul>\n<li>\u00a0 <strong>Anm\u00e4lan <a href=\"http:\/\/media1.stec.se\/2021\/04\/STEC-ANMALAN-START-2020-9-5.docx\">STEC-ANM\u00c4LAN-START<\/a> <\/strong>\u00a0Detta \u00e4r f\u00f6r oss i inskrivningen viktigt att du som team alltid kommer till inskrivningen direkt n\u00e4r du kommer till t\u00e4vlingen. R\u00e4cker med teamchefen mycket folk \u00e4nd\u00e5 i de ganska tr\u00e5nga utrymmet som inskrivningen besitter.<\/li>\n<\/ul>\n<p>&nbsp;<\/p>\n<ul>\n<li><strong>Besiktningen\u00a0 <a href=\"http:\/\/media1.stec.se\/2021\/04\/Besiktningsprotokoll-Egenkontroll-1.pdf\">Besiktningsprotokoll-Egenkontroll (1)<\/a><\/strong> Ha detta g\u00e4rna ifyllt varje g\u00e5ng du kommer till banan och skall besikta f\u00f6r det skall du g\u00f6ra varje g\u00e5ng? Detta kan tyckas vara f\u00e5nigt men vi \u00f6nskar fr\u00e5n STEC alltid kunna g\u00f6ra en s\u00e4kerhetsbesiktning och ev stickprov p\u00e5 v\u00e4gning , d\u00e4ck osv osv Detta \u00e4r inte p\u00e5 ngt s\u00e4tt f\u00f6r att &#8221;J\u00e4vlas&#8221; utan vi vill kunna med de medel vi har kunna st\u00e5 upp f\u00f6r att samtliga team k\u00f6rde exempelvis p\u00e5 godk\u00e4nda d\u00e4ck p\u00e5 Mantorp.\u00a0 Hur kan vi s\u00e4ga detta ? Jo genom att vi kollade alla d\u00e4ck innan start. Den modellen tror vi p\u00e5 och hoppas du gillar detta.<\/li>\n<\/ul>\n<p><img loading=\"lazy\" decoding=\"async\" class=\"size-medium wp-image-8252 aligncenter\" src=\"http:\/\/media1.stec.se\/2021\/04\/ready-to-race-300x96.png\" alt=\"\" width=\"300\" height=\"96\" \/><\/p>\n<p>Mindre \u00e4n 100 dagar kvar till 9-10 April \u00e4r du Race Ready ?\u00a0 Jag har k\u00f6rt och varit verksam i \u00f6ver 30 \u00e5r med Svensk L\u00e5ngloppsracing och tro mig planerar du inte blir det en kamp mot klockan. <a href=\"http:\/\/media1.stec.se\/2021\/03\/Check-Lista-for-tavling-inom-MHF-Motorsport.docx\">Check Lista f\u00f6r t\u00e4vling <\/a>Detta \u00e4r \u00e4r n\u00e5gra punkter som du kan ta med dig om du vill..\u00a0 Inget krav utan bara lite st\u00f6d.<\/p>\n<p><img loading=\"lazy\" decoding=\"async\" class=\"size-medium wp-image-6434 aligncenter\" src=\"http:\/\/media1.stec.se\/2020\/01\/garage-mantorp-300x197.jpg\" alt=\"\" width=\"300\" height=\"197\" srcset=\"https:\/\/media1.stec.se\/2020\/01\/garage-mantorp-300x197.jpg 300w, https:\/\/media1.stec.se\/2020\/01\/garage-mantorp-1024x672.jpg 1024w, https:\/\/media1.stec.se\/2020\/01\/garage-mantorp-768x504.jpg 768w, https:\/\/media1.stec.se\/2020\/01\/garage-mantorp-1536x1009.jpg 1536w, https:\/\/media1.stec.se\/2020\/01\/garage-mantorp-1080x709.jpg 1080w, https:\/\/media1.stec.se\/2020\/01\/garage-mantorp.jpg 1558w\" sizes=\"auto, (max-width: 300px) 100vw, 300px\" \/><\/p>\n<p><strong>BOX p\u00e5 Mantorp<\/strong> 1500 kr per team. Vill du slippa st\u00e5 ute s\u00e5 har Mantorp Park 6 Boxar d\u00e4r 2 team f\u00e5r plats. Box 1 \u00e4r alltid bokad f\u00f6r besiktningsbox och Box 6 har historiskt sett Fillbaxter bokat i god tid \u00e4ven 2022. Box 5 har Team Onze bokat S\u00e5 nu finns det 3 boxar kvar. F\u00f6rst till kvarn f\u00e5r st\u00e5 inomhus. mail <a href=\"mailto:stec@stec.se\">stec@stec.se<\/a><\/p>\n<p>10 Januari kommer n\u00e4sta STEC Blogg ut h\u00e5ll ut och fram till dess \u00f6nskar vi fr\u00e5n styrelsen en riktigt bra vecka.<\/p>\n<p>&nbsp;<\/p>\n<p>&nbsp;<\/p>\n<p>&nbsp;<\/p>\n<p>&nbsp;<\/p>","protected":false},"excerpt":{"rendered":"<p>\u00a0 Nytt Team fr\u00e5n Ljuster\u00f6 blev klart i mellandagarna . Team Allt i Allo med f\u00f6raren Jonas Boman st\u00e4ller upp i 2 timmars klassen. och detta med att kunna k\u00f6ra sj\u00e4lv eller med 1 kompis i 2 timmars klassen \u00e4r en perfekt l\u00f6sning f\u00f6r f\u00e5mans team. Bilen en Golf \u00e4r potent i klass 2 C [&hellip;]<\/p>\n","protected":false},"author":2,"featured_media":0,"comment_status":"open","ping_status":"open","sticky":false,"template":"","format":"standard","meta":{"_et_pb_use_builder":"","_et_pb_old_content":"","footnotes":""},"categories":[1],"tags":[],"class_list":["post-9153","post","type-post","status-publish","format-standard","hentry","category-uncategorized"],"aioseo_notices":[],"_links":{"self":[{"href":"https:\/\/stec.se\/en\/wp-json\/wp\/v2\/posts\/9153","targetHints":{"allow":["GET"]}}],"collection":[{"href":"https:\/\/stec.se\/en\/wp-json\/wp\/v2\/posts"}],"about":[{"href":"https:\/\/stec.se\/en\/wp-json\/wp\/v2\/types\/post"}],"author":[{"embeddable":true,"href":"https:\/\/stec.se\/en\/wp-json\/wp\/v2\/users\/2"}],"replies":[{"embeddable":true,"href":"https:\/\/stec.se\/en\/wp-json\/wp\/v2\/comments?post=9153"}],"version-history":[{"count":9,"href":"https:\/\/stec.se\/en\/wp-json\/wp\/v2\/posts\/9153\/revisions"}],"predecessor-version":[{"id":9314,"href":"https:\/\/stec.se\/en\/wp-json\/wp\/v2\/posts\/9153\/revisions\/9314"}],"wp:attachment":[{"href":"https:\/\/stec.se\/en\/wp-json\/wp\/v2\/media?parent=9153"}],"wp:term":[{"taxonomy":"category","embeddable":true,"href":"https:\/\/stec.se\/en\/wp-json\/wp\/v2\/categories?post=9153"},{"taxonomy":"post_tag","embeddable":true,"href":"https:\/\/stec.se\/en\/wp-json\/wp\/v2\/tags?post=9153"}],"curies":[{"name":"wp","href":"https:\/\/api.w.org\/{rel}","templated":true}]}}