{"id":9050,"date":"2021-12-08T22:13:27","date_gmt":"2021-12-08T22:13:27","guid":{"rendered":"http:\/\/stec.se\/?p=9050"},"modified":"2021-12-10T11:51:33","modified_gmt":"2021-12-10T11:51:33","slug":"lucia-bloggen-13-december-fler-datum-arbetet-med-stec-krutcupens-betydelse","status":"publish","type":"post","link":"https:\/\/stec.se\/en\/lucia-bloggen-13-december-fler-datum-arbetet-med-stec-krutcupens-betydelse\/","title":{"rendered":"Lucia Bloggen 13 December  Fler Datum, Arbetet med STEC, Krutcupens betydelse."},"content":{"rendered":"<p>Lucia nummer 13 December<\/p>\n<p><img loading=\"lazy\" decoding=\"async\" class=\"size-medium wp-image-6680 aligncenter\" src=\"http:\/\/media1.stec.se\/2020\/03\/corona-1-300x169.jpg\" alt=\"\" width=\"300\" height=\"169\" srcset=\"https:\/\/media1.stec.se\/2020\/03\/corona-1-300x169.jpg 300w, https:\/\/media1.stec.se\/2020\/03\/corona-1-1024x576.jpg 1024w, https:\/\/media1.stec.se\/2020\/03\/corona-1-768x432.jpg 768w, https:\/\/media1.stec.se\/2020\/03\/corona-1.jpg 1040w\" sizes=\"auto, (max-width: 300px) 100vw, 300px\" \/><\/p>\n<p>13 December 2020 var det n\u00e4ra att hela STEC kastades i soptunnan ? Jag satt mitt uppe i en Lock Down situation med mask och uteg\u00e5ngsf\u00f6rbud. Jag l\u00e4ste tidningar och s\u00e5g Elitserien som ett riktm\u00e4rke men det s\u00e5g allt annat \u00e4n ljust ut!\u00a0 <a href=\"https:\/\/www.swehockey.se\/Covid-19\/Covid-19\/sifkommenterar19december\">Hemsidan\u00a0<\/a><\/p>\n<p>Jag hade kontakt med Polis och tillst\u00e5ndsmyndigheter samt ban\u00e4gare. Ingen visste och framf\u00f6r allt vad skulle f\u00f6rarna och teamen tycka? Jag klurade och kikade p\u00e5 hur gjorde branschkollegorna?\u00a0 och jag pratade med mina f\u00f6rebilder. Bollplanken som \u00e4r viktiga i medg\u00e5ng men framf\u00f6r allt n\u00e4r det \u00e4r jobbigt.<\/p>\n<p><img loading=\"lazy\" decoding=\"async\" class=\"size-medium wp-image-9052 aligncenter\" src=\"http:\/\/media1.stec.se\/2021\/12\/entrepenor-300x169.jpg\" alt=\"\" width=\"300\" height=\"169\" srcset=\"https:\/\/media1.stec.se\/2021\/12\/entrepenor-300x169.jpg 300w, https:\/\/media1.stec.se\/2021\/12\/entrepenor-1024x576.jpg 1024w, https:\/\/media1.stec.se\/2021\/12\/entrepenor-768x432.jpg 768w, https:\/\/media1.stec.se\/2021\/12\/entrepenor-1080x608.jpg 1080w, https:\/\/media1.stec.se\/2021\/12\/entrepenor.jpg 1280w\" sizes=\"auto, (max-width: 300px) 100vw, 300px\" \/><\/p>\n<p>L\u00f6sningen var att STEC har SM statusen i L\u00e5nglopp? Jag fick papper fr\u00e5n Polisens jurist att Elitidrott var till\u00e5tet om vi kunde kontrollera att ingen publik kunde komma in p\u00e5 omr\u00e5det. Hurra vi kunde starta serien och k\u00f6ra p\u00e5 trots flera andra fick st\u00e4lla in t\u00e4vlingarna s\u00e5 kunde SM k\u00f6ra hela serien 2021. Tack alla som var med och tack Glenn?<\/p>\n<p><img loading=\"lazy\" decoding=\"async\" class=\"size-medium wp-image-9053 aligncenter\" src=\"http:\/\/media1.stec.se\/2021\/12\/glenn-300x169.jpg\" alt=\"\" width=\"300\" height=\"169\" \/><\/p>\n<p>Glenn Olsson vad har han med STEC att g\u00f6ra ? Glenn \u00e4r Svenska Rallyt starka man och f\u00f6r mig en f\u00f6rebild som sl\u00e5ss mot starka krafter som FIA,V\u00e4der och nu \u00e4ven samer? Men han skapar verksamhet och \u00e4r mycket l\u00f6sningsorienterad och jag har honom som en stark f\u00f6rebild. Inf\u00f6r 2022 har STEC mycket aktivt ja vi har b\u00f6nat , tjatat och f\u00f6rs\u00f6kt f\u00e5 till 1 helg p\u00e5 Geller\u00e5sen och 1 helg p\u00e5 Kinnekulle samt Ring Knutstorp. Men samtliga ban\u00e4gare har tyv\u00e4rr inte lyckats f\u00e5 fram ett datum 2022. V\u00e5r ambition var 7 t\u00e4vlingar p\u00e5 7 olika banor.\u00a0 Nu f\u00e5r det bli 7 t\u00e4vlingar p\u00e5 4 olika banor d\u00e5 \u00e4ven Rudskogen haft sv\u00e5rt att komma fram med datum.\u00a0 Jag vill inte tro det \u00e4r politik eller n\u00e5got annat som ligger bakom detta utan vi f\u00f6rs\u00f6ker igen inf\u00f6r 2023.<\/p>\n<p><img loading=\"lazy\" decoding=\"async\" class=\"size-medium wp-image-9044 aligncenter\" src=\"http:\/\/media1.stec.se\/2021\/12\/9-10-April-2022-1-300x150.png\" alt=\"\" width=\"300\" height=\"150\" srcset=\"https:\/\/media1.stec.se\/2021\/12\/9-10-April-2022-1-300x150.png 300w, https:\/\/media1.stec.se\/2021\/12\/9-10-April-2022-1.png 318w\" sizes=\"auto, (max-width: 300px) 100vw, 300px\" \/><\/p>\n<h2 style=\"text-align: center;\"><strong>9-10 April Notera i kalendern<\/strong><\/h2>\n<p>Vi ber samtliga att notera 9-10 April i kalendern f\u00f6r det \u00e4r d\u00e5 det startar 2022.<\/p>\n<p>Krutcupen kommer k\u00f6ra 2+4 timmars race 9 April\u00a0 Premi\u00e4r\u00a0 STEC kommer ha test av bilarna men \u00e4ven viktiga Licenskurs och besiktning av t\u00e4vlingsbilar samt teamchefsm\u00f6te. Tiderna kommer komma upp under v\u00e5ren men kom inte och s\u00e4g att du inte hade koll p\u00e5 detta datum.\u00a0 D\u00e4cken , transpondrar , lampor skall finnas och fungera denna helg..\u00a0 Funktion\u00e4rerna skall trimmas in och hela organisationen skall nu toppas.<\/p>\n<p><img loading=\"lazy\" decoding=\"async\" class=\"size-medium wp-image-9042 aligncenter\" src=\"http:\/\/media1.stec.se\/2021\/12\/Julklappstips-for-gasglada-300x251.png\" alt=\"\" width=\"300\" height=\"251\" \/><\/p>\n<p>Julklappstips finner du h\u00e4r <a href=\"https:\/\/simplesignup.se\/event\/187300-julklappstips-till-gasglada\"><strong>KLICKA<\/strong><\/a> Saknar du n\u00e5gon present h\u00f6r g\u00e4rna av <a href=\"\/en\/stec@stec.se\/\">dig<\/a> f\u00f6r skr\u00e4ddarsytt paket<\/p>\n<p><img loading=\"lazy\" decoding=\"async\" class=\"size-medium wp-image-7268 aligncenter\" src=\"http:\/\/media1.stec.se\/2020\/08\/krutcupen-enkel-bilsport-300x264.jpg\" alt=\"\" width=\"300\" height=\"264\" srcset=\"https:\/\/media1.stec.se\/2020\/08\/krutcupen-enkel-bilsport-300x264.jpg 300w, https:\/\/media1.stec.se\/2020\/08\/krutcupen-enkel-bilsport-1024x902.jpg 1024w, https:\/\/media1.stec.se\/2020\/08\/krutcupen-enkel-bilsport-768x676.jpg 768w, https:\/\/media1.stec.se\/2020\/08\/krutcupen-enkel-bilsport-1536x1352.jpg 1536w, https:\/\/media1.stec.se\/2020\/08\/krutcupen-enkel-bilsport-2048x1803.jpg 2048w, https:\/\/media1.stec.se\/2020\/08\/krutcupen-enkel-bilsport-1080x951.jpg 1080w\" sizes=\"auto, (max-width: 300px) 100vw, 300px\" \/><\/p>\n<p><a href=\"http:\/\/www.krutcupen.se\">Krutcupen 2022!\u00a0<\/a> STEC har ett n\u00e4ra samarbete med Krutcupen och det \u00e4r en mycket viktig del 2021 f\u00f6r att kunna erbjuda &#8221;Enkel Racing&#8221;\u00a0 STEC kommer inte k\u00f6ra samtidigt som Krutcupen men vi kommer finna gemensamma helger som exempelvis 9 -10 April. Vi ber er f\u00f6rare och team att alltid ha en bra framtoning mot v\u00e5ra v\u00e4nner i Krutcupen f\u00f6r de skapar nya team i STEC och detta i symbios och varje \u00e5r kommer det team till STEC fr\u00e5n Krutcupen.<\/p>\n<p><img loading=\"lazy\" decoding=\"async\" class=\"size-medium wp-image-8944 aligncenter\" src=\"http:\/\/media1.stec.se\/2021\/10\/Langlopp-racing-licens-4-300x171.png\" alt=\"\" width=\"300\" height=\"171\" \/><\/p>\n<p>Betalning inf\u00f6r \u00e5rsskiftet kan ske p\u00e5 2021 \u00e5rs f\u00f6retagsfaktura.\u00a0 \u00e5rskort 27,000+Moms f\u00f6r f\u00f6retag f\u00f6r privatpersoner kan vi fakturera utan moms. Priset \u00f6kar med 1000 kr sen per m\u00e5nad precis som i fjol. .<\/p>\n<p>Nytt team som vill prova STEC 2022 kan g\u00f6ra detta med gratis startavgift p\u00e5 Mantorp Park 10 April. Dock kommer vi \u00f6nska att teamet \u00e4r med och g\u00e5r Licenskurs den 9 April och g\u00f6r en vagnbok f\u00f6r 500 kr s\u00e5 vi vet vilken klass teamet skall starta i samt att vi kollar bur,stol,b\u00e4lte som ska vara av racing modell.\u00a0 Beh\u00f6ver ej vara FIA m\u00e4rkt men skall vara sjysta grejer d\u00e5 det handlar om din s\u00e4kerhet precis som personlig utrustning.<\/p>\n\n\t\t<style type=\"text\/css\">\n\t\t\t#gallery-1 {\n\t\t\t\tmargin: auto;\n\t\t\t}\n\t\t\t#gallery-1 .gallery-item {\n\t\t\t\tfloat: left;\n\t\t\t\tmargin-top: 10px;\n\t\t\t\ttext-align: center;\n\t\t\t\twidth: 33%;\n\t\t\t}\n\t\t\t#gallery-1 img {\n\t\t\t\tborder: 2px solid #cfcfcf;\n\t\t\t}\n\t\t\t#gallery-1 .gallery-caption {\n\t\t\t\tmargin-left: 0;\n\t\t\t}\n\t\t\t\/* see gallery_shortcode() in wp-includes\/media.php *\/\n\t\t<\/style>\n\t\t<div id='gallery-1' class='gallery galleryid-9050 gallery-columns-3 gallery-size-thumbnail'><dl class='gallery-item'>\n\t\t\t<dt class='gallery-icon landscape'>\n\t\t\t\t<a href='https:\/\/stec.se\/en\/lucia-bloggen-13-december-fler-datum-arbetet-med-stec-krutcupens-betydelse\/amb-1-2\/'><img loading=\"lazy\" decoding=\"async\" width=\"150\" height=\"150\" src=\"https:\/\/media1.stec.se\/2021\/12\/AMB-1-150x150.jpg\" class=\"attachment-thumbnail size-thumbnail\" alt=\"\" \/><\/a>\n\t\t\t<\/dt><\/dl><dl class='gallery-item'>\n\t\t\t<dt class='gallery-icon landscape'>\n\t\t\t\t<a href='https:\/\/stec.se\/en\/bloggen-20-september-sviestad-vilket-race-finalen-pa-gotland-ring\/corner-weight\/'><img loading=\"lazy\" decoding=\"async\" width=\"150\" height=\"150\" src=\"https:\/\/media1.stec.se\/2021\/09\/corner-weight-150x150.jpg\" class=\"attachment-thumbnail size-thumbnail\" alt=\"\" \/><\/a>\n\t\t\t<\/dt><\/dl><dl class='gallery-item'>\n\t\t\t<dt class='gallery-icon landscape'>\n\t\t\t\t<a href='https:\/\/stec.se\/en\/bloggen-20-september-sviestad-vilket-race-finalen-pa-gotland-ring\/laseserr\/'><img loading=\"lazy\" decoding=\"async\" width=\"150\" height=\"150\" src=\"https:\/\/media1.stec.se\/2021\/09\/laseserr-150x150.jpg\" class=\"attachment-thumbnail size-thumbnail\" alt=\"\" srcset=\"https:\/\/media1.stec.se\/2021\/09\/laseserr-150x150.jpg 150w, https:\/\/media1.stec.se\/2021\/09\/laseserr.jpg 225w\" sizes=\"auto, (max-width: 150px) 100vw, 150px\" \/><\/a>\n\t\t\t<\/dt><\/dl><br style=\"clear: both\" \/>\n\t\t<\/div>\n\n<p><img loading=\"lazy\" decoding=\"async\" class=\"alignnone size-medium wp-image-8877\" src=\"http:\/\/media1.stec.se\/2021\/09\/dyno-300x225.jpg\" alt=\"\" width=\"300\" height=\"225\" srcset=\"https:\/\/media1.stec.se\/2021\/09\/dyno-300x225.jpg 300w, https:\/\/media1.stec.se\/2021\/09\/dyno-768x576.jpg 768w, https:\/\/media1.stec.se\/2021\/09\/dyno-510x382.jpg 510w, https:\/\/media1.stec.se\/2021\/09\/dyno.jpg 1024w\" sizes=\"auto, (max-width: 300px) 100vw, 300px\" \/><img loading=\"lazy\" decoding=\"async\" class=\"alignnone size-medium wp-image-9055\" src=\"http:\/\/media1.stec.se\/2021\/12\/NTSS-PUCK-225x300.jpg\" alt=\"\" width=\"225\" height=\"300\" srcset=\"https:\/\/media1.stec.se\/2021\/12\/NTSS-PUCK-225x300.jpg 225w, https:\/\/media1.stec.se\/2021\/12\/NTSS-PUCK.jpg 525w\" sizes=\"auto, (max-width: 225px) 100vw, 225px\" \/><\/p>\n<p>Dessa redskap kommer STEC kunna anv\u00e4nda oss av under 2022 f\u00f6r att kunna s\u00e5 s\u00e4kert som m\u00f6jligt &#8221;R\u00e4ttvis Racing&#8221;\u00a0 KLASS A beh\u00f6ver ej m\u00e4ta p\u00e5 dyno men B och C skall efter dialog med tekniska gruppen m\u00e4ta bilen och det kommer bli kontroller under \u00e5ret.\u00a0 och det \u00e4r enbart STEC m\u00e4tmetoder som g\u00e4ller i STEC villkorsl\u00f6st. Bilen v\u00e4gs utan f\u00f6rare fulltankad. Hastigheten m\u00e4ts p\u00e5 flertal punkter p\u00e5 banan som ett redskap f\u00f6r v\u00e5r bed\u00f6mning. V\u00e5gen kommer finnas med p\u00e5 varje t\u00e4vling f\u00f6r av t\u00e4vlingsledningen utvalda v\u00e4gningar. Detta f\u00f6r du som t\u00e4vlande skall veta att vi g\u00f6r allt vi praktiskt kan f\u00f6r att s\u00e4kerst\u00e4lla STEC som en r\u00e4ttvis t\u00e4vlingsserie. Finner vi anledning att flytta upp eller ner team under s\u00e4songen s\u00e5 kommer detta diskuteras intern med teamchefen och synas i resultat listan.\u00a0 Vi v\u00e4djar ocks\u00e5 till teamen att byter man motor eller motoroptimera man under s\u00e4song s\u00e5 prata med oss innan start allt f\u00f6r att ingen ska beh\u00f6va k\u00e4nna sig som en fuskare.<\/p>\n\n\t\t<style type=\"text\/css\">\n\t\t\t#gallery-2 {\n\t\t\t\tmargin: auto;\n\t\t\t}\n\t\t\t#gallery-2 .gallery-item {\n\t\t\t\tfloat: left;\n\t\t\t\tmargin-top: 10px;\n\t\t\t\ttext-align: center;\n\t\t\t\twidth: 33%;\n\t\t\t}\n\t\t\t#gallery-2 img {\n\t\t\t\tborder: 2px solid #cfcfcf;\n\t\t\t}\n\t\t\t#gallery-2 .gallery-caption {\n\t\t\t\tmargin-left: 0;\n\t\t\t}\n\t\t\t\/* see gallery_shortcode() in wp-includes\/media.php *\/\n\t\t<\/style>\n\t\t<div id='gallery-2' class='gallery galleryid-9050 gallery-columns-3 gallery-size-thumbnail'><dl class='gallery-item'>\n\t\t\t<dt class='gallery-icon landscape'>\n\t\t\t\t<a href='https:\/\/stec.se\/en\/gotland-2020-2022-stec-light-haftig-premiar-i-tcr-gt4-nordic\/jackor\/'><img loading=\"lazy\" decoding=\"async\" width=\"150\" height=\"150\" src=\"https:\/\/media1.stec.se\/2019\/05\/jackor-150x150.png\" class=\"attachment-thumbnail size-thumbnail\" alt=\"\" \/><\/a>\n\t\t\t<\/dt><\/dl><dl class='gallery-item'>\n\t\t\t<dt class='gallery-icon landscape'>\n\t\t\t\t<a href='https:\/\/stec.se\/en\/stec-blogg-15-februari-finalen-ar-bestamd-fler-team-media-fullt-ut-samt-teamonze\/krutcupen-jacka-2\/'><img loading=\"lazy\" decoding=\"async\" width=\"150\" height=\"150\" src=\"https:\/\/media1.stec.se\/2021\/02\/krutcupen-jacka-150x150.png\" class=\"attachment-thumbnail size-thumbnail\" alt=\"\" \/><\/a>\n\t\t\t<\/dt><\/dl>\n\t\t\t<br style='clear: both' \/>\n\t\t<\/div>\n\n<p>Jackorna kommer best\u00e4llas inom kort och just nu \u00e4r det<\/p>\n<p>Yokohama , Garmin , Vettris, GP Store, Mekdelar, , Starkeberg betong och STAKK som visat intresse det finns plats f\u00f6r n\u00e5gra platser till s\u00e5 passa p\u00e5 f\u00f6r en blygsam avgift 4,995\u00a0 kommer ditt varum\u00e4rke synas ordentligt.\u00a0 Jackorna kommer s\u00e4ljas f\u00f6r blygsamma 250 kronor p\u00e5 Sviestad,Mantorp s\u00e5 skapas det en bra win-win.<\/p>\n<p style=\"text-align: center;\"><strong>Kanske det roligaste uppl\u00e4gget n\u00e5gonsin &#8221;Beat the Boss&#8221;<\/strong><\/p>\n<p>Detta erbjuder nu STEC 2022 med Audi TT bilarna eller om f\u00f6retaget kommer med egna fordon all bokning f\u00f6retagsevent p\u00e5 <a href=\"mailto:stec@stec.se\">stec@stec.se<\/a><\/p>\n<p><iframe loading=\"lazy\" title=\"BEAT THE BOSS | Toto vs. Lewis vs. Valtteri!!\" width=\"1080\" height=\"608\" src=\"https:\/\/www.youtube.com\/embed\/Z-dEECdYabs?feature=oembed\" frameborder=\"0\" allow=\"accelerometer; autoplay; clipboard-write; encrypted-media; gyroscope; picture-in-picture\" allowfullscreen><\/iframe><\/p>\n<h3 style=\"text-align: center;\"><strong>NYTT DATUM # 3<\/strong><\/h3>\n<p><img loading=\"lazy\" decoding=\"async\" class=\"wp-image-9059 aligncenter\" src=\"http:\/\/media1.stec.se\/2021\/12\/ARENA-RALLY-1-MAJ-2-Juli-25-September-30-Oktober-1-300x169.png\" alt=\"\" width=\"453\" height=\"255\" \/><\/p>\n<div class=\"kvgmc6g5 cxmmr5t8 oygrvhab hcukyx3x c1et5uql ii04i59q\">\n<div dir=\"auto\">Obs justera kalendern till sista helgen i Maj.\u00a0 Vi ber om urs\u00e4kt f\u00f6r ev problem.<\/div>\n<div dir=\"auto\"># 3 Tierp Arena<\/div>\n<\/div>\n<div class=\"cxmmr5t8 oygrvhab hcukyx3x c1et5uql o9v6fnle ii04i59q\">\n<div dir=\"auto\">6 Timmars L\u00f6rdag<\/div>\n<div dir=\"auto\">2+4 Timmars S\u00f6ndag<\/div>\n<div dir=\"auto\">10 Timmars L\u00f6rdag+S\u00f6ndag<\/div>\n<\/div>\n<div class=\"cxmmr5t8 oygrvhab hcukyx3x c1et5uql o9v6fnle ii04i59q\">\n<div dir=\"auto\">Klass A,B,C + GT-OPEN<\/div>\n<\/div>\n<div class=\"cxmmr5t8 oygrvhab hcukyx3x c1et5uql o9v6fnle ii04i59q\">\n<div dir=\"auto\">Helgen ing\u00e5r i <a class=\"oajrlxb2 g5ia77u1 qu0x051f esr5mh6w e9989ue4 r7d6kgcz rq0escxv nhd2j8a9 nc684nl6 p7hjln8o kvgmc6g5 cxmmr5t8 oygrvhab hcukyx3x jb3vyjys rz4wbd8a qt6c0cv9 a8nywdso i1ao9s8h esuyzwwr f1sip0of lzcic4wl gpro0wi8 py34i1dx\" tabindex=\"0\" role=\"link\" href=\"http:\/\/www.tierpmotorfestival.se\/?fbclid=IwAR0f9RTWPhJYPMhNNAmtfyT00a2z6Q8W9AyjLqD5vRTLF-cth38abfoN0rM\" target=\"_blank\" rel=\"nofollow noopener\">www.tierpmotorfestival.se<\/a><\/div>\n<\/div>","protected":false},"excerpt":{"rendered":"<p>Lucia nummer 13 December 13 December 2020 var det n\u00e4ra att hela STEC kastades i soptunnan ? Jag satt mitt uppe i en Lock Down situation med mask och uteg\u00e5ngsf\u00f6rbud. Jag l\u00e4ste tidningar och s\u00e5g Elitserien som ett riktm\u00e4rke men det s\u00e5g allt annat \u00e4n ljust ut!\u00a0 Hemsidan\u00a0 Jag hade kontakt med Polis och tillst\u00e5ndsmyndigheter [&hellip;]<\/p>\n","protected":false},"author":2,"featured_media":0,"comment_status":"open","ping_status":"open","sticky":false,"template":"","format":"standard","meta":{"_et_pb_use_builder":"","_et_pb_old_content":"","footnotes":""},"categories":[1],"tags":[],"class_list":["post-9050","post","type-post","status-publish","format-standard","hentry","category-uncategorized"],"aioseo_notices":[],"_links":{"self":[{"href":"https:\/\/stec.se\/en\/wp-json\/wp\/v2\/posts\/9050","targetHints":{"allow":["GET"]}}],"collection":[{"href":"https:\/\/stec.se\/en\/wp-json\/wp\/v2\/posts"}],"about":[{"href":"https:\/\/stec.se\/en\/wp-json\/wp\/v2\/types\/post"}],"author":[{"embeddable":true,"href":"https:\/\/stec.se\/en\/wp-json\/wp\/v2\/users\/2"}],"replies":[{"embeddable":true,"href":"https:\/\/stec.se\/en\/wp-json\/wp\/v2\/comments?post=9050"}],"version-history":[{"count":4,"href":"https:\/\/stec.se\/en\/wp-json\/wp\/v2\/posts\/9050\/revisions"}],"predecessor-version":[{"id":9061,"href":"https:\/\/stec.se\/en\/wp-json\/wp\/v2\/posts\/9050\/revisions\/9061"}],"wp:attachment":[{"href":"https:\/\/stec.se\/en\/wp-json\/wp\/v2\/media?parent=9050"}],"wp:term":[{"taxonomy":"category","embeddable":true,"href":"https:\/\/stec.se\/en\/wp-json\/wp\/v2\/categories?post=9050"},{"taxonomy":"post_tag","embeddable":true,"href":"https:\/\/stec.se\/en\/wp-json\/wp\/v2\/tags?post=9050"}],"curies":[{"name":"wp","href":"https:\/\/api.w.org\/{rel}","templated":true}]}}