{"id":8904,"date":"2021-10-11T09:08:17","date_gmt":"2021-10-11T09:08:17","guid":{"rendered":"http:\/\/stec.se\/?p=8904"},"modified":"2021-10-11T09:08:17","modified_gmt":"2021-10-11T09:08:17","slug":"mandagsblogg-med-efteranalyser-resultat-och-vad-gor-man-i-180-dagar","status":"publish","type":"post","link":"https:\/\/stec.se\/en\/mandagsblogg-med-efteranalyser-resultat-och-vad-gor-man-i-180-dagar\/","title":{"rendered":"M\u00e5ndagsblogg med efteranalyser , resultat , och vad g\u00f6r man i 180 dagar ?"},"content":{"rendered":"<p><img loading=\"lazy\" decoding=\"async\" class=\"size-medium wp-image-8906 aligncenter\" src=\"http:\/\/media1.stec.se\/2021\/10\/Langlopp-racing-licens-1-1-300x171.png\" alt=\"\" width=\"300\" height=\"171\" \/><\/p>\n<p>Bloggen 11\/10 2021<\/p>\n<p>F\u00f6rsta Team som Best\u00e4ller S\u00e4songskort<\/p>\n<p><strong>Team P&amp;D fr\u00e5n Mekonomen Bilverkstad \u00d6rebro med Audi<\/strong><\/p>\n<p>Detta gl\u00e4der oss mycket att kunna f\u00e5 in lista p\u00e5 team som s\u00e4kerst\u00e4ller serien och skapar en grund.\u00a0 M\u00e5let \u00e4r att kunna innan ny\u00e5rsafton leverera 20 stycken \u00e5rskort g\u00e4rna utspridda i klasserna. Det \u00e4r ju \u00e4ven naturligtvis en ekonomiskt fr\u00e5ga d\u00e5 banorna \u00f6nskar i flera fall f\u00f6rskottshyror f\u00f6r att s\u00e4kra avtalet med STEC.\u00a0 S\u00e5 v\u00e5r v\u00e4djan \u00e4r att har ni beslutat att k\u00f6ra s\u00e5 skicka in er \u00e5rsavgift. Dels f\u00e5r ni b\u00e4ttre pris med flera 1000 lappar s\u00e4nkt avgift\u00a0 och det skapar en som sagt en bra grundstomme.\u00a0 F\u00f6rare som har exempelvis friskv\u00e5rdsbidrag kan ta detta kvitto till sin arbetsgivare d\u00e5 denna form av motorsport \u00e4r godk\u00e4nd av skatteverket som friskv\u00e5rdsbidrag.<\/p>\n<p><img loading=\"lazy\" decoding=\"async\" class=\"size-medium wp-image-8868 aligncenter\" src=\"http:\/\/media1.stec.se\/2021\/09\/jacka-300x197.jpg\" alt=\"\" width=\"300\" height=\"197\" srcset=\"https:\/\/media1.stec.se\/2021\/09\/jacka-300x197.jpg 300w, https:\/\/media1.stec.se\/2021\/09\/jacka-1024x674.jpg 1024w, https:\/\/media1.stec.se\/2021\/09\/jacka-768x505.jpg 768w, https:\/\/media1.stec.se\/2021\/09\/jacka.jpg 1026w\" sizes=\"auto, (max-width: 300px) 100vw, 300px\" \/><\/p>\n<p>Yokohama g\u00e5r in som klassponsor till 4 C med 10,000 kronor och samma summa i\u00a0 6 C\u00a0 Lillsia som vann den\u00a0 6 C\u00a0 klassen i L\u00f6rdag erh\u00f6ll 32,000 kronor till teamets budget vilket var otroligt kul att f\u00e5 dela ut som en bra sporre. Nu s\u00f6ker vi F\u00f6retag som vill vara med 2022 f\u00f6r att lyfta serien. Nya Jackor \u00e4r f\u00f6rbokade och det blir en m\u00f6rkare bl\u00e5 \u00e4n p\u00e5 bilden och prisbilden \u00e4r 4,995 kr per logga\u00a0 s\u00e5 kika med kass\u00f6ren om inte ni ska synas med. Tanken \u00e4r ocks\u00e5 nya skjortor , tr\u00f6jor ska komma till 2022 men vi beh\u00f6ver f\u00e5 loggan innan senast ny\u00e5r f\u00f6r att allt ska k\u00e4nnas bra inf\u00f6r 10 April 2022.<\/p>\n<p>&nbsp;<\/p>\n<p><img loading=\"lazy\" decoding=\"async\" class=\"alignnone size-medium wp-image-8905 aligncenter\" src=\"http:\/\/media1.stec.se\/2021\/10\/Valkommen-SM-RACING-4-1-300x251.png\" alt=\"\" width=\"300\" height=\"251\" srcset=\"https:\/\/media1.stec.se\/2021\/10\/Valkommen-SM-RACING-4-1-300x251.png 300w, https:\/\/media1.stec.se\/2021\/10\/Valkommen-SM-RACING-4-1-768x644.png 768w, https:\/\/media1.stec.se\/2021\/10\/Valkommen-SM-RACING-4-1.png 940w\" sizes=\"auto, (max-width: 300px) 100vw, 300px\" \/><\/p>\n<p>Kort Resum\u00e9 fr\u00e5n Hasse.<\/p>\n<p>F\u00f6r ca 10 M\u00e5nader sedan var jag oerh\u00f6rt stressad och orolig. Jag satt p\u00e5 jobbet som Racing instrukt\u00f6r i Portugal och banan var st\u00e4ngd. Pandemin var total med uteg\u00e5ngsf\u00f6rbud , masker, handsprit och jag s\u00e5g bara r\u00e4dsla hos de m\u00e4nniskor jag m\u00f6tte.\u00a0 Polistillst\u00e5nden skrev att det inte finns en chans det blir race, Ban\u00e4garna var lika oroliga ledsna som jag. Jag b\u00f6rjade leta l\u00f6sningar svaret blev PUBLIK FRIA race.\u00a0 SBF kontrade d\u00e5 med att inte bevilja t\u00e4vlingstillst\u00e5nd f\u00f6r n\u00e5gon form av bilsport.\u00a0 Men &#8221;argbiggan&#8221; Hasse malde p\u00e5 och kontakten med Tierp , Mantorp , Sviestad blev allt t\u00e4tare och vi kunde starta i April p\u00e5 Mantorp. Polisen kom f\u00f6rbi och h\u00e4lsade fick en kopp kaffe och sen \u00e5kte vidare. &#8221;Pust&#8221; hade inte varit roligt att f\u00e5tt ett myndighetspapper i handen med texten &#8221;\u00c5tal f\u00f6r icke f\u00f6ljt pandemilagen&#8221;\u00a0 =Utrym banan\u00a0 Men allt gick bra utom sn\u00f6ov\u00e4dret som kom p\u00e5 slutet.\u00a0 Men det som var den stora positiviteten var F\u00f6rarnas f\u00f6rtroende och teamen\u00a0 \u00f6ver 40 team p\u00e5 Mantorp vilket \u00e4r otroligt p\u00e5 en S\u00f6ndag i i en v\u00e4rld som s\u00e5g allt annat \u00e4n ljust ut.<\/p>\n<p>1 Maj kom och eftersom vi inte brukar demonstrera den dagen s\u00e5 passade det bra med racing. Tierp bj\u00f6d p\u00e5 en ny banstr\u00e4ckning f\u00f6rbi &#8221;diket&#8221; och gjorde den \u00e4ven n\u00e4stan 400 meter l\u00e4ngre till f\u00f6rarna och publikens f\u00f6rtjusning s\u00e5 satsa p\u00e5 att ta med publiken till framf\u00f6r allt Tierp som \u00e4r en fantastisk publikbana d\u00e4r man ser mycket stora delar av banan men \u00e4ven f\u00e5 komma riktigt n\u00e4ra bilar och teamens kamp.<\/p>\n<p>Juni p\u00e5 fina Sviestad en bana som jag vill hylla och som 2022 f\u00e5r bygga denna efterl\u00e4ngtade bra \u00f6ver banan s\u00e5 publiken kan smidigt g\u00e5 \u00f6ver och slippa springa &#8221;kamikaze&#8221; \u00f6ver banan under p\u00e5g\u00e5ende race.\u00a0 N\u00e4stan 50 bilar anm\u00e4lda jag tror det slutade med 44 och \u00e5ter igen kom anklagelserna om vilket &#8221;idiot, s\u00e4kerhets icke t\u00e4nkande&#8221;\u00a0 m\u00e4nniska jag \u00e4r. Det skulle sluta med blodbad och bilar skulle krascha i stora antal?\u00a0 Racet var cloose racing javisst men det \u00e4r ju underbart n\u00e4r det \u00e4r just tight sjyst racing. Blodbadet blev om intet och jag tror m\u00e5nga tycket det racet var som kidsen s\u00e4ger &#8221;Awesome&#8221;<\/p>\n<p>Juli M\u00e5nad och vi st\u00e4llde GPS p\u00e5 Mittsverigebanan och 2,4,6 samt 12 timmars race. M\u00e5nga hade aldrig k\u00f6rt p\u00e5 Mittsverige en bana med som \u00e4r lite styvt 2 kilometer men med hela 27 h\u00f6jdmeter.\u00a0 Det blev ett riktigt bra race d\u00e4r vi sl\u00e4ppte ut f\u00f6rst 6 timmars sen kort paus. Sen ut med 2,4 som d\u00e5 k\u00f6rde ihop med hela 12 timmars l\u00e5ngloppet.\u00a0 Konceptet var bra och Mittsverige Motorfestival skapas nu inf\u00f6r kommande 5 \u00e5ren sista helgen i Juli. Detta med motorfestival kommer jag tjata \u00f6ronen ur p\u00e5 samtliga f\u00f6r det \u00e4r d\u00e4r jag ser m\u00f6jligheten till uppsida i framtiden.<\/p>\n<p>Augusti k\u00f6rdes Tierp igen och med publikrekord \u00f6ver 500 personer kom och betalade f\u00f6r STEC\/Krutcupen\/Youtubeloppet\u00a0 Ja ni kan f\u00f6rst\u00e5 att jag tyckte detta race var det absolut b\u00e4sta under s\u00e4songen. Inte f\u00f6r det ekonomiska enbart utan f\u00f6r den minst lika viktiga fysiska m\u00f6tet med STEC . N\u00e4sta \u00e5r kommer Youtubeloppet k\u00f6ra samma dag som STEC men i ett lite annorlunda format s\u00e5 publiken f\u00e5r \u00e4nnu mer belysning p\u00e5 just STEC. Det som var unikt denna g\u00e5ng var att vi v\u00e4nde varv till v\u00e4nstervarv p\u00e5 banan.<\/p>\n<p>September Sviestad\u00a0 2 dagar Racing Weekend skapades och 6 Timmar p\u00e5 L\u00f6rdag och 2,4 timmars S\u00f6ndag ihop Med Krutcupen asfalt serie. Det var ett vinnande koncept 25 Team L\u00f6rdag och hela 28 Team S\u00f6ndag men mest gl\u00e4djande var att minst 2 team s\u00e4kert fler fick blodad tand f\u00f6r STEC 2022.\u00a0 Bilar k\u00f6ps nu in och stec familjen v\u00e4xer. 53 team under denna &#8221;Racing Weekend &#8221; och inte en enda incident Det gl\u00e4djer mitt bilsporthj\u00e4rta. D\u00e5 min roll \u00e4r egentligen detta att f\u00e5 team att komma och trivas med det vi g\u00f6r . D\u00e4rf\u00f6r dessa enk\u00e4ter och diskussioner f\u00f6r jag tror absolut p\u00e5 den modellen att ha h\u00f6gt i tak och framf\u00f6r allt diskutera l\u00f6sningar.\u00a0 Vad som \u00e4r bra ska vi spara och det som kan bli b\u00e4ttre ska vi penetrera och jobba p\u00e5.\u00a0 Precis s\u00e5 ska STEC verka f\u00f6r ett st\u00e4ndigt f\u00f6rb\u00e4ttringsarbete p\u00e5g\u00e5r.<\/p>\n<p>Oktober Final p\u00e5 Gotland Ring.\u00a0 \u00a024 team antog utmaningen att bli vinnare i Svenska \u00d6PPNA L\u00e5ngloppsfinalen. just detta med \u00d6ppna \u00e4r f\u00f6r mig viktigt.\u00a0 Alla hade chansen att vara med och 24 bilar tog den. Vi hade l\u00e5nga diskussioner om Nord eller Sydslingan eller b\u00e5da banorna och valet det sista efter l\u00e5nga samtal internt med framf\u00f6r allt sjukv\u00e5rd, r\u00e4ddning\u00a0 deras ord v\u00e4gde absolut tyngst och facit blev en bra t\u00e4vlings dag p\u00e5 7,3 kilometer k\u00f6rgl\u00e4dje.<\/p>\n<p><img loading=\"lazy\" decoding=\"async\" class=\"size-medium wp-image-7355 aligncenter\" src=\"http:\/\/media1.stec.se\/2020\/09\/tACKSAMHET-300x169.jpg\" alt=\"\" width=\"300\" height=\"169\" srcset=\"https:\/\/media1.stec.se\/2020\/09\/tACKSAMHET-300x169.jpg 300w, https:\/\/media1.stec.se\/2020\/09\/tACKSAMHET-1024x576.jpg 1024w, https:\/\/media1.stec.se\/2020\/09\/tACKSAMHET-768x432.jpg 768w, https:\/\/media1.stec.se\/2020\/09\/tACKSAMHET-1080x608.jpg 1080w, https:\/\/media1.stec.se\/2020\/09\/tACKSAMHET.jpg 1280w\" sizes=\"auto, (max-width: 300px) 100vw, 300px\" \/><\/p>\n<p>Min oro f\u00f6r 10 M\u00e5nader sedan \u00e4r nu omvandlad till att 2022 ska bli det b\u00e4sta \u00e5ret n\u00e5gonsin. Arbetet p\u00e5g\u00e5r nu intensivt att f\u00e5 kalendern helt spikad och STEC \u00e5ker till Norge Rudskogen och 10 dagar f\u00f6r att bes\u00f6ka banan men \u00e4ven tr\u00e4ffa Norska team och f\u00f6rare som g\u00e4rna vill se STEC byta namn till Scandinavia Endurance Touring Championship.\u00a0 Inget \u00e4r just nu spikat om detta men nog vore det kul med ett race p\u00e5 Rudskogen som jag vet \u00e4r en riktigt fin anl\u00e4ggning.\u00a0 Men framf\u00f6r allt vill jag verkligen tacka alla som medverkat under 2021. Det handlar mycket om ett f\u00f6rtroende att vara arrang\u00f6r.\u00a0 N\u00f6jda kunder kommer tillbaka och f\u00f6rs\u00f6k inled en dialog med de kunder som saknas.\u00a0 Mitt jobb \u00e4r att f\u00f6rs\u00f6ka kompromissa och finna de l\u00f6sningar som g\u00e5r mellan de starka krafterna som team besitter. Jag hoppas p\u00e5 en samverkan mellan ban\u00e4gare och STEC som kan bygga p\u00e5 l\u00e5ngsiktighet och kontinuitet samt ordning &amp; reda skapar den symbios som jag hoppas tilltalar dig n\u00e4r du nu ska fundera \u00f6ver 2022. Tveka inte att ringa mig p\u00e5 070-798 23 78 Jag uppskattar alltid sakliga diskussioner.\u00a0 Blir det f\u00f6r tyst s\u00e5 kanske jag ringer men tanken \u00e4r att bloggen ska komma ut samtliga 52 veckor \u00e4ven Jul , Ny\u00e5r osv f\u00f6r att h\u00e5lla v\u00e4rmen ig\u00e5ng.\u00a0 H\u00e4r kommer n\u00e5gra kort fr\u00e5n i L\u00f6rdag <a href=\"https:\/\/www.facebook.com\/183829081749465\/posts\/2472949116170772\/?d=n\">https:\/\/www.facebook.com\/183829081749465\/posts\/2472949116170772\/?d=n<\/a><\/p>\n<p>Men viktigt prenumerera p\u00e5 <a href=\"https:\/\/www.youtube.com\/channel\/UCDVUJW8_XusVy4s24maWzlg\/featured\">Youtubekanalen\u00a0\u00a0<\/a><\/p>\n<p>Det beh\u00f6vs 1000 prenumeranter f\u00f6r den ska kunna v\u00e4xla upp till n\u00e4sta niv\u00e5 och den sista i varje m\u00e5nad \u00e4r tanken att det ska komma ut ett klipp men senaste nytt.\u00a0 Under fliken <a href=\"https:\/\/stec.se\/en\/anmalning\/\">anm\u00e4l h\u00e4r<\/a> p\u00e5 hemsidan kommer jag skapa en lista med vilka team som anm\u00e4lt sig f\u00f6r s\u00e4songen 2022.<\/p>\n<p>Jag t\u00e4nker inte denna g\u00e5ng r\u00e4kna upp de namn som b\u00f6r tackas f\u00f6r listan blir l\u00e5ng men n\u00e5gra viktiga har redan nu skrivit kontrakt f\u00f6r kommande s\u00e4song . Vilket gl\u00e4der mig oerh\u00f6rt<\/p>\n<p>Jimmy Brandman har tecknat avtal<\/p>\n<p>Jens Ambulanssjukv\u00e5rdare med stor kompetens har skrivit p\u00e5 f\u00f6r 2022<\/p>\n<p>Lars &#8221;Lasse&#8221; Samuelsson T\u00e4vlingsledare fr\u00e5n V\u00e4ster\u00e5s har signat p\u00e5<\/p>\n<p>Nina Mickelsson bas f\u00f6r V\u00e4rmlandsg\u00e4nget Funktion\u00e4rsgrupp \u00e4r klara.<\/p>\n<p>Estrid + Solbritt har tecknat avtalet s\u00f6ker dock 1 grill kunnig teamkamrat<\/p>\n<p>Theo Cortembert Kommer sk\u00f6ta nya AMB Tidtagningen f\u00f6r STEC 2022<\/p>\n<p><img loading=\"lazy\" decoding=\"async\" class=\"size-medium wp-image-8072 aligncenter\" src=\"http:\/\/media1.stec.se\/2021\/02\/gt-open-300x156.png\" alt=\"\" width=\"300\" height=\"156\" srcset=\"https:\/\/media1.stec.se\/2021\/02\/gt-open-300x156.png 300w, https:\/\/media1.stec.se\/2021\/02\/gt-open.png 311w\" sizes=\"auto, (max-width: 300px) 100vw, 300px\" \/><\/p>\n<p>Jag vill boosta detta med 2 timmars serien <a href=\"http:\/\/media1.stec.se\/2021\/10\/gt-open.docx\">gt open<\/a> Det finns mycket bilar i garagen som bara st\u00e5r still. F\u00f6rdelen med GT-Open \u00e4r att du snabbt kommer ig\u00e5ng beh\u00f6ver inget team runt dig utan k\u00f6r sj\u00e4lv. 60 min p\u00e5 f\u00f6rmiddagen k\u00e4ka lunch och sen 60 minuter p\u00e5 eftermiddagen och hemma till middag.\u00a0 STEC har under pandemin byggt 10 raceklara Audi TT bilar som vi g\u00e4rna ser p\u00e5 banan som f\u00f6retagsevent eller privat team g\u00e5r bra att k\u00f6pa eller hyra bilarna skapa enkelt ett bra koncept att kicka ig\u00e5ng sin racing som \u00e5terfall eller son en ny hobby.<\/p>\n<p><strong>Varvtider Gotland<\/strong> <a href=\"http:\/\/media1.stec.se\/2021\/10\/varvtider_Gotland_ring_2021.pdf\">varvtider_Gotland_ring_2021<\/a><\/p>\n<p>De team som har i sin lista ex 00,000,016\u00a0 \u00a0betyder att det \u00e4r transponder nr 2 som visar upp sig och jag vill ber\u00f6mma Theo som satt samtliga 6 timmar vid datorn som funkade v\u00e4ldigt bra utom vid ett kortare str\u00f6mavbrott vilket naturligtvis inte Theo eller tidtagningen skall beskyllas s\u00e5 jag vill h\u00e5lla h\u00f6gt att varvtider \/ Tidtagning fungerade mycket bra i L\u00f6rdags.<\/p>\n<p><strong>Resultat<\/strong>\u00a0 <a href=\"https:\/\/stec.se\/en\/resultat\/\">https:\/\/stec.se\/resultat<\/a><\/p>\n<p>Nu p\u00e5 L\u00f6rdag k\u00f6r Krutcupen final. samt F\u00f6retagsracet detta \u00e4r vansinnigt kul med massor med gl\u00e4dje. f\u00f6r mer info <a href=\"http:\/\/media1.stec.se\/2021\/10\/foretagsracet-Tierp-16-Oktober.docx\">f\u00f6retagsracet Tierp 16 Oktober<\/a>\u00a0 \u00a0www.krutcupen.se<\/p>\n<p>Anm\u00e4lan \u00e4r \u00f6ppen till L\u00f6rdag Morgon !!!!<\/p>","protected":false},"excerpt":{"rendered":"<p>Bloggen 11\/10 2021 F\u00f6rsta Team som Best\u00e4ller S\u00e4songskort Team P&amp;D fr\u00e5n Mekonomen Bilverkstad \u00d6rebro med Audi Detta gl\u00e4der oss mycket att kunna f\u00e5 in lista p\u00e5 team som s\u00e4kerst\u00e4ller serien och skapar en grund.\u00a0 M\u00e5let \u00e4r att kunna innan ny\u00e5rsafton leverera 20 stycken \u00e5rskort g\u00e4rna utspridda i klasserna. Det \u00e4r ju \u00e4ven naturligtvis en ekonomiskt [&hellip;]<\/p>\n","protected":false},"author":2,"featured_media":0,"comment_status":"open","ping_status":"open","sticky":false,"template":"","format":"standard","meta":{"_et_pb_use_builder":"","_et_pb_old_content":"","footnotes":""},"categories":[1],"tags":[],"class_list":["post-8904","post","type-post","status-publish","format-standard","hentry","category-uncategorized"],"aioseo_notices":[],"_links":{"self":[{"href":"https:\/\/stec.se\/en\/wp-json\/wp\/v2\/posts\/8904","targetHints":{"allow":["GET"]}}],"collection":[{"href":"https:\/\/stec.se\/en\/wp-json\/wp\/v2\/posts"}],"about":[{"href":"https:\/\/stec.se\/en\/wp-json\/wp\/v2\/types\/post"}],"author":[{"embeddable":true,"href":"https:\/\/stec.se\/en\/wp-json\/wp\/v2\/users\/2"}],"replies":[{"embeddable":true,"href":"https:\/\/stec.se\/en\/wp-json\/wp\/v2\/comments?post=8904"}],"version-history":[{"count":2,"href":"https:\/\/stec.se\/en\/wp-json\/wp\/v2\/posts\/8904\/revisions"}],"predecessor-version":[{"id":8921,"href":"https:\/\/stec.se\/en\/wp-json\/wp\/v2\/posts\/8904\/revisions\/8921"}],"wp:attachment":[{"href":"https:\/\/stec.se\/en\/wp-json\/wp\/v2\/media?parent=8904"}],"wp:term":[{"taxonomy":"category","embeddable":true,"href":"https:\/\/stec.se\/en\/wp-json\/wp\/v2\/categories?post=8904"},{"taxonomy":"post_tag","embeddable":true,"href":"https:\/\/stec.se\/en\/wp-json\/wp\/v2\/tags?post=8904"}],"curies":[{"name":"wp","href":"https:\/\/api.w.org\/{rel}","templated":true}]}}