{"id":8767,"date":"2021-08-18T21:22:16","date_gmt":"2021-08-18T21:22:16","guid":{"rendered":"http:\/\/stec.se\/?p=8767"},"modified":"2021-08-21T18:38:18","modified_gmt":"2021-08-21T18:38:18","slug":"bloggen-23-augusti-allt-om-tierp-motorfestival-enkat-premiar","status":"publish","type":"post","link":"https:\/\/stec.se\/en\/bloggen-23-augusti-allt-om-tierp-motorfestival-enkat-premiar\/","title":{"rendered":"Bloggen 23 Augusti. Allt om Tierp Motorfestival , Enk\u00e4t , Premi\u00e4r."},"content":{"rendered":"<p><img loading=\"lazy\" decoding=\"async\" class=\"size-medium wp-image-3293 aligncenter\" src=\"http:\/\/media1.stec.se\/2018\/05\/mantorp-logga-300x68.png\" alt=\"\" width=\"300\" height=\"68\" srcset=\"https:\/\/media1.stec.se\/2018\/05\/mantorp-logga-300x68.png 300w, https:\/\/media1.stec.se\/2018\/05\/mantorp-logga.png 353w\" sizes=\"auto, (max-width: 300px) 100vw, 300px\" \/><\/p>\n<h2 style=\"text-align: center;\"><strong>10 April premi\u00e4r STEC 2022\u00a0<\/strong><\/h2>\n<p>Mycket av det jobb det inneb\u00e4r att vara Promotor g\u00f6rs l\u00e5ngt innan s\u00e4songstart.\u00a0 Och nu blev avtalet klart med Mantorp Park Premi\u00e4rbanan alltid p\u00e5 Svenska M\u00e4sterskapet i L\u00e5nglopp klart.\u00a0 Vi tackar Micke , Fredrik , Max mfl som arbetar p\u00e5 Mantorps fina anl\u00e4ggning.<\/p>\n<p><img loading=\"lazy\" decoding=\"async\" class=\"alignnone size-medium wp-image-8768 aligncenter\" src=\"http:\/\/media1.stec.se\/2021\/08\/sol-1-300x123.png\" alt=\"\" width=\"300\" height=\"123\" srcset=\"https:\/\/media1.stec.se\/2021\/08\/sol-1-300x123.png 300w, https:\/\/media1.stec.se\/2021\/08\/sol-1.png 351w\" sizes=\"auto, (max-width: 300px) 100vw, 300px\" \/><\/p>\n<p>Detta \u00e4r en viktig sak f\u00f6r oss som vi vill be dig om<strong><a href=\"https:\/\/forms.gle\/A3kVSbj4cFpskNgY7\"> Click<\/a>\u00a0 Enk\u00e4t\u00a0<\/strong>med 10 fr\u00e5gor detta kommer vi f\u00f6lja upp och vi ber g\u00e4rna alla team eller engagerade f\u00f6rare fylla i denna. Som kommer ev f\u00f6ljas upp av 1 till under vinter s\u00e4songen. Detta \u00e4r ocks\u00e5 viktigt f\u00f6r dig att kunna h\u00e5lla en transparens mellan promotor och t\u00e4vlande.\u00a0 \u00c4gna dig en kort stund och fyll i denna enk\u00e4t s\u00e5 skapar vi gemensamt en riktigt bra racing s\u00e4song 2022 med start redan nu.<\/p>\n<p><a href=\"https:\/\/forms.gle\/A3kVSbj4cFpskNgY7\">https:\/\/forms.gle\/A3kVSbj4cFpskNgY7\u00a0<\/a><\/p>\n<p><img loading=\"lazy\" decoding=\"async\" class=\"size-medium wp-image-8729 aligncenter\" src=\"http:\/\/media1.stec.se\/2021\/08\/Langlopp-racing-licens-12-300x171.jpg\" alt=\"\" width=\"300\" height=\"171\" srcset=\"https:\/\/media1.stec.se\/2021\/08\/Langlopp-racing-licens-12-300x171.jpg 300w, https:\/\/media1.stec.se\/2021\/08\/Langlopp-racing-licens-12-1024x585.jpg 1024w, https:\/\/media1.stec.se\/2021\/08\/Langlopp-racing-licens-12-768x439.jpg 768w, https:\/\/media1.stec.se\/2021\/08\/Langlopp-racing-licens-12.jpg 1050w\" sizes=\"auto, (max-width: 300px) 100vw, 300px\" \/><\/p>\n<p>Tider finner du h\u00e4r <strong><a href=\"http:\/\/stec.se\/en\/anmalning\/\">Click<\/a><\/strong> . Betalning skall vara p\u00e5 kontot innan start.\u00a0 Swish, Kontant , Faktura. Biljetter finns f\u00f6r f\u00f6rk\u00f6p f\u00f6r STEC v\u00e4nnerna f\u00f6r 100 kr. <a href=\"https:\/\/www.simplesignup.se\/event\/182344\"><strong>KLICKA.<\/strong><\/a> kommer man sent s\u00e5 \u00e4r det 200 kr f\u00f6r publiken. Denna helg \u00e4r f\u00f6r STEC \u00e5rets st\u00f6rsta Motorfestival med \u00f6ver 100 teams.\u00a0 Alla kommer s\u00e4ttas p\u00e5 prov och viktigt \u00e4r f\u00f6r dig som team att h\u00e5lla tiderna. Startbilen rullar ig\u00e5ng racet och d\u00e5 m\u00e5ste man som team vara med. Speciellt L\u00f6rdagen kommer det vara tidstight med STEC , Youtuberace, Krutcupen osv. Banan kommer ocks\u00e5 vara helt ny f\u00f6r alla team och vi ser det som mycket kul att kunna skapa nya f\u00f6ruts\u00e4ttningar.\u00a0 <strong>Publikt<\/strong> kommer detta ocks\u00e5 kunna bli stort och detta ligger ju i v\u00e5r linje med att arbeta f\u00f6r att f\u00e5 tillbaka publiken till banorna och slita sig fr\u00e5n TV sk\u00e4rmarna i sofforna som vi ser som helt kontraproduktivt f\u00f6r bilsporten.\u00a0 Det kommer ske mycket i dep\u00e5 med bla Sveriges rikaste Sosse kommer ? \u00f6ver 30 av Sveriges st\u00f6rsta Youtubers kommer p\u00e5 L\u00f6rdag\u00a0 <a href=\"http:\/\/www.youtuberacet.se\">www.youtuberacet.se\u00a0\u00a0\u00a0\u00a0<\/a><\/p>\n<p><img loading=\"lazy\" decoding=\"async\" class=\"size-full wp-image-8409 aligncenter\" src=\"http:\/\/media1.stec.se\/2021\/05\/tierp-arena.jpg\" alt=\"\" width=\"200\" height=\"64\" \/><\/p>\n<p><img loading=\"lazy\" decoding=\"async\" class=\"size-medium wp-image-8665 aligncenter\" src=\"http:\/\/media1.stec.se\/2021\/07\/Langlopp-racing-licens-16-1-300x171.png\" alt=\"\" width=\"300\" height=\"171\" srcset=\"https:\/\/media1.stec.se\/2021\/07\/Langlopp-racing-licens-16-1-300x171.png 300w, https:\/\/media1.stec.se\/2021\/07\/Langlopp-racing-licens-16-1-1024x585.png 1024w, https:\/\/media1.stec.se\/2021\/07\/Langlopp-racing-licens-16-1-768x439.png 768w, https:\/\/media1.stec.se\/2021\/07\/Langlopp-racing-licens-16-1.png 1050w\" sizes=\"auto, (max-width: 300px) 100vw, 300px\" \/><\/p>\n<p>Kika p\u00e5 denna sida <a href=\"https:\/\/www.rudskogen.no\/hovedbanen\">https:\/\/www.rudskogen.no\/hovedbanen<\/a><\/p>\n<p>\u00c5k g\u00e4rna med n\u00e5gra varv.\u00a0 och fundera p\u00e5 om STEC skall k\u00f6ra Rudskogen 2022. Norge har ingen L\u00e5ngloppsserie men m\u00e5nga duktiga f\u00f6rare och bilar och suktar efter att f\u00e5 m\u00f6ta Svenska eliten.\u00a0 Vill du r\u00e4kna p\u00e5 avst\u00e5nd s\u00e5 kika h\u00e4r <a href=\"https:\/\/www.google.com\/maps\/dir\/59.4275075,18.2768465\/Motorsportveien+180,+1894+Rakkestad,+Norge\/@58.7119808,9.9988494,6z\/data=!3m1!4b1!4m9!4m8!1m1!4e1!1m5!1m1!1s0x4643f7e8f35723cf:0x5bf49348b50e0a16!2m2!1d11.2620216!2d59.3679798\"><strong><em>KLICKA<\/em><\/strong><\/a><\/p>\n<p>Denna fr\u00e5ga \u00e4r sen med i Enk\u00e4ten s\u00e5 ser vi under September hur stort intresset \u00e4r f\u00f6r Rudskogen f\u00f6r som alltid anser vi att kunddialogen \u00e4r viktig.<\/p>\n<p>&nbsp;<\/p>\n<p><iframe loading=\"lazy\" title=\"Rudskogen Raceway AiM camera and logging test - overlay 2\" width=\"1080\" height=\"608\" src=\"https:\/\/www.youtube.com\/embed\/Gy9fobbci_w?feature=oembed\" frameborder=\"0\" allow=\"accelerometer; autoplay; clipboard-write; encrypted-media; gyroscope; picture-in-picture\" allowfullscreen><\/iframe><\/p>\n<p>&nbsp;<\/p>\n<p><img loading=\"lazy\" decoding=\"async\" class=\"size-medium wp-image-8698 aligncenter\" src=\"http:\/\/media1.stec.se\/2021\/07\/stefan-225x300.jpg\" alt=\"\" width=\"225\" height=\"300\" srcset=\"https:\/\/media1.stec.se\/2021\/07\/stefan-225x300.jpg 225w, https:\/\/media1.stec.se\/2021\/07\/stefan.jpg 526w\" sizes=\"auto, (max-width: 225px) 100vw, 225px\" \/><\/p>\n<p>Team Stefan Andersson som vann 2 timmars senast p\u00e5 Mittsverige med gr\u00f6na Golfen.\u00a0 Stefan t\u00e4vlar i vanliga fall alltid med Hasse i team Dalens Silverryggar och f\u00e5tt &#8221;Ilandsproblem&#8221; inf\u00f6r kommande race med 2 fina bilar.<\/p>\n<p>J\u00e4ttekul att de norrl\u00e4ndska teamen team Geschwint + Mid Sweden Motorsport\u00a0 kommer med \u00e4ven till Tierp Arena mycket fina f\u00f6rare med h\u00f6g kompetens bakom ratten. Blev \u00e4ven sist mycket imponerad av Anna Axehult som k\u00f6rde snabbast i den orange BMW.<\/p>\n<p>Team Kilafors jagar med ljus och lykta efter tiden att f\u00e5 ihop ny motor efter fad\u00e4sen senast med \u00f6verhettad motor redan p\u00e5 Fredag kv\u00e4ll. Jobbar h\u00e5rt g\u00f6r \u00e4ven Anton Sikstr\u00f6m med sina v\u00e4nner i Abarthen. Hoppas det l\u00f6ser sig. Det ryktas \u00e4ven att Nils-Arne i Team HH f\u00e5tt fr\u00e5gan om en plats i Le Mans med Toyota.\u00a0 &#8221;Vi \u00e4r inte avundsjuka nej nej&#8221; men det vore fr\u00e4nt att se dig p\u00e5 startlinjen i det f\u00f6r oss Endurance v\u00e4nner det st\u00f6rsta loppet i v\u00e4rlden.<\/p>\n<p><iframe loading=\"lazy\" title=\"The Top 10 Best 24 Hours of Le Mans\" width=\"1080\" height=\"608\" src=\"https:\/\/www.youtube.com\/embed\/ojj64mTwwTM?feature=oembed\" frameborder=\"0\" allow=\"accelerometer; autoplay; clipboard-write; encrypted-media; gyroscope; picture-in-picture\" allowfullscreen><\/iframe><\/p>\n<div style=\"width: 1080px;\" class=\"wp-video\"><video class=\"wp-video-shortcode\" id=\"video-8767-1\" width=\"1080\" height=\"608\" preload=\"metadata\" controls=\"controls\"><source type=\"video\/mp4\" src=\"http:\/\/media1.stec.se\/2021\/08\/28-augusti-Motorfestival-.mp4?_=1\" \/><a href=\"http:\/\/media1.stec.se\/2021\/08\/28-augusti-Motorfestival-.mp4\">http:\/\/media1.stec.se\/2021\/08\/28-augusti-Motorfestival-.mp4<\/a><\/video><\/div>\n<p style=\"text-align: center;\"><strong>K\u00e4nner du f\u00f6rare som gillar bil ljud. Den 28 Aug blir denna grupp fr\u00e4lsta Vill de spela eller t\u00e4vla s\u00e5 anm\u00e4ler man sig direkt p\u00e5 stec@stec.se s\u00e5 f\u00f6rmedlar vi kontakten till gruppen som sysslar med billjudet.\u00a0<\/strong><\/p>\n<p><img loading=\"lazy\" decoding=\"async\" class=\"size-medium wp-image-8770 aligncenter\" src=\"http:\/\/media1.stec.se\/2021\/08\/Tack-Mantorp-Park-20-300x251.png\" alt=\"\" width=\"300\" height=\"251\" srcset=\"https:\/\/media1.stec.se\/2021\/08\/Tack-Mantorp-Park-20-300x251.png 300w, https:\/\/media1.stec.se\/2021\/08\/Tack-Mantorp-Park-20-768x644.png 768w, https:\/\/media1.stec.se\/2021\/08\/Tack-Mantorp-Park-20.png 940w\" sizes=\"auto, (max-width: 300px) 100vw, 300px\" \/><\/p>\n<p>D\u00e5 v\u00e4nder vi p\u00e5 programmet med 6 timmars p\u00e5 L\u00f6rdag 3+3 Timmars\u00a0 och S\u00f6ndag 2+4 Timmars p\u00e5 s\u00f6ndag.\u00a0 p\u00e5 <a href=\"http:\/\/www.lms.se\">www.lms.se<\/a><\/p>\n<p><img loading=\"lazy\" decoding=\"async\" class=\"size-medium wp-image-4948 aligncenter\" src=\"http:\/\/media1.stec.se\/2019\/04\/gotland-ring-300x169.jpg\" alt=\"\" width=\"300\" height=\"169\" srcset=\"https:\/\/media1.stec.se\/2019\/04\/gotland-ring-300x169.jpg 300w, https:\/\/media1.stec.se\/2019\/04\/gotland-ring-768x432.jpg 768w, https:\/\/media1.stec.se\/2019\/04\/gotland-ring-1024x576.jpg 1024w, https:\/\/media1.stec.se\/2019\/04\/gotland-ring-1080x608.jpg 1080w, https:\/\/media1.stec.se\/2019\/04\/gotland-ring.jpg 1706w\" sizes=\"auto, (max-width: 300px) 100vw, 300px\" \/><\/p>\n<p>Svenska \u00d6ppna L\u00e5ngloppsfinalen 9 Oktober \u00d6ppen f\u00f6r alla som har ambitionen att kunna bli b\u00e4st i Sverige. STEC delar ut dubbla po\u00e4ng s\u00e5 varje varv kommer ge 2 po\u00e4ng.\u00a0 Lika f\u00f6r alla och det kommer finnas seger\u00f6ppningar troligtvis i samtliga klasser.\u00a0 222 varv p\u00e5 Gotland ger 444 Po\u00e4ng. Detta kommer bli matematisk pr\u00f6vning och prisutdelningen sker p\u00e5 banketten p\u00e5 kv\u00e4llen.\u00a0 V\u00e5rt stalltips \u00e4r att k\u00f6r Gotland Finalen oavsett om du k\u00f6r MSLS, NSHC, ER eller n\u00e5gon utl\u00e4ndsk serie Finalen kommer bli episk.<\/p>\n<p><img loading=\"lazy\" decoding=\"async\" class=\"size-medium wp-image-8742 aligncenter\" src=\"http:\/\/media1.stec.se\/2021\/08\/28-29-Augusti-300x157.png\" alt=\"\" width=\"300\" height=\"157\" srcset=\"https:\/\/media1.stec.se\/2021\/08\/28-29-Augusti-300x157.png 300w, https:\/\/media1.stec.se\/2021\/08\/28-29-Augusti-1024x536.png 1024w, https:\/\/media1.stec.se\/2021\/08\/28-29-Augusti-768x402.png 768w, https:\/\/media1.stec.se\/2021\/08\/28-29-Augusti-1080x565.png 1080w, https:\/\/media1.stec.se\/2021\/08\/28-29-Augusti.png 1200w\" sizes=\"auto, (max-width: 300px) 100vw, 300px\" \/><\/p>\n<p>Anm\u00e4lan som under hela s\u00e4songen skicka ett enkelt mail p\u00e5 <a href=\"mailto:stec@stec.se\">stec@stec.se<\/a><\/p>\n<p><img loading=\"lazy\" decoding=\"async\" class=\"size-medium wp-image-635 aligncenter\" src=\"http:\/\/media1.stec.se\/2017\/05\/film-300x166.jpg\" alt=\"\" width=\"300\" height=\"166\" srcset=\"https:\/\/media1.stec.se\/2017\/05\/film-300x166.jpg 300w, https:\/\/media1.stec.se\/2017\/05\/film.jpg 301w\" sizes=\"auto, (max-width: 300px) 100vw, 300px\" \/><\/p>\n<p>Vi s\u00f6ker fortfarande duktig filmare f\u00f6r att skapa bra efterproduktioner.\u00a0 Tipsa oss g\u00e4rna.<\/p>\n<p>Vill \u00e4ven tacka Jimmy och det team som \u00e5ker 50 mil till Tierp f\u00f6r att vara Brandm\u00e4n och sjuksk\u00f6tare under detta L\u00e5ngloppshelg med \u00f6ver 100 Team.\u00a0 Det uppskattar vi oerh\u00f6rt.<\/p>\n<p>S\u00f6ker ni hyrbil s\u00e5 finns det raceklara Audi TT bilar f\u00f6r f\u00f6retag eller privatf\u00f6rare.<\/p>\n<p><img loading=\"lazy\" decoding=\"async\" class=\"size-medium wp-image-7983 aligncenter\" src=\"http:\/\/media1.stec.se\/2021\/02\/eu-dack-audi-1-1-300x300.jpg\" alt=\"\" width=\"300\" height=\"300\" srcset=\"https:\/\/media1.stec.se\/2021\/02\/eu-dack-audi-1-1-300x300.jpg 300w, https:\/\/media1.stec.se\/2021\/02\/eu-dack-audi-1-1-1024x1024.jpg 1024w, https:\/\/media1.stec.se\/2021\/02\/eu-dack-audi-1-1-150x150.jpg 150w, https:\/\/media1.stec.se\/2021\/02\/eu-dack-audi-1-1-768x768.jpg 768w, https:\/\/media1.stec.se\/2021\/02\/eu-dack-audi-1-1-1080x1080.jpg 1080w, https:\/\/media1.stec.se\/2021\/02\/eu-dack-audi-1-1.jpg 1140w\" sizes=\"auto, (max-width: 300px) 100vw, 300px\" \/><\/p>\n<p style=\"text-align: center;\">Vi \u00f6nskar dig en fantastisk vecka och hoppas vi ses p\u00e5 tierp Arena<\/p>\n<p>&nbsp;<\/p>\n<p>&nbsp;<\/p>\n<p>&nbsp;<\/p>\n<p>&nbsp;<\/p>\n<p>&nbsp;<\/p>\n<p>&nbsp;<\/p>","protected":false},"excerpt":{"rendered":"<p>10 April premi\u00e4r STEC 2022\u00a0 Mycket av det jobb det inneb\u00e4r att vara Promotor g\u00f6rs l\u00e5ngt innan s\u00e4songstart.\u00a0 Och nu blev avtalet klart med Mantorp Park Premi\u00e4rbanan alltid p\u00e5 Svenska M\u00e4sterskapet i L\u00e5nglopp klart.\u00a0 Vi tackar Micke , Fredrik , Max mfl som arbetar p\u00e5 Mantorps fina anl\u00e4ggning. Detta \u00e4r en viktig sak f\u00f6r oss [&hellip;]<\/p>\n","protected":false},"author":2,"featured_media":8729,"comment_status":"open","ping_status":"open","sticky":false,"template":"","format":"standard","meta":{"_et_pb_use_builder":"","_et_pb_old_content":"","footnotes":""},"categories":[1],"tags":[],"class_list":["post-8767","post","type-post","status-publish","format-standard","has-post-thumbnail","hentry","category-uncategorized"],"aioseo_notices":[],"_links":{"self":[{"href":"https:\/\/stec.se\/en\/wp-json\/wp\/v2\/posts\/8767","targetHints":{"allow":["GET"]}}],"collection":[{"href":"https:\/\/stec.se\/en\/wp-json\/wp\/v2\/posts"}],"about":[{"href":"https:\/\/stec.se\/en\/wp-json\/wp\/v2\/types\/post"}],"author":[{"embeddable":true,"href":"https:\/\/stec.se\/en\/wp-json\/wp\/v2\/users\/2"}],"replies":[{"embeddable":true,"href":"https:\/\/stec.se\/en\/wp-json\/wp\/v2\/comments?post=8767"}],"version-history":[{"count":3,"href":"https:\/\/stec.se\/en\/wp-json\/wp\/v2\/posts\/8767\/revisions"}],"predecessor-version":[{"id":8774,"href":"https:\/\/stec.se\/en\/wp-json\/wp\/v2\/posts\/8767\/revisions\/8774"}],"wp:featuredmedia":[{"embeddable":true,"href":"https:\/\/stec.se\/en\/wp-json\/wp\/v2\/media\/8729"}],"wp:attachment":[{"href":"https:\/\/stec.se\/en\/wp-json\/wp\/v2\/media?parent=8767"}],"wp:term":[{"taxonomy":"category","embeddable":true,"href":"https:\/\/stec.se\/en\/wp-json\/wp\/v2\/categories?post=8767"},{"taxonomy":"post_tag","embeddable":true,"href":"https:\/\/stec.se\/en\/wp-json\/wp\/v2\/tags?post=8767"}],"curies":[{"name":"wp","href":"https:\/\/api.w.org\/{rel}","templated":true}]}}