{"id":8727,"date":"2021-08-01T19:54:13","date_gmt":"2021-08-01T19:54:13","guid":{"rendered":"http:\/\/stec.se\/?p=8727"},"modified":"2021-08-01T19:54:52","modified_gmt":"2021-08-01T19:54:52","slug":"augusti-blogg-2-aug-bensinen-blev-till-sprit-testkorning-tidsschema-till-tierp","status":"publish","type":"post","link":"https:\/\/stec.se\/en\/augusti-blogg-2-aug-bensinen-blev-till-sprit-testkorning-tidsschema-till-tierp\/","title":{"rendered":"Augusti Blogg 2 Aug , Bensinen blev till sprit , Testk\u00f6rning , Tidsschema till Tierp"},"content":{"rendered":"<p><iframe loading=\"lazy\" title=\"Stec info till L\u00e5ngloppsracing sidan\" width=\"1080\" height=\"608\" src=\"https:\/\/www.youtube.com\/embed\/DOcbLuYLQSk?feature=oembed\" frameborder=\"0\" allow=\"accelerometer; autoplay; clipboard-write; encrypted-media; gyroscope; picture-in-picture\" allowfullscreen><\/iframe><\/p>\n<p>&nbsp;<\/p>\n<p><img loading=\"lazy\" decoding=\"async\" class=\"size-medium wp-image-8728 aligncenter\" src=\"http:\/\/media1.stec.se\/2021\/08\/motorfestival-212x300.jpg\" alt=\"\" width=\"212\" height=\"300\" \/><\/p>\n<p>Vikten och v\u00e4rdet av att testk\u00f6ra kan inte nog betonas att k\u00f6ra in bromsarna , byta fett i drivaxlarna och \u00e4ven tr\u00e4na bakom ratten.\u00a0 STEC har n\u00e4ra relation med <a href=\"http:\/\/www.tierpmotorfestival.se\">www.tierpmotorfestival.se<\/a> och med detta perfekt tr\u00e4ningstillf\u00e4llen. s\u00e5 v\u00e4lkommen 21 Augusti.\u00a0 <img loading=\"lazy\" decoding=\"async\" class=\"size-medium wp-image-3568 aligncenter\" src=\"http:\/\/media1.stec.se\/2018\/09\/bensin-300x182.jpg\" alt=\"\" width=\"300\" height=\"182\" srcset=\"https:\/\/media1.stec.se\/2018\/09\/bensin-300x182.jpg 300w, https:\/\/media1.stec.se\/2018\/09\/bensin.jpg 660w\" sizes=\"auto, (max-width: 300px) 100vw, 300px\" \/><\/p>\n<p>P\u00e5 f\u00f6rekommen anledning vill vi betona vikten av att h\u00e5lla koll p\u00e5 &#8221;sina&#8221; dunkar. P\u00e5 Mittsverige h\u00e4nde just en s\u00e5dan incident som inte f\u00e5r eller skall ske.\u00a0 Dunkar som f\u00f6rv\u00e4xlas och det hade inte varit ett problem om inte den ena teamet k\u00f6rt p\u00e5 E-85 och den andra V-Power.\u00a0 Vi l\u00e4gger ingen skuldb\u00f6rda eller energi p\u00e5 vem som gjort r\u00e4tt eller fel utan konstaterar att m\u00e4rk med teamnamn eller startnummer teamets br\u00e4nsle. P\u00e5 Tierp den 28-29 kommer det finnas 98 oktan men boka innan p\u00e5 <a href=\"mailto:stec@stec.se\">stec@stec.se<\/a><\/p>\n<p><img loading=\"lazy\" decoding=\"async\" class=\"size-full wp-image-2059 aligncenter\" src=\"http:\/\/media1.stec.se\/2017\/03\/klocka.jpg\" alt=\"\" width=\"176\" height=\"286\" \/><\/p>\n<p>Tider inf\u00f6r n\u00e4sta t\u00e4vling finner du alltid p\u00e5 hemsidan under fliken <a href=\"https:\/\/stec.se\/en\/anmalning\/\"><strong>anm\u00e4l h\u00e4r\u00a0<\/strong><\/a> Detta skall memoreras f\u00f6r att sitta p\u00e5 b\u00e4sta s\u00e4tt. och vi kommer \u00e4ven ha tiderna p\u00e5 tavla i caf\u00e9t. Just detta race kommer kunna bli episkt stort. Perfekt skyltf\u00f6nster f\u00f6r STEC att kunna visa upp sig .<\/p>\n<p><img loading=\"lazy\" decoding=\"async\" class=\"size-medium wp-image-8729 aligncenter\" src=\"http:\/\/media1.stec.se\/2021\/08\/Langlopp-racing-licens-12-300x171.jpg\" alt=\"\" width=\"300\" height=\"171\" srcset=\"https:\/\/media1.stec.se\/2021\/08\/Langlopp-racing-licens-12-300x171.jpg 300w, https:\/\/media1.stec.se\/2021\/08\/Langlopp-racing-licens-12-1024x585.jpg 1024w, https:\/\/media1.stec.se\/2021\/08\/Langlopp-racing-licens-12-768x439.jpg 768w, https:\/\/media1.stec.se\/2021\/08\/Langlopp-racing-licens-12.jpg 1050w\" sizes=\"auto, (max-width: 300px) 100vw, 300px\" \/><\/p>\n<p>Obs \u00f6nskar du boende p\u00e5 Tierp Arena s\u00e5 \u00e4r det h\u00f6g tid att boka f\u00f6r 300 kr per s\u00e4ng och natt. Kommer med stor sannolikhet att bli fullt denna helg s\u00e5 v\u00e4nta inte med att boka boende.<\/p>\n<p><img loading=\"lazy\" decoding=\"async\" class=\"size-medium wp-image-8730 aligncenter\" src=\"http:\/\/media1.stec.se\/2021\/08\/Tack-Mantorp-Park-19-300x251.png\" alt=\"\" width=\"300\" height=\"251\" srcset=\"https:\/\/media1.stec.se\/2021\/08\/Tack-Mantorp-Park-19-300x251.png 300w, https:\/\/media1.stec.se\/2021\/08\/Tack-Mantorp-Park-19-768x644.png 768w, https:\/\/media1.stec.se\/2021\/08\/Tack-Mantorp-Park-19.png 940w\" sizes=\"auto, (max-width: 300px) 100vw, 300px\" \/><\/p>\n<p style=\"text-align: center;\"><strong>STEC 2022 kalendern har spikat sommardatumet.\u00a0 30 Juli 2,4,6,12 Timmars Race.\u00a0<\/strong><\/p>\n<p><img loading=\"lazy\" decoding=\"async\" class=\"size-medium wp-image-8272 aligncenter\" src=\"http:\/\/media1.stec.se\/2021\/04\/15-14-1-300x240.jpg\" alt=\"\" width=\"300\" height=\"240\" srcset=\"https:\/\/media1.stec.se\/2021\/04\/15-14-1-300x240.jpg 300w, https:\/\/media1.stec.se\/2021\/04\/15-14-1-1024x819.jpg 1024w, https:\/\/media1.stec.se\/2021\/04\/15-14-1-768x614.jpg 768w, https:\/\/media1.stec.se\/2021\/04\/15-14-1-1536x1229.jpg 1536w, https:\/\/media1.stec.se\/2021\/04\/15-14-1-1080x864.jpg 1080w, https:\/\/media1.stec.se\/2021\/04\/15-14-1.jpg 2000w\" sizes=\"auto, (max-width: 300px) 100vw, 300px\" \/><\/p>\n<p><strong>Halvtidsvila<\/strong> Nu kommer vi in i andra halvlek. Vi kan med gl\u00e4dje konstatera att team Geswint som k\u00f6rde med den oranga BMW senast fr\u00e5n Sundsvall med duktiga f\u00f6rare redan nu har anm\u00e4lt sig till kommande race. \u00c4ven Team Windmaker som haft en strulig v\u00e5r har nu mappat klart bilen och blir farliga i \u00e4nnu en Seat supercupa. Kul Jerry att detta l\u00f6ste sig f\u00f6r teamet s\u00e5 nu kommer ni in p\u00e5 andra halvlek. Vi fick \u00e4ven samtal fr\u00e5n Janne och team STC som nu f\u00e5tt klart med teamets f\u00f6rare och bilden \u00e4r missvisande men det \u00e4r f\u00f6r att inte outa teamet \u00e4nnu inte alla kontrakt \u00e4r skrivna. Men varmt v\u00e4lkommen.<\/p>\n<p><img loading=\"lazy\" decoding=\"async\" class=\"alignnone size-medium wp-image-2308\" src=\"http:\/\/media1.stec.se\/2017\/09\/stc_montage-1110x624-300x169.jpeg\" alt=\"\" width=\"300\" height=\"169\" srcset=\"https:\/\/media1.stec.se\/2017\/09\/stc_montage-1110x624-300x169.jpeg 300w, https:\/\/media1.stec.se\/2017\/09\/stc_montage-1110x624-768x432.jpeg 768w, https:\/\/media1.stec.se\/2017\/09\/stc_montage-1110x624-1024x576.jpeg 1024w, https:\/\/media1.stec.se\/2017\/09\/stc_montage-1110x624-1080x607.jpeg 1080w, https:\/\/media1.stec.se\/2017\/09\/stc_montage-1110x624.jpeg 1110w\" sizes=\"auto, (max-width: 300px) 100vw, 300px\" \/><\/p>\n<p>Tierp Motorfestival och Link\u00f6ping Motorfestival kommer vara huvudnumret vara STEC. Men vi kommer \u00e4ven kunna erbjuda mycket annat runt t\u00e4vlingen och har du f\u00f6retag eller grupper som du k\u00e4nner vill promota sina tj\u00e4nster eller produkter s\u00e5 tveka inte att tipsa om dessa motorfestivaler som vi hoppas p\u00e5 sikt ska kunna vara en bra produkt f\u00f6r \u00e5sk\u00e5daren och f\u00f6r STEC att fler kommer och kan se verksamheten.<\/p>\n<p><img loading=\"lazy\" decoding=\"async\" class=\"size-medium wp-image-8617 aligncenter\" src=\"http:\/\/media1.stec.se\/2021\/06\/Tack-Mantorp-Park-10-300x251.png\" alt=\"\" width=\"300\" height=\"251\" srcset=\"https:\/\/media1.stec.se\/2021\/06\/Tack-Mantorp-Park-10-300x251.png 300w, https:\/\/media1.stec.se\/2021\/06\/Tack-Mantorp-Park-10-768x644.png 768w, https:\/\/media1.stec.se\/2021\/06\/Tack-Mantorp-Park-10.png 940w\" sizes=\"auto, (max-width: 300px) 100vw, 300px\" \/><\/p>\n<p>Passa p\u00e5 att bli v\u00e4rldens b\u00e4sta pappa den 28 Augusti <a href=\"http:\/\/www.youtuberacet.se\">www.youtuberacet.se<\/a><\/p>\n<p>Ungarnas favoriter kommer vara p\u00e5 plats.<\/p>\n<blockquote class=\"wp-embedded-content\" data-secret=\"G02K4GWpvM\"><p><a href=\"http:\/\/stec.se\/en\/stec-gt-open\/\">STEC GT OPEN<\/a><\/p><\/blockquote>\n<p><iframe loading=\"lazy\" class=\"wp-embedded-content\" sandbox=\"allow-scripts\" security=\"restricted\" style=\"position: absolute; clip: rect(1px, 1px, 1px, 1px);\" title=\"&#8221;STEC GT OPEN&#8221; &#8212; Stec\" src=\"http:\/\/stec.se\/stec-gt-open\/embed\/#?secret=G02K4GWpvM\" data-secret=\"G02K4GWpvM\" width=\"600\" height=\"338\" frameborder=\"0\" marginwidth=\"0\" marginheight=\"0\" scrolling=\"no\"><\/iframe><\/p>\n<p><a href=\"https:\/\/stec.se\/en\/stec-gt-open\/\"><strong>STEC GT-Open<\/strong><\/a> \u00e4r en mycket fin t\u00e4vlingsform som vi tror \u00e4r lite bortgl\u00f6md inom STEC men som vi g\u00e4rna lyfter upp h\u00e4r inf\u00f6r Tierp , Sviestad , Gotland Ring. Kika p\u00e5 om det \u00e4r ditt format och Stefan Andersson seger sist var ju riktigt delikat.<\/p>\n<p>Resultat tabell efter Mittsverige\u00a0 <a href=\"http:\/\/media1.stec.se\/2021\/08\/stec-resultat-efter-Mittsverige.xlsx\">stec-resultat-efter-Mittsverige<\/a><\/p>\n<p><strong>Varvtider fr\u00e5n Mittsverige <a href=\"http:\/\/media1.stec.se\/2021\/08\/varvtider-mittsverige-6-timmars.xlsx\">varvtider-mittsverige-6-timmars<\/a><\/strong><\/p>\n<p>Arbetet p\u00e5g\u00e5r att f\u00e5 en snygg design p\u00e5 detta och maila om du \u00f6nskar CSV filen osv f\u00f6r detta.<\/p>\n<p>Okey det var bloggen 2 Augusti vi vill avsluta med en bild. Tacksamhet f\u00f6r f\u00f6rtroendet att skapa STEC ihop med dig som l\u00e4ser denna blogg men \u00e4ven en tanke till den funktion\u00e4r som tyv\u00e4rr omkom under helgen p\u00e5 Brands Hatch Livet kan slockna snabbt s\u00e5 var r\u00e4dd om dig. <a href=\"https:\/\/www.theguardian.com\/uk-news\/2021\/jul\/31\/brands-hatch-marshal-killed-after-race-car-spins-off-track\">https:\/\/www.theguardian.com\/uk-news\/2021\/jul\/31\/brands-hatch-marshal-killed-after-race-car-spins-off-track<\/a><\/p>\n<p><img loading=\"lazy\" decoding=\"async\" class=\"size-medium wp-image-7355 aligncenter\" src=\"http:\/\/media1.stec.se\/2020\/09\/tACKSAMHET-300x169.jpg\" alt=\"\" width=\"300\" height=\"169\" srcset=\"https:\/\/media1.stec.se\/2020\/09\/tACKSAMHET-300x169.jpg 300w, https:\/\/media1.stec.se\/2020\/09\/tACKSAMHET-1024x576.jpg 1024w, https:\/\/media1.stec.se\/2020\/09\/tACKSAMHET-768x432.jpg 768w, https:\/\/media1.stec.se\/2020\/09\/tACKSAMHET-1080x608.jpg 1080w, https:\/\/media1.stec.se\/2020\/09\/tACKSAMHET.jpg 1280w\" sizes=\"auto, (max-width: 300px) 100vw, 300px\" \/><\/p>\n<p>&nbsp;<\/p>\n<p>&nbsp;<\/p>\n<p>&nbsp;<\/p>\n<p>&nbsp;<\/p>\n<p>&nbsp;<\/p>\n<p>&nbsp;<\/p>\n<p>&nbsp;<\/p>\n<p>&nbsp;<\/p>","protected":false},"excerpt":{"rendered":"<p>&nbsp; Vikten och v\u00e4rdet av att testk\u00f6ra kan inte nog betonas att k\u00f6ra in bromsarna , byta fett i drivaxlarna och \u00e4ven tr\u00e4na bakom ratten.\u00a0 STEC har n\u00e4ra relation med www.tierpmotorfestival.se och med detta perfekt tr\u00e4ningstillf\u00e4llen. s\u00e5 v\u00e4lkommen 21 Augusti.\u00a0 P\u00e5 f\u00f6rekommen anledning vill vi betona vikten av att h\u00e5lla koll p\u00e5 &#8221;sina&#8221; dunkar. P\u00e5 [&hellip;]<\/p>\n","protected":false},"author":2,"featured_media":6704,"comment_status":"open","ping_status":"open","sticky":false,"template":"","format":"standard","meta":{"_et_pb_use_builder":"","_et_pb_old_content":"","footnotes":""},"categories":[1],"tags":[],"class_list":["post-8727","post","type-post","status-publish","format-standard","has-post-thumbnail","hentry","category-uncategorized"],"aioseo_notices":[],"_links":{"self":[{"href":"https:\/\/stec.se\/en\/wp-json\/wp\/v2\/posts\/8727","targetHints":{"allow":["GET"]}}],"collection":[{"href":"https:\/\/stec.se\/en\/wp-json\/wp\/v2\/posts"}],"about":[{"href":"https:\/\/stec.se\/en\/wp-json\/wp\/v2\/types\/post"}],"author":[{"embeddable":true,"href":"https:\/\/stec.se\/en\/wp-json\/wp\/v2\/users\/2"}],"replies":[{"embeddable":true,"href":"https:\/\/stec.se\/en\/wp-json\/wp\/v2\/comments?post=8727"}],"version-history":[{"count":2,"href":"https:\/\/stec.se\/en\/wp-json\/wp\/v2\/posts\/8727\/revisions"}],"predecessor-version":[{"id":8737,"href":"https:\/\/stec.se\/en\/wp-json\/wp\/v2\/posts\/8727\/revisions\/8737"}],"wp:featuredmedia":[{"embeddable":true,"href":"https:\/\/stec.se\/en\/wp-json\/wp\/v2\/media\/6704"}],"wp:attachment":[{"href":"https:\/\/stec.se\/en\/wp-json\/wp\/v2\/media?parent=8727"}],"wp:term":[{"taxonomy":"category","embeddable":true,"href":"https:\/\/stec.se\/en\/wp-json\/wp\/v2\/categories?post=8727"},{"taxonomy":"post_tag","embeddable":true,"href":"https:\/\/stec.se\/en\/wp-json\/wp\/v2\/tags?post=8727"}],"curies":[{"name":"wp","href":"https:\/\/api.w.org\/{rel}","templated":true}]}}