{"id":7670,"date":"2020-11-21T12:36:08","date_gmt":"2020-11-21T12:36:08","guid":{"rendered":"http:\/\/stec.se\/?p=7670"},"modified":"2020-11-21T12:36:08","modified_gmt":"2020-11-21T12:36:08","slug":"bloggen-23-november-black-friday-sm-statusen-sakrad-snyggt-micke-bern-skjortor","status":"publish","type":"post","link":"https:\/\/stec.se\/en\/bloggen-23-november-black-friday-sm-statusen-sakrad-snyggt-micke-bern-skjortor\/","title":{"rendered":"Bloggen 23 November. Black Friday , SM Statusen s\u00e4krad , Snyggt Micke Bern , Skjortor"},"content":{"rendered":"<div style=\"width: 1080px;\" class=\"wp-video\"><video class=\"wp-video-shortcode\" id=\"video-7670-1\" width=\"1080\" height=\"608\" preload=\"metadata\" controls=\"controls\"><source type=\"video\/mp4\" src=\"http:\/\/media1.stec.se\/2020\/11\/v16.mp4?_=1\" \/><a href=\"http:\/\/media1.stec.se\/2020\/11\/v16.mp4\">http:\/\/media1.stec.se\/2020\/11\/v16.mp4<\/a><\/video><\/div>\n<p>V\u00e4lkommen till \u00e4nnu en M\u00e5ndagsblogg och vi bjuder g\u00e4rna p\u00e5 den fritt varje M\u00e5ndag \u00e5ret runt och har du missat ngt nummer s\u00e5 g\u00e5 g\u00e4rna tillbaka till h<a href=\"http:\/\/stec.se\/en\/nyheter\/\">ttp:\/\/stec.se\/nyheter\/<\/a> f\u00f6r att l\u00e4sa de tidigare numren av STEC Bloggen.<\/p>\n<p><img loading=\"lazy\" decoding=\"async\" class=\"size-medium wp-image-7671 aligncenter\" src=\"http:\/\/media1.stec.se\/2020\/11\/Krutcupen-Vastra-2021-2-300x114.png\" alt=\"\" width=\"300\" height=\"114\" \/><\/p>\n<p>Denna vecka har STEC m\u00f6te med Bilsportf\u00f6rbundet vilket skall ske mellan Hasse ,Magnus och Fredrik detta k\u00e4nns bra att dialog f\u00f6rs och redan klart \u00e4r nu att Svenska \u00d6ppna M\u00e4sterskapet f\u00f6r L\u00e5nglopp kommer forts\u00e4tta k\u00f6ras genom STEC vilket \u00e4r den viktigaste fr\u00e5gan som STEC drivit sedan starten av SM 2016.\u00a0 Sen vill vi g\u00f6ra en rej\u00e4l Tumme upp f\u00f6r Micke Bern som \u00e4r STCC general som tar bort Falkenberg ur kalendern. STEC bloggen var ju i h\u00f6stas och gjorde en film p\u00e5 denna bana. <a href=\"https:\/\/www.youtube.com\/watch?v=v3Nd93pecXA&amp;t=48s\">Youtube\u00a0<\/a> Som belyser hur en styrelse bedriver diskriminering och det passar inte i dagens bilsport.Bra att fler arrang\u00f6rer hoppar \u00f6ver denna bana och vi kommer naturligtvis belysa detta p\u00e5 kommande m\u00f6te med SBF och vi hoppas det kan bli en f\u00f6r\u00e4ndring i framtiden och nuvarande Styrelse i FMK avg\u00e5r eller \u00e4ndrar inst\u00e4llning.<\/p>\n<p><img loading=\"lazy\" decoding=\"async\" class=\"size-medium wp-image-7672 aligncenter\" src=\"http:\/\/media1.stec.se\/2020\/11\/15-1-300x240.jpg\" alt=\"\" width=\"300\" height=\"240\" srcset=\"https:\/\/media1.stec.se\/2020\/11\/15-1-300x240.jpg 300w, https:\/\/media1.stec.se\/2020\/11\/15-1-1024x819.jpg 1024w, https:\/\/media1.stec.se\/2020\/11\/15-1-768x614.jpg 768w, https:\/\/media1.stec.se\/2020\/11\/15-1-1536x1229.jpg 1536w, https:\/\/media1.stec.se\/2020\/11\/15-1-1080x864.jpg 1080w, https:\/\/media1.stec.se\/2020\/11\/15-1.jpg 2000w\" sizes=\"auto, (max-width: 300px) 100vw, 300px\" \/><\/p>\n<p>Black Friday med ett bra pris\u00a0 20210 kr f\u00f6r samtliga STEC race 2021.. Obs detta pris g\u00e4ller bara denna vecka och till privat team som vill k\u00f6ra SM racingen i L\u00e5nglopp 2021\u00a0 2,4,6,8 Timmars serie.\u00a0 Swish 123 265 81 02 m\u00e4rk med teamnam och \u00e5rskort.<\/p>\n<h2 style=\"text-align: center;\"><strong>STEC RACING F\u00d6R ALLA\u00a0<\/strong><\/h2>\n<p>Denna satsning vill vi verkligen lyfta fram ihop med <a href=\"https:\/\/www.facebook.com\/per.jameson\/\">Per Jamesson<\/a> som sj\u00e4lv sitter i rullstol s\u00e5 kommer vi gemensamt starta ett Pay&amp;Drive team med killar och tjejer som har n\u00e5gon form av handikapp. Det finns m\u00f6jlighet att med Pers kunskap montera i utrustning i bilen med olika reglage och bilen en Audi TT kommer ha 2 stolar s\u00e5 \u00e4ven med\u00e5kning kommer vara m\u00f6jlig. Har du m\u00e4nniskor i din omgivning som vill vara med i denna satsning kontakta oss p\u00e5 <a href=\"mailto:stec@stec.se\">stec@stec.se<\/a> eller Per direkt f\u00f6r detta v\u00e4rmer och nu har vi funnit r\u00e4tt teamchef. F\u00f6retag och f\u00f6reningar som vill vara med i denna satsning \u00e4r naturligtvis varmt v\u00e4lkommen att vara med.\u00a0 Bilen kommer vara denna med automatisk v\u00e4xell\u00e5da och en perfekt bil f\u00f6r \u00e4ndam\u00e5let<a href=\"https:\/\/www.youtube.com\/watch?v=qXvl4dvJ_48\"> https:\/\/www.youtube.com\/watch?v=qXvl4dvJ_48<\/a><\/p>\n<p><img loading=\"lazy\" decoding=\"async\" class=\"size-full wp-image-7673 aligncenter\" src=\"http:\/\/media1.stec.se\/2020\/11\/skjorta.jpg\" alt=\"\" width=\"239\" height=\"168\" \/><\/p>\n<p>STEC Motorsport skjortor inf\u00f6r 2021 skall best\u00e4llas och vi kommer kunna skapa plats f\u00f6r 6 f\u00f6retag p\u00e5 br\u00f6stet och 8 stycken p\u00e5 armen. Kostnaden \u00e4r 5000 p\u00e5 faktura br\u00f6st 3000 arm och 50% g\u00e5r till ditt team i form av s\u00e4nkt startavgift s\u00e5 hj\u00e4lp oss att skapa snygga skjortor som kommer best\u00e4llas av en annan leverant\u00f6r kommande \u00e5r d\u00e5 trycket hade en f\u00f6rm\u00e5ga vid tv\u00e4tt att f\u00f6rs\u00e4mras vilket inte \u00e4r okey.<\/p>\n<p>Kalendern<\/p>\n<p>11 April\u00a0 Premi\u00e4r Mantorp<\/p>\n<p>1 Maj\u00a0 Tierp Arena<\/p>\n<p>5 Juni Sviestad Motorbana<\/p>\n<p>Dessa \u00e4r klara och finalen 2 Oktober \u00e4r spikad<\/p>\n<p>Det vi inv\u00e4ntar \u00e4r ett datum i August\/September p\u00e5 Geller\u00e5sen och dialog med Rickard G\u00f6ransson p\u00e5g\u00e5r med bangruppen.\u00a0 Sviestad \/ Tierp Arena \/Sturup \/Mittsverigebanan \u00e4r de banor som vi \u00e4ven diskuterar med f\u00f6r h\u00f6sten men vi ser g\u00e4rna Geller\u00e5sen p\u00e5 kalendern s\u00e5 d\u00e4rf\u00f6r v\u00e4ntar vi lite med att sl\u00e4ppa h\u00f6stens datum just nu.<\/p>\n<p>Fler team \u00c5rsbokar och denna vecka vill vi presentera Team Orange i listan som \u00e4r klara \u00e4ven om killarna fr\u00e5n V\u00e4rmd\u00f6 inte enats om vilken bil det skall byggas p\u00e5 inf\u00f6r 2021. Men klart \u00e4r att Finneman \u00e4r med vilket vi ser som positivt d\u00e5 Micke \u00e4ven \u00e4r en del av den tekniska delen inom STEC Racing.<\/p>\n<p><img loading=\"lazy\" decoding=\"async\" class=\"size-medium wp-image-7317 aligncenter\" src=\"http:\/\/media1.stec.se\/2020\/09\/finneman-300x200.jpg\" alt=\"\" width=\"300\" height=\"200\" srcset=\"https:\/\/media1.stec.se\/2020\/09\/finneman-300x200.jpg 300w, https:\/\/media1.stec.se\/2020\/09\/finneman-1024x683.jpg 1024w, https:\/\/media1.stec.se\/2020\/09\/finneman-768x512.jpg 768w, https:\/\/media1.stec.se\/2020\/09\/finneman-1536x1024.jpg 1536w, https:\/\/media1.stec.se\/2020\/09\/finneman-1080x720.jpg 1080w, https:\/\/media1.stec.se\/2020\/09\/finneman.jpg 2048w\" sizes=\"auto, (max-width: 300px) 100vw, 300px\" \/><\/p>\n<p>Den fina Audin som vann 5 av 6 race 2020 \u00e4r till salu s\u00e5 vill du ha ett f\u00e4rdigt koncept s\u00e5 ring teamet direkt.\u00a0 \u00a0 \u00a0 \u00a0 \u00a0 \u00a0 \u00a0070-7251016 och kul detta med bilar som byggs och sen forts\u00e4tter inom STEC.\u00a0 Vi s\u00f6ker \u00e4ven f\u00f6rare till denna STEC Bilarna f\u00f6r Pay&amp;Drive och nu byggs det 8 stycken likadana Audi TT bilar inf\u00f6r v\u00e5ren 2021 som vi g\u00e4rna ser grupper , f\u00f6retag , familjer men \u00e4ven privatf\u00f6rare som kan hyra. <a href=\"http:\/\/stec.se\/en\/hyrbilsteam\/\">Koncept\u00a0<\/a><\/p>\n<p style=\"text-align: center;\"><img loading=\"lazy\" decoding=\"async\" class=\"alignnone size-medium wp-image-7674\" src=\"http:\/\/media1.stec.se\/2020\/11\/iracing-300x140.jpg\" alt=\"\" width=\"300\" height=\"140\" srcset=\"https:\/\/media1.stec.se\/2020\/11\/iracing-300x140.jpg 300w, https:\/\/media1.stec.se\/2020\/11\/iracing.jpg 385w\" sizes=\"auto, (max-width: 300px) 100vw, 300px\" \/><\/p>\n<p>STEC IRacing denna vinter kommer sk\u00f6tas av duktiga <a href=\"https:\/\/www.facebook.com\/Philip-Karlsson-racing-260045097782821\">Filip<\/a> som nu bjuder in till Iracing serien som \u00e4ven denna s\u00e4song har ett fint f\u00f6rsta pris i form av en k\u00f6rning p\u00e5 n\u00e5gon av kommande STEC race 2021. Ta kontakt med Filip f\u00f6r detaljerna och vi kommer naturligtvis visa resultat osv p\u00e5 kommande bloggar och hur man enkelt anm\u00e4ler sig osv.<\/p>\n<p>Detta var denna veckas blogg och skicka g\u00e4rna in material till kommande bloggar eller maila in fr\u00e5gor , tankar som du vill vi ska belysa och framf\u00f6r allt dela bloggen till dina v\u00e4nner inom racing Sverige. Spridningen p\u00e5 Sociala medier \u00e4r fantastisk bra och ju fler som kommer till banorna 2021 ser vi som godo av med flera synergier som bla detta.\u00a0 Drive Safe alla fina gasglada v\u00e4nner.<\/p>\n<p><iframe loading=\"lazy\" title=\"Hastighet och krockv\u00e5ld | Trafikverket\" width=\"1080\" height=\"608\" src=\"https:\/\/www.youtube.com\/embed\/lf4eVLzIe-I?feature=oembed\" frameborder=\"0\" allow=\"accelerometer; autoplay; clipboard-write; encrypted-media; gyroscope; picture-in-picture\" allowfullscreen><\/iframe><\/p>\n<p><img loading=\"lazy\" decoding=\"async\" class=\"size-medium wp-image-7370 alignright\" src=\"http:\/\/media1.stec.se\/2020\/09\/rattvis-racing-300x224.jpg\" alt=\"\" width=\"300\" height=\"224\" srcset=\"https:\/\/media1.stec.se\/2020\/09\/rattvis-racing-300x224.jpg 300w, https:\/\/media1.stec.se\/2020\/09\/rattvis-racing-510x382.jpg 510w, https:\/\/media1.stec.se\/2020\/09\/rattvis-racing.jpg 683w\" sizes=\"auto, (max-width: 300px) 100vw, 300px\" \/><\/p>\n<div id=\"attachment_7286\" style=\"width: 310px\" class=\"wp-caption alignnone\"><img loading=\"lazy\" decoding=\"async\" aria-describedby=\"caption-attachment-7286\" class=\"size-medium wp-image-7286\" src=\"http:\/\/media1.stec.se\/2020\/09\/biljett-fram-300x197.jpg\" alt=\"\" width=\"300\" height=\"197\" srcset=\"https:\/\/media1.stec.se\/2020\/09\/biljett-fram-300x197.jpg 300w, https:\/\/media1.stec.se\/2020\/09\/biljett-fram.jpg 583w\" sizes=\"auto, (max-width: 300px) 100vw, 300px\" \/><p id=\"caption-attachment-7286\" class=\"wp-caption-text\">Vi f\u00e5r se om Publiken f\u00e5r vara med 2021.\u00a0<\/p><\/div>\n<p><img loading=\"lazy\" decoding=\"async\" class=\"alignnone size-medium wp-image-7234\" src=\"http:\/\/media1.stec.se\/2020\/08\/wettervik-225x300.jpg\" alt=\"\" width=\"225\" height=\"300\" srcset=\"https:\/\/media1.stec.se\/2020\/08\/wettervik-225x300.jpg 225w, https:\/\/media1.stec.se\/2020\/08\/wettervik.jpg 720w\" sizes=\"auto, (max-width: 225px) 100vw, 225px\" \/><img loading=\"lazy\" decoding=\"async\" class=\"alignnone size-full wp-image-6784\" src=\"http:\/\/media1.stec.se\/2020\/04\/utbildning.jpg\" alt=\"\" width=\"301\" height=\"148\" \/><\/p>\n<p>&nbsp;<\/p>\n<p>Licenskurs och Funktion\u00e4rskurs kommer k\u00f6ras 10 April p\u00e5 Mantorp<\/p>\n<p>Team som skapat <a href=\"https:\/\/www.facebook.com\/teamgungner\">Facebook grupp\u00a0<\/a><\/p>\n<p><img loading=\"lazy\" decoding=\"async\" class=\"alignnone size-medium wp-image-6747\" src=\"http:\/\/media1.stec.se\/2020\/04\/audi-tt-bana-300x200.jpg\" alt=\"\" width=\"300\" height=\"200\" srcset=\"https:\/\/media1.stec.se\/2020\/04\/audi-tt-bana-300x200.jpg 300w, https:\/\/media1.stec.se\/2020\/04\/audi-tt-bana-1024x683.jpg 1024w, https:\/\/media1.stec.se\/2020\/04\/audi-tt-bana-768x512.jpg 768w, https:\/\/media1.stec.se\/2020\/04\/audi-tt-bana-1536x1024.jpg 1536w, https:\/\/media1.stec.se\/2020\/04\/audi-tt-bana-1080x720.jpg 1080w, https:\/\/media1.stec.se\/2020\/04\/audi-tt-bana.jpg 2048w\" sizes=\"auto, (max-width: 300px) 100vw, 300px\" \/> STEC RACING F\u00d6R ALLA BILEN 2021<\/p>\n<p><img loading=\"lazy\" decoding=\"async\" class=\"alignnone size-medium wp-image-6222\" src=\"http:\/\/media1.stec.se\/2019\/12\/STEC-WOMEN-TEAM-2020-300x251.png\" alt=\"\" width=\"300\" height=\"251\" srcset=\"https:\/\/media1.stec.se\/2019\/12\/STEC-WOMEN-TEAM-2020-300x251.png 300w, https:\/\/media1.stec.se\/2019\/12\/STEC-WOMEN-TEAM-2020-768x644.png 768w, https:\/\/media1.stec.se\/2019\/12\/STEC-WOMEN-TEAM-2020.png 940w\" sizes=\"auto, (max-width: 300px) 100vw, 300px\" \/> STEC Women team v\u00e4xlar upp inf\u00f6r 2021 med plats f\u00f6r fler gasglada tjejer\u00a0 9,995 kostar en s\u00e4song med 5 race och \u00e4r en perfekt julklapp till den tjej som gillar racing. bokning sker till <a href=\"mailto:stec@stec.se\">stec@stec.se\u00a0\u00a0<\/a><\/p>\n\n\t\t<style type=\"text\/css\">\n\t\t\t#gallery-1 {\n\t\t\t\tmargin: auto;\n\t\t\t}\n\t\t\t#gallery-1 .gallery-item {\n\t\t\t\tfloat: left;\n\t\t\t\tmargin-top: 10px;\n\t\t\t\ttext-align: center;\n\t\t\t\twidth: 33%;\n\t\t\t}\n\t\t\t#gallery-1 img {\n\t\t\t\tborder: 2px solid #cfcfcf;\n\t\t\t}\n\t\t\t#gallery-1 .gallery-caption {\n\t\t\t\tmargin-left: 0;\n\t\t\t}\n\t\t\t\/* see gallery_shortcode() in wp-includes\/media.php *\/\n\t\t<\/style>\n\t\t<div id='gallery-1' class='gallery galleryid-7670 gallery-columns-3 gallery-size-medium'><dl class='gallery-item'>\n\t\t\t<dt class='gallery-icon landscape'>\n\t\t\t\t<a href='https:\/\/stec.se\/en\/bloggen-infor-gotland-boende-foretagsrace-funktionarer-inom-stec\/stec-logga\/'><img loading=\"lazy\" decoding=\"async\" width=\"300\" height=\"168\" src=\"https:\/\/media1.stec.se\/2020\/08\/stec-logga.jpg\" class=\"attachment-medium size-medium\" alt=\"\" aria-describedby=\"gallery-1-7195\" \/><\/a>\n\t\t\t<\/dt>\n\t\t\t\t<dd class='wp-caption-text gallery-caption' id='gallery-1-7195'>\n\t\t\t\tSTEC SM L\u00e5nglopp \n\t\t\t\t<\/dd><\/dl><dl class='gallery-item'>\n\t\t\t<dt class='gallery-icon landscape'>\n\t\t\t\t<a href='https:\/\/stec.se\/en\/bloggen-infor-gotland-boende-foretagsrace-funktionarer-inom-stec\/rovab\/'><img loading=\"lazy\" decoding=\"async\" width=\"300\" height=\"146\" src=\"https:\/\/media1.stec.se\/2020\/08\/rovab-300x146.png\" class=\"attachment-medium size-medium\" alt=\"\" aria-describedby=\"gallery-1-7184\" srcset=\"https:\/\/media1.stec.se\/2020\/08\/rovab-300x146.png 300w, https:\/\/media1.stec.se\/2020\/08\/rovab.png 337w\" sizes=\"auto, (max-width: 300px) 100vw, 300px\" \/><\/a>\n\t\t\t<\/dt>\n\t\t\t\t<dd class='wp-caption-text gallery-caption' id='gallery-1-7184'>\n\t\t\t\tsuper racing oljor \n\t\t\t\t<\/dd><\/dl><dl class='gallery-item'>\n\t\t\t<dt class='gallery-icon landscape'>\n\t\t\t\t<a href='https:\/\/stec.se\/en\/mandagsblogg-9-mars-licens-forsakring-coilovers-fler-team-stec-inte-enbart-racing\/yokohama-6\/'><img loading=\"lazy\" decoding=\"async\" width=\"300\" height=\"80\" src=\"https:\/\/media1.stec.se\/2020\/03\/yokohama-300x80.png\" class=\"attachment-medium size-medium\" alt=\"\" aria-describedby=\"gallery-1-6586\" srcset=\"https:\/\/media1.stec.se\/2020\/03\/yokohama-300x80.png 300w, https:\/\/media1.stec.se\/2020\/03\/yokohama.png 433w\" sizes=\"auto, (max-width: 300px) 100vw, 300px\" \/><\/a>\n\t\t\t<\/dt>\n\t\t\t\t<dd class='wp-caption-text gallery-caption' id='gallery-1-6586'>\n\t\t\t\tYokohama b\u00e4sta d\u00e4cken \n\t\t\t\t<\/dd><\/dl><br style=\"clear: both\" \/><dl class='gallery-item'>\n\t\t\t<dt class='gallery-icon landscape'>\n\t\t\t\t<a href='https:\/\/stec.se\/en\/17-februari-7-utbildning-ticket-to-drive-forsakringar-skorhandskarsponsorer-varnamo-fullspackat-nummer-las-dela-vidare\/stec-samverkan-2\/'><img loading=\"lazy\" decoding=\"async\" width=\"300\" height=\"147\" src=\"https:\/\/media1.stec.se\/2020\/02\/stec-samverkan-300x147.jpg\" class=\"attachment-medium size-medium\" alt=\"\" aria-describedby=\"gallery-1-6494\" srcset=\"https:\/\/media1.stec.se\/2020\/02\/stec-samverkan-300x147.jpg 300w, https:\/\/media1.stec.se\/2020\/02\/stec-samverkan-768x377.jpg 768w, https:\/\/media1.stec.se\/2020\/02\/stec-samverkan.jpg 1018w\" sizes=\"auto, (max-width: 300px) 100vw, 300px\" \/><\/a>\n\t\t\t<\/dt>\n\t\t\t\t<dd class='wp-caption-text gallery-caption' id='gallery-1-6494'>\n\t\t\t\tSamverkan skapar gramg\u00e5ng\n\t\t\t\t<\/dd><\/dl><dl class='gallery-item'>\n\t\t\t<dt class='gallery-icon landscape'>\n\t\t\t\t<a href='https:\/\/stec.se\/en\/bloggen-28-april-pa-lordag-vantar-sm-finalen-2020\/logga-mekdelar\/'><img loading=\"lazy\" decoding=\"async\" width=\"300\" height=\"214\" src=\"https:\/\/media1.stec.se\/2020\/09\/logga-mekdelar-300x214.png\" class=\"attachment-medium size-medium\" alt=\"\" aria-describedby=\"gallery-1-7363\" srcset=\"https:\/\/media1.stec.se\/2020\/09\/logga-mekdelar-300x214.png 300w, https:\/\/media1.stec.se\/2020\/09\/logga-mekdelar-400x284.png 400w, https:\/\/media1.stec.se\/2020\/09\/logga-mekdelar.png 700w\" sizes=\"auto, (max-width: 300px) 100vw, 300px\" \/><\/a>\n\t\t\t<\/dt>\n\t\t\t\t<dd class='wp-caption-text gallery-caption' id='gallery-1-7363'>\n\t\t\t\twww.mekdelar.se\n\t\t\t\t<\/dd><\/dl><dl class='gallery-item'>\n\t\t\t<dt class='gallery-icon landscape'>\n\t\t\t\t<a href='https:\/\/stec.se\/en\/final-blogg-5-oktober-las-om-arbetet-infor-2021\/krutcupen-tierp-2021\/'><img loading=\"lazy\" decoding=\"async\" width=\"300\" height=\"250\" src=\"https:\/\/media1.stec.se\/2020\/10\/krutcupen-tierp-2021-300x250.jpg\" class=\"attachment-medium size-medium\" alt=\"\" aria-describedby=\"gallery-1-7451\" srcset=\"https:\/\/media1.stec.se\/2020\/10\/krutcupen-tierp-2021-300x250.jpg 300w, https:\/\/media1.stec.se\/2020\/10\/krutcupen-tierp-2021.jpg 444w\" sizes=\"auto, (max-width: 300px) 100vw, 300px\" \/><\/a>\n\t\t\t<\/dt>\n\t\t\t\t<dd class='wp-caption-text gallery-caption' id='gallery-1-7451'>\n\t\t\t\tKrutcupen Tierp 2021\n\t\t\t\t<\/dd><\/dl><br style=\"clear: both\" \/>\n\t\t<\/div>\n\n<p>&nbsp;<\/p>\n<p>&nbsp;<\/p>\n<p>&nbsp;<\/p>\n<p>&nbsp;<\/p>","protected":false},"excerpt":{"rendered":"<p>V\u00e4lkommen till \u00e4nnu en M\u00e5ndagsblogg och vi bjuder g\u00e4rna p\u00e5 den fritt varje M\u00e5ndag \u00e5ret runt och har du missat ngt nummer s\u00e5 g\u00e5 g\u00e4rna tillbaka till http:\/\/stec.se\/nyheter\/ f\u00f6r att l\u00e4sa de tidigare numren av STEC Bloggen. Denna vecka har STEC m\u00f6te med Bilsportf\u00f6rbundet vilket skall ske mellan Hasse ,Magnus och Fredrik detta k\u00e4nns bra [&hellip;]<\/p>\n","protected":false},"author":2,"featured_media":7672,"comment_status":"open","ping_status":"open","sticky":false,"template":"","format":"standard","meta":{"_et_pb_use_builder":"","_et_pb_old_content":"","footnotes":""},"categories":[1],"tags":[],"class_list":["post-7670","post","type-post","status-publish","format-standard","has-post-thumbnail","hentry","category-uncategorized"],"aioseo_notices":[],"_links":{"self":[{"href":"https:\/\/stec.se\/en\/wp-json\/wp\/v2\/posts\/7670","targetHints":{"allow":["GET"]}}],"collection":[{"href":"https:\/\/stec.se\/en\/wp-json\/wp\/v2\/posts"}],"about":[{"href":"https:\/\/stec.se\/en\/wp-json\/wp\/v2\/types\/post"}],"author":[{"embeddable":true,"href":"https:\/\/stec.se\/en\/wp-json\/wp\/v2\/users\/2"}],"replies":[{"embeddable":true,"href":"https:\/\/stec.se\/en\/wp-json\/wp\/v2\/comments?post=7670"}],"version-history":[{"count":1,"href":"https:\/\/stec.se\/en\/wp-json\/wp\/v2\/posts\/7670\/revisions"}],"predecessor-version":[{"id":7675,"href":"https:\/\/stec.se\/en\/wp-json\/wp\/v2\/posts\/7670\/revisions\/7675"}],"wp:featuredmedia":[{"embeddable":true,"href":"https:\/\/stec.se\/en\/wp-json\/wp\/v2\/media\/7672"}],"wp:attachment":[{"href":"https:\/\/stec.se\/en\/wp-json\/wp\/v2\/media?parent=7670"}],"wp:term":[{"taxonomy":"category","embeddable":true,"href":"https:\/\/stec.se\/en\/wp-json\/wp\/v2\/categories?post=7670"},{"taxonomy":"post_tag","embeddable":true,"href":"https:\/\/stec.se\/en\/wp-json\/wp\/v2\/tags?post=7670"}],"curies":[{"name":"wp","href":"https:\/\/api.w.org\/{rel}","templated":true}]}}