{"id":6842,"date":"2020-04-26T07:43:27","date_gmt":"2020-04-26T07:43:27","guid":{"rendered":"http:\/\/stec.se\/?p=6842"},"modified":"2020-04-26T10:25:58","modified_gmt":"2020-04-26T10:25:58","slug":"mandagsblogg-27-april-trackday-time-attack-licenskurs-sol-pa-tierp-las-gratis-varje-mandag","status":"publish","type":"post","link":"https:\/\/stec.se\/en\/mandagsblogg-27-april-trackday-time-attack-licenskurs-sol-pa-tierp-las-gratis-varje-mandag\/","title":{"rendered":"M\u00e5ndagsblogg 27 April  Trackday , Time-Attack , Licenskurs , Sol p\u00e5 Tierp  L\u00e4s gratis Varje M\u00e5ndag"},"content":{"rendered":"<p><img loading=\"lazy\" decoding=\"async\" class=\"alignnone size-medium wp-image-6843 aligncenter\" src=\"http:\/\/media1.stec.se\/2020\/04\/SOL-2-300x42.jpg\" alt=\"\" width=\"300\" height=\"42\" srcset=\"https:\/\/media1.stec.se\/2020\/04\/SOL-2-300x42.jpg 300w, https:\/\/media1.stec.se\/2020\/04\/SOL-2-768x109.jpg 768w, https:\/\/media1.stec.se\/2020\/04\/SOL-2.jpg 891w\" sizes=\"auto, (max-width: 300px) 100vw, 300px\" \/><\/p>\n<p>V\u00e4dret \u00e4r alltid en viktig detalj inom racingen. Denna g\u00e5ng blir det torrd\u00e4ck , STEC Jacka med tjocktr\u00f6ja p\u00e5 morgonen f\u00f6r att inf\u00f6r start kunna anpassa oss till en ganska fin temperatur.\u00a0 Jackor tas med till f\u00f6rs\u00e4ljning och ev har skjortorna hunnit komma de ska skickas fr\u00e5n England denna vecka enligt Tracking numbers p\u00e5 UPS.<\/p>\n<p><img loading=\"lazy\" decoding=\"async\" class=\"size-medium wp-image-4889 alignleft\" src=\"http:\/\/media1.stec.se\/2019\/04\/53817062_2149946015072633_1365613786957873152_n-300x188.jpg\" alt=\"\" width=\"300\" height=\"188\" srcset=\"https:\/\/media1.stec.se\/2019\/04\/53817062_2149946015072633_1365613786957873152_n-300x188.jpg 300w, https:\/\/media1.stec.se\/2019\/04\/53817062_2149946015072633_1365613786957873152_n-768x480.jpg 768w, https:\/\/media1.stec.se\/2019\/04\/53817062_2149946015072633_1365613786957873152_n-1024x640.jpg 1024w, https:\/\/media1.stec.se\/2019\/04\/53817062_2149946015072633_1365613786957873152_n-400x250.jpg 400w, https:\/\/media1.stec.se\/2019\/04\/53817062_2149946015072633_1365613786957873152_n-1080x675.jpg 1080w, https:\/\/media1.stec.se\/2019\/04\/53817062_2149946015072633_1365613786957873152_n.jpg 1280w\" sizes=\"auto, (max-width: 300px) 100vw, 300px\" \/><img loading=\"lazy\" decoding=\"async\" class=\"size-medium wp-image-4901 alignright\" src=\"http:\/\/media1.stec.se\/2019\/04\/strumpor-300x188.jpg\" alt=\"\" width=\"300\" height=\"188\" srcset=\"https:\/\/media1.stec.se\/2019\/04\/strumpor-300x188.jpg 300w, https:\/\/media1.stec.se\/2019\/04\/strumpor-768x480.jpg 768w, https:\/\/media1.stec.se\/2019\/04\/strumpor-1024x640.jpg 1024w, https:\/\/media1.stec.se\/2019\/04\/strumpor-400x250.jpg 400w, https:\/\/media1.stec.se\/2019\/04\/strumpor-1080x675.jpg 1080w, https:\/\/media1.stec.se\/2019\/04\/strumpor.jpg 1280w\" sizes=\"auto, (max-width: 300px) 100vw, 300px\" \/><\/p>\n<p><img loading=\"lazy\" decoding=\"async\" class=\"size-medium wp-image-5227 aligncenter\" src=\"http:\/\/media1.stec.se\/2019\/06\/audi-tt-estrid-300x225.jpg\" alt=\"\" width=\"300\" height=\"225\" srcset=\"https:\/\/media1.stec.se\/2019\/06\/audi-tt-estrid-300x225.jpg 300w, https:\/\/media1.stec.se\/2019\/06\/audi-tt-estrid-510x382.jpg 510w, https:\/\/media1.stec.se\/2019\/06\/audi-tt-estrid.jpg 720w\" sizes=\"auto, (max-width: 300px) 100vw, 300px\" \/><\/p>\n<p>Hyrbilsteam och plats f\u00f6r dig som vill k\u00f6ra racing men slippa meka h\u00f6r av dig. Tjejerna har plats i tjejbilen och juniorerna har alltid plats. Vi har nu byggt 8 stycken Audi A3 och 2 Stycken Audi TT bilar och ambitionen \u00e4r att bygga 10 stycken av b\u00e5da modellerna inf\u00f6r 2021 f\u00f6r att kunna utveckla detta med Pay&amp;Drive konceptet som vi hoppas ska kunna vara en bra m\u00f6jlighet att kunna f\u00e5 nya f\u00f6rare att b\u00f6rja k\u00f6ra samt f\u00f6retag och olika grupper till banan. S\u00e5 hj\u00e4lp oss dela runt detta <a href=\"http:\/\/stec.se\/en\/hyrbilsteam\/\">Click\u00a0<\/a><\/p>\n<p><img loading=\"lazy\" decoding=\"async\" class=\"size-medium wp-image-5177 aligncenter\" src=\"http:\/\/media1.stec.se\/2019\/06\/stec-run-300x225.jpg\" alt=\"\" width=\"300\" height=\"225\" srcset=\"https:\/\/media1.stec.se\/2019\/06\/stec-run-300x225.jpg 300w, https:\/\/media1.stec.se\/2019\/06\/stec-run-768x576.jpg 768w, https:\/\/media1.stec.se\/2019\/06\/stec-run-1024x768.jpg 1024w, https:\/\/media1.stec.se\/2019\/06\/stec-run-510x382.jpg 510w, https:\/\/media1.stec.se\/2019\/06\/stec-run-1080x810.jpg 1080w\" sizes=\"auto, (max-width: 300px) 100vw, 300px\" \/><\/p>\n<p>Stec Run ?? Vi bygger nu p\u00e5 sikt upp mer utbildning och Trackdays som vi hoppas kunna utveckla efter sommaren fullt ut p\u00e5 Sviestad och Tierp Arena..Med egen bil eller hyrbil.\u00a0 Vi har nu f\u00e5tt in flera duktiga k\u00f6rledare.\u00a0 Inf\u00f6r kommande Trackdays \u00e4r dessa tider och priset har vi nu gjort enkelt 995 kronor per dag rakt av oavsett datum hela 2020.\u00a0 det som tillkommer \u00e4r F\u00f6rs\u00e4kring 200 kronor per f\u00f6rare eller med\u00e5kare\u00a0 och valfritt Tidtagning 200 kronor.<\/p>\n<p>1 Maj Heldag 09-17 K\u00f6rning hela dagen<\/p>\n<p>2 Maj k\u00f6rtider\u00a0 09-09,50\u00a0 13-14\u00a0 och 17-18<\/p>\n<p>3 Maj\u00a0 k\u00f6rtider 09&#8211;10\u00a0 12-13\u00a0 15-17<\/p>\n<p>Obs obligatoriskt anm\u00e4lan alltid p\u00e5 stec@stec.se platserna \u00e4r maximerade och alltid f\u00f6rst till kvarn f\u00e5r k\u00f6ra.<\/p>\n<p><img loading=\"lazy\" decoding=\"async\" class=\"size-medium wp-image-6493 aligncenter\" src=\"http:\/\/media1.stec.se\/2020\/02\/stec-licens-300x147.jpg\" alt=\"\" width=\"300\" height=\"147\" srcset=\"https:\/\/media1.stec.se\/2020\/02\/stec-licens-300x147.jpg 300w, https:\/\/media1.stec.se\/2020\/02\/stec-licens-768x376.jpg 768w, https:\/\/media1.stec.se\/2020\/02\/stec-licens.jpg 1022w\" sizes=\"auto, (max-width: 300px) 100vw, 300px\" \/><\/p>\n<p style=\"text-align: center;\">1 Maj kommer vi k\u00f6ra en Licenskurs pris 990 kronor p\u00e5 Tierp Arena anm\u00e4lan som alltid <a href=\"mailto:stec@stec.se\">stec@stec.se<img loading=\"lazy\" decoding=\"async\" class=\"size-full wp-image-5398 aligncenter\" src=\"http:\/\/media1.stec.se\/2019\/09\/anm\u00e4aln.png\" alt=\"\" width=\"293\" height=\"167\" \/><\/a><strong>Vi f\u00e5r ibland h\u00f6ra att det \u00e4r kr\u00e5ngligt att anm\u00e4la sig till STEC <\/strong><\/p>\n<p>Det finns nog ingen serie som \u00e4r l\u00e4ttare att anm\u00e4la sig till \u00e4n just STEC Motorsport. Har man en dator , padda eller telefon s\u00e5 \u00e4r det inga som helst problem.\u00a0 Skicka ett Email\u00a0 \u00a0<a href=\"mailto:stec@stec.se\">stec@stec.se <\/a>Har man ingen email eller har grav dyslexi s\u00e5 ring 070-798 23 78 Men det ska vara i undantagsfall. F\u00f6r det \u00e4r s\u00e5 smidigt att kunna l\u00e4gga in er bokning p\u00e5 email direkt i exelarket. Du tar med\u00a0 p\u00e5 plats eller skickar p\u00e5 E-post de 2 dokument vi \u00f6nskar. T\u00e4vlingsanm\u00e4lan och Egenkontroll av bilen B\u00e5da finns p\u00e5<a href=\"http:\/\/stec.se\/en\/anmalning\/\"> sidan<\/a><\/p>\n<p>Betalning Swish eller kontant. Ska det vara faktura s\u00e5 vill vi ha denna betald innan racet startar och boka i tid och slipp sen anm\u00e4lningskostnad. allt b\u00f6r att l\u00e4sa om p\u00e5 denna <a href=\"http:\/\/stec.se\/en\/anmalning\/\">hemsida.<\/a> Saknar du n\u00e5got s\u00e5 kontakta <a href=\"\/en\/stec@stec.se\/\">oss\u00a0<\/a><\/p>\n<p><a href=\"http:\/\/media1.stec.se\/2020\/02\/STEC-ANM\u00c4LAN-START-2020-9.docx\">STEC-ANM\u00c4LAN-START-2020 (9)<\/a>\u00a0 \u00a0 <a href=\"http:\/\/media1.stec.se\/2020\/04\/Besiktningsprotokoll-Egenkontroll.pdf\">Besiktningsprotokoll-Egenkontroll<\/a> Det \u00e4r dessa 2 protokoll vi \u00f6nskar<\/p>\n<p><strong>D\u00e4ck , St\u00f6td\u00e4mpare , Motoroptimering , hj\u00e4lmar , kl\u00e4der , handskar , oljor , biltransport , boende , tankningshj\u00e4lp ,\u00a0 mekhj\u00e4lp , Tr\u00e4ning , Hyrbilar , Coachning , bursvetsning , generatorer , STEC vill hj\u00e4lpa er f\u00f6rare och f\u00f6retagare.\u00a0<\/strong><\/p>\n<p><img loading=\"lazy\" decoding=\"async\" class=\"size-medium wp-image-3853 aligncenter\" src=\"http:\/\/media1.stec.se\/2018\/12\/win-win-300x157.png\" alt=\"\" width=\"300\" height=\"157\" srcset=\"https:\/\/media1.stec.se\/2018\/12\/win-win-300x157.png 300w, https:\/\/media1.stec.se\/2018\/12\/win-win-768x402.png 768w, https:\/\/media1.stec.se\/2018\/12\/win-win-1024x536.png 1024w, https:\/\/media1.stec.se\/2018\/12\/win-win-1080x565.png 1080w, https:\/\/media1.stec.se\/2018\/12\/win-win.png 1200w\" sizes=\"auto, (max-width: 300px) 100vw, 300px\" \/><\/p>\n<p>Vi inom STEC vill hj\u00e4lpa er t\u00e4vlande att kunna p\u00e5 b\u00e4sta , enklaste s\u00e4tt kunna bedriva er hobby. Detta g\u00f6r vi genom samverkan och win-win m\u00f6jligheter. Vi har avtal med en hel del duktiga f\u00f6retag och kan guida dig var du finner b\u00e4sta verktygen eller racingstolarna till ett bra pris och du som f\u00f6retagare f\u00e5r ta del av k\u00f6pstarka f\u00f6rare som beh\u00f6ver material och tj\u00e4nster b\u00e5de till t\u00e4vlingsbilarna men \u00e4ven till sin \u00f6vriga verksamhet.\u00a0 STEC tar 5000 kronor per f\u00f6retag och \u00e5r f\u00f6r denna tj\u00e4nst och reklam kommer p\u00e5 hemsidor , sociala medier , arena reklam och genom mun-mun prova detta och anm\u00e4l ert f\u00f6retag till STEC.<\/p>\n<p><img loading=\"lazy\" decoding=\"async\" class=\"size-medium wp-image-6645 aligncenter\" src=\"http:\/\/media1.stec.se\/2020\/03\/lastbil-bl\u00e5-300x253.jpg\" alt=\"\" width=\"300\" height=\"253\" srcset=\"https:\/\/media1.stec.se\/2020\/03\/lastbil-bl\u00e5-300x253.jpg 300w, https:\/\/media1.stec.se\/2020\/03\/lastbil-bl\u00e5.jpg 720w\" sizes=\"auto, (max-width: 300px) 100vw, 300px\" \/><\/p>\n<p>Lastbilen s\u00f6ker mer k\u00f6rning mellan racen men \u00e4ven till banan. Beh\u00f6ver du hj\u00e4lp med transporter till Tierp s\u00e5 hojta om du finner behov av en bra bil. Ig\u00e5r var den ute p\u00e5 bohagsflytt till Hedemora.\u00a0 G\u00e5r bra att lasta in en bil osv. .<\/p>\n<p>Okey detta var en kort Blogg men l\u00e4s g\u00e4rna f\u00f6rra numret som var spr\u00e4ngfyllt med info om Tierp. 1-3 Maj\u00a0 alla bloggar finner du h\u00e4r <a href=\"http:\/\/stec.se\/en\/nyheter\/\">click\u00a0<\/a><\/p>\n<p>Nu \u00f6nskar vi er alla en riktigt bra Vecka och v\u00e4lkomnar ett helt nytt team som heter Team Edvardssons med Porsche<\/p>\n<p>&nbsp;<\/p>\n<p>&nbsp;<\/p>\n<p>&nbsp;<\/p>\n<p>&nbsp;<\/p>\n<p>&nbsp;<\/p>","protected":false},"excerpt":{"rendered":"<p>V\u00e4dret \u00e4r alltid en viktig detalj inom racingen. Denna g\u00e5ng blir det torrd\u00e4ck , STEC Jacka med tjocktr\u00f6ja p\u00e5 morgonen f\u00f6r att inf\u00f6r start kunna anpassa oss till en ganska fin temperatur.\u00a0 Jackor tas med till f\u00f6rs\u00e4ljning och ev har skjortorna hunnit komma de ska skickas fr\u00e5n England denna vecka enligt Tracking numbers p\u00e5 UPS. [&hellip;]<\/p>\n","protected":false},"author":2,"featured_media":6843,"comment_status":"open","ping_status":"open","sticky":false,"template":"","format":"standard","meta":{"_et_pb_use_builder":"","_et_pb_old_content":"","footnotes":""},"categories":[1],"tags":[],"class_list":["post-6842","post","type-post","status-publish","format-standard","has-post-thumbnail","hentry","category-uncategorized"],"aioseo_notices":[],"_links":{"self":[{"href":"https:\/\/stec.se\/en\/wp-json\/wp\/v2\/posts\/6842","targetHints":{"allow":["GET"]}}],"collection":[{"href":"https:\/\/stec.se\/en\/wp-json\/wp\/v2\/posts"}],"about":[{"href":"https:\/\/stec.se\/en\/wp-json\/wp\/v2\/types\/post"}],"author":[{"embeddable":true,"href":"https:\/\/stec.se\/en\/wp-json\/wp\/v2\/users\/2"}],"replies":[{"embeddable":true,"href":"https:\/\/stec.se\/en\/wp-json\/wp\/v2\/comments?post=6842"}],"version-history":[{"count":3,"href":"https:\/\/stec.se\/en\/wp-json\/wp\/v2\/posts\/6842\/revisions"}],"predecessor-version":[{"id":6846,"href":"https:\/\/stec.se\/en\/wp-json\/wp\/v2\/posts\/6842\/revisions\/6846"}],"wp:featuredmedia":[{"embeddable":true,"href":"https:\/\/stec.se\/en\/wp-json\/wp\/v2\/media\/6843"}],"wp:attachment":[{"href":"https:\/\/stec.se\/en\/wp-json\/wp\/v2\/media?parent=6842"}],"wp:term":[{"taxonomy":"category","embeddable":true,"href":"https:\/\/stec.se\/en\/wp-json\/wp\/v2\/categories?post=6842"},{"taxonomy":"post_tag","embeddable":true,"href":"https:\/\/stec.se\/en\/wp-json\/wp\/v2\/tags?post=6842"}],"curies":[{"name":"wp","href":"https:\/\/api.w.org\/{rel}","templated":true}]}}