{"id":6763,"date":"2020-04-06T08:03:02","date_gmt":"2020-04-06T08:03:02","guid":{"rendered":"http:\/\/stec.se\/?p=6763"},"modified":"2020-04-06T08:07:26","modified_gmt":"2020-04-06T08:07:26","slug":"bloggen-april-premiaren-har-kommer-eftersnacket-bilderfilmer","status":"publish","type":"post","link":"https:\/\/stec.se\/en\/bloggen-april-premiaren-har-kommer-eftersnacket-bilderfilmer\/","title":{"rendered":"Bloggen April premi\u00e4ren h\u00e4r kommer eftersnacket bilder,filmer."},"content":{"rendered":"<h3 style=\"text-align: center;\"><strong>Premi\u00e4ren 2020 4-5 April STEC<\/strong><\/h3>\n<p>Veckan inf\u00f6r detta var tuffa f\u00f6r oss alla med Covid 19 med allt vad detta inneb\u00e4r. Tekniska delar som inte hinner komma fram, M\u00e5nga team som av flera orsaker inte kunde st\u00e4lla upp. Ingen publik som kunde n\u00e4rvara osv osv.<\/p>\n<p>Men vi fokuserade p\u00e5 racen och med stor beslutsamhet och handlingskraft g\u00e5tt in p\u00e5 att k\u00f6ra premi\u00e4ren och vilken fantastiskt helg det blev f\u00f6r oss som tog oss till banan.<\/p>\n<p><strong>Tack film<\/strong><\/p>\n<p><iframe loading=\"lazy\" title=\"STEC Premi\u00e4r 2020\" width=\"1080\" height=\"608\" src=\"https:\/\/www.youtube.com\/embed\/W2RRHsG7mJU?feature=oembed\" frameborder=\"0\" allow=\"accelerometer; autoplay; encrypted-media; gyroscope; picture-in-picture\" allowfullscreen><\/iframe><\/p>\n<p><strong>STEC Light Malmby\u00a0<\/strong><\/p>\n<p>Detta med Light vill vi sl\u00e5 ett extra slag f\u00f6r inf\u00f6r 2020. Nu var det ett tunt startf\u00e4lt pga av ett sent banbyte och detta med att Malmby \u00e4r tuff utan toaletter osv Men en v\u00e4ldigt bra Lightbana.<\/p>\n<p>Segrade Gjorde duktiga<a href=\"https:\/\/www.elodiesel.se\/\"> EL&amp;Diesel\u00a0\u00a0<\/a><\/p>\n<p>Haninge g\u00e4nget som k\u00f6r detta som ett f\u00f6retags event och det vill vi lyfta fram att detta \u00e4r perfekt team -building. s\u00e4tt f\u00f6r kompisg\u00e4nget ,familjen , eller just med jobbet. Vill ni inte bygga egen bil s\u00e5 hj\u00e4lper vi er och g\u00f6r ett pay&amp;Drive paket &#8221;all inclusive&#8221; Ni kommer med gruppen vi ordnar resten.<\/p>\n<p>Silver pokalen gick till Team \u00c5terfall ett kul g\u00e4ng med ett kompisg\u00e4ng som alla nu fyllda 60+ och har enorm bilsportbakgrund fr\u00e5n Rally ,Folkrace och nu k\u00f6r detta med Krutcupen\/stec Light.<\/p>\n<p>Tack alla som kom och testade sina bilar mer om detta nedan.<\/p>\n<p>Vi l\u00e4gger upp hela listan under veckan p\u00e5 resultat listorna <a href=\"http:\/\/stec.se\/en\/resultat\/\">here\u00a0<\/a><\/p>\n<p style=\"text-align: center;\"><strong>STEC Mantorp 5 April under v\u00e4ktarkontroll ?<\/strong><\/p>\n<p><img loading=\"lazy\" decoding=\"async\" class=\"size-medium wp-image-6767 aligncenter\" src=\"http:\/\/media1.stec.se\/2020\/04\/v\u00e4ktare-300x225.jpg\" alt=\"\" width=\"300\" height=\"225\" srcset=\"https:\/\/media1.stec.se\/2020\/04\/v\u00e4ktare-300x225.jpg 300w, https:\/\/media1.stec.se\/2020\/04\/v\u00e4ktare.jpg 394w\" sizes=\"auto, (max-width: 300px) 100vw, 300px\" \/><\/p>\n<p>Beklagligt f\u00f6r er som inte kunde f\u00e5 se racet utan blev avvisade men i dessa r\u00e5dande tider \u00e4r vi precis som alla andra skyldiga att f\u00f6lja de lagar och f\u00f6rordningar som g\u00e4ller s\u00e5 detta var ett helt publikfritt event. Vi kommer ha precis samma sak p\u00e5 n\u00e4sta k\u00f6rning 1-3 Maj p\u00e5 Tierp Arena om inte polisen anser annat.\u00a0 \u00c5ter igen STEC f\u00f6ljer de regler som g\u00e4ller ,fulla motort\u00e4vlingsf\u00f6rs\u00e4kringar\u00a0 full sjukv\u00e5rd och utbildade funktion\u00e4rer och genomf\u00f6r race, event och utbildningar kontakta oss f\u00f6r mer <a href=\"http:\/\/stec.se\/en\/klubbsamverkan\/\">info<\/a><\/p>\n<h3><strong><a href=\"https:\/\/onedrive.live.com\/?authkey=%21ACkFae%2DQFglrqUc&amp;id=B83F871B717ADC40%216624&amp;cid=B83F871B717ADC40\">Bilder Klicka<\/a><\/strong><\/h3>\n<p>Filmer \u00e4r p\u00e5 g\u00e5ng men m\u00e5ste f\u00e5 redigeras vilket \u00e4r ett par dagars jobb.\u00a0 Men n\u00e5gra ljusglimtar<\/p>\n<p><img loading=\"lazy\" decoding=\"async\" class=\"size-medium wp-image-6768 aligncenter\" src=\"http:\/\/media1.stec.se\/2020\/04\/seger-300x225.jpg\" alt=\"\" width=\"300\" height=\"225\" srcset=\"https:\/\/media1.stec.se\/2020\/04\/seger-300x225.jpg 300w, https:\/\/media1.stec.se\/2020\/04\/seger-768x576.jpg 768w, https:\/\/media1.stec.se\/2020\/04\/seger-510x382.jpg 510w, https:\/\/media1.stec.se\/2020\/04\/seger.jpg 828w\" sizes=\"auto, (max-width: 300px) 100vw, 300px\" \/><\/p>\n<p>Team <a href=\"https:\/\/www.facebook.com\/groups\/391029561257380\/\">Fillebaxter<\/a> Visade\u00a0 stor klass och vi visste innan att detta team som \u00e4r \u00f6verl\u00e4gset Sveriges starkaste team inom Svensk Endurance med \u00f6ver 30 \u00e5rs erfarenhet vann med sin fina nummer 15.<\/p>\n<p>Team <a href=\"https:\/\/nystromscement.se\/\">Nystr\u00f6ms Cement<\/a> Kl\u00e4mde till dagens snabbaste varvtid 1,27,778 med en helt nybyggd bil. deras gamla finns i Rimbo s\u00e5 ta kontakt med Tomas om ni vill k\u00f6pa en riktigt kompetent t\u00e4vlingsbil.<\/p>\n<p>Team Raptor Light vann den interna striden med <a href=\"https:\/\/www.facebook.com\/pegasusendurance\/\">Pegasus<\/a> Dannefalk och j\u00e4ttekul att se gamla k\u00e4ra ansikten d\u00e5 dessa team har en gemensam n\u00e4mnare och det \u00e4r <a href=\"https:\/\/www.facebook.com\/krutcupen\/\">Krutcupen<\/a><\/p>\n<p>STEC Women team <img loading=\"lazy\" decoding=\"async\" class=\"alignnone size-medium wp-image-6770\" src=\"http:\/\/media1.stec.se\/2020\/04\/tjejer-mantorp-300x200.jpg\" alt=\"\" width=\"300\" height=\"200\" srcset=\"https:\/\/media1.stec.se\/2020\/04\/tjejer-mantorp-300x200.jpg 300w, https:\/\/media1.stec.se\/2020\/04\/tjejer-mantorp-768x512.jpg 768w, https:\/\/media1.stec.se\/2020\/04\/tjejer-mantorp.jpg 960w\" sizes=\"auto, (max-width: 300px) 100vw, 300px\" \/> K\u00f6rde fantastiskt bra med sin Audi A3 som fick rycka in som reservbil och vi lyfter p\u00e5 hj\u00e4lmen f\u00f6r en j\u00e4ttefin prestation d\u00e5 4 av tjejerna var helt nya och med proffsig hj\u00e4lp av <a href=\"https:\/\/www.facebook.com\/hans.beckert\">Hans Beckert<\/a> s\u00e5 blev detta en mycket bra debut.\u00a0 Nu laddar vi stenh\u00e5rd med att ordinarie bilen Mini Coopern blir klar inf\u00f6r Tierp Arena 1-3 Maj. Vill du vara med i teamet som f\u00f6rare eller samverkanspartner. bes\u00f6k teamets grupp p\u00e5 <a href=\"https:\/\/www.facebook.com\/groups\/2318381294917514\/\">sociala medier\u00a0\u00a0\u00a0<\/a><\/p>\n<p><strong>STEC TRACKDAYS\u00a0\u00a0<\/strong><\/p>\n<p>Detta \u00e4r viktig l\u00e4sning f\u00f6r dig som vill b\u00f6rja eller \u00e4r erfaren att k\u00f6ra p\u00e5 bana. Annandag p\u00e5sk k\u00f6r vi en heldag p\u00e5 Tierp Arena f\u00f6r 995 kronor en hel dag med gatbilar , sportbilar , t\u00e4vlingsbilar obligatorisk anm\u00e4lan p\u00e5 email <a href=\"mailto:stec@stec.se\">stec@stec.se<\/a> Detta \u00f6nskar vi att ni sprider\u00a0 h\u00e4r finns <a href=\"https:\/\/www.facebook.com\/events\/505194660389748\/\">facebook inbjudan<\/a> . Detta med att b\u00f6rja testa sin bil p\u00e5 banan eller hyr en bil p\u00e5 plats l\u00e4s mer p\u00e5 <a href=\"http:\/\/stec.se\/en\/bankorning\/\">hemsidan.<\/a><\/p>\n<p><iframe loading=\"lazy\" title=\"STEC Trackday Sviestad 2019\" width=\"1080\" height=\"608\" src=\"https:\/\/www.youtube.com\/embed\/eF7wRUORueM?feature=oembed\" frameborder=\"0\" allow=\"accelerometer; autoplay; encrypted-media; gyroscope; picture-in-picture\" allowfullscreen><\/iframe><\/p>\n<p>Kommande datum och varf\u00f6r inte ge detta som en present till dig sj\u00e4lv eller kompisen\u00a0 det g\u00e5r bra att dela bil utan extra kostnad.\u00a0 T\u00e4vlingsbilar som rally , racing , Crosskart , Legend osv osv Gatbilar som Ferrari , Porsche osv\u00a0 Men \u00e4ven &#8221;vanliga&#8221; gatbilar g\u00e5r bra d\u00e5 vi g\u00f6r 2 grupper som vi kallar snabba och j\u00e4ttesnabba bilar. f\u00f6r att det skall alltid finnas plats f\u00f6r nyrekrytering och samtidigt erbjuda v\u00e5ra riktigt snabba f\u00f6rare en fantastisk dag. Nu laddar vi f\u00f6r en h\u00e4rlig vecka i v\u00e5rsolen och \u00e5ter igen Tack alla medverkande f\u00f6r att det blev en s\u00e5dan fin premi\u00e4r helg.ses igen 13 April\u00a0 F\u00f6r kontakt med oss <a href=\"mailto:stec@stec.se\">stec@stec.se\u00a0<\/a><\/p>\n<p>&nbsp;<\/p>\n<p>&nbsp;<\/p>\n<p>&nbsp;<\/p>","protected":false},"excerpt":{"rendered":"<p>Premi\u00e4ren 2020 4-5 April STEC Veckan inf\u00f6r detta var tuffa f\u00f6r oss alla med Covid 19 med allt vad detta inneb\u00e4r. Tekniska delar som inte hinner komma fram, M\u00e5nga team som av flera orsaker inte kunde st\u00e4lla upp. Ingen publik som kunde n\u00e4rvara osv osv. Men vi fokuserade p\u00e5 racen och med stor beslutsamhet och [&hellip;]<\/p>\n","protected":false},"author":2,"featured_media":6770,"comment_status":"open","ping_status":"open","sticky":false,"template":"","format":"standard","meta":{"_et_pb_use_builder":"","_et_pb_old_content":"","footnotes":""},"categories":[1],"tags":[],"class_list":["post-6763","post","type-post","status-publish","format-standard","has-post-thumbnail","hentry","category-uncategorized"],"aioseo_notices":[],"_links":{"self":[{"href":"https:\/\/stec.se\/en\/wp-json\/wp\/v2\/posts\/6763","targetHints":{"allow":["GET"]}}],"collection":[{"href":"https:\/\/stec.se\/en\/wp-json\/wp\/v2\/posts"}],"about":[{"href":"https:\/\/stec.se\/en\/wp-json\/wp\/v2\/types\/post"}],"author":[{"embeddable":true,"href":"https:\/\/stec.se\/en\/wp-json\/wp\/v2\/users\/2"}],"replies":[{"embeddable":true,"href":"https:\/\/stec.se\/en\/wp-json\/wp\/v2\/comments?post=6763"}],"version-history":[{"count":1,"href":"https:\/\/stec.se\/en\/wp-json\/wp\/v2\/posts\/6763\/revisions"}],"predecessor-version":[{"id":6771,"href":"https:\/\/stec.se\/en\/wp-json\/wp\/v2\/posts\/6763\/revisions\/6771"}],"wp:featuredmedia":[{"embeddable":true,"href":"https:\/\/stec.se\/en\/wp-json\/wp\/v2\/media\/6770"}],"wp:attachment":[{"href":"https:\/\/stec.se\/en\/wp-json\/wp\/v2\/media?parent=6763"}],"wp:term":[{"taxonomy":"category","embeddable":true,"href":"https:\/\/stec.se\/en\/wp-json\/wp\/v2\/categories?post=6763"},{"taxonomy":"post_tag","embeddable":true,"href":"https:\/\/stec.se\/en\/wp-json\/wp\/v2\/tags?post=6763"}],"curies":[{"name":"wp","href":"https:\/\/api.w.org\/{rel}","templated":true}]}}