{"id":6230,"date":"2019-12-21T23:37:39","date_gmt":"2019-12-21T23:37:39","guid":{"rendered":"http:\/\/stec.se\/?p=6230"},"modified":"2019-12-21T23:37:39","modified_gmt":"2019-12-21T23:37:39","slug":"julbloggen-23-december-med-aterblick-del-1","status":"publish","type":"post","link":"https:\/\/stec.se\/en\/julbloggen-23-december-med-aterblick-del-1\/","title":{"rendered":"Julbloggen 23 December med \u00e5terblick del 1"},"content":{"rendered":"<p><b>\u00c5terblickar 2019\u00a0 del 1\u00a0<\/b><\/p>\n<p>31 Mars helgen med Licenskurs och test&amp;Tune vilket \u00e4r v\u00e4rdefullt att kunna pr\u00f6va bilen ordentligt, K\u00f6ra in bromsar , kanske bytt motordelar som beh\u00f6ver k\u00f6ras in lugnt osv.\u00a0 S\u00e5 h\u00e4r s\u00e5g den dagen ut p\u00e5 Sviestad<\/p>\n<p><iframe loading=\"lazy\" title=\"STEC Trackday Sviestad 2019\" width=\"1080\" height=\"608\" src=\"https:\/\/www.youtube.com\/embed\/eF7wRUORueM?start=204&#038;feature=oembed\" frameborder=\"0\" allow=\"accelerometer; autoplay; encrypted-media; gyroscope; picture-in-picture\" allowfullscreen><\/iframe><\/p>\n<p><iframe loading=\"lazy\" title=\"STEC Licens och testdagar\" width=\"1080\" height=\"608\" src=\"https:\/\/www.youtube.com\/embed\/VQwHVACAGTs?start=32&#038;feature=oembed\" frameborder=\"0\" allow=\"accelerometer; autoplay; encrypted-media; gyroscope; picture-in-picture\" allowfullscreen><\/iframe><\/p>\n<p><strong>Som alltid startar serien p\u00e5 Mantorp i April. S\u00e5 \u00e4ven 2020 H\u00e4r kommer bilder.<\/strong><\/p>\n<p><a href=\"https:\/\/www.svenskmotorsportfoto.se\/2019-2\/stec-mantorp-park-14-april-2019\/nggallery\/page\/1\">https:\/\/www.svenskmotorsportfoto.se\/2019-2\/stec-mantorp-park-14-april-2019\/nggallery\/page\/1<\/a><\/p>\n<p>Duktig fotograf Magnus Jakobsson<\/p>\n<p>Premi\u00e4rfilmen blev s\u00e5 h\u00e4r<\/p>\n<p><iframe loading=\"lazy\" title=\"STEC Mantorp 190414\" width=\"1080\" height=\"608\" src=\"https:\/\/www.youtube.com\/embed\/CK6F3YgHDRY?start=225&#038;feature=oembed\" frameborder=\"0\" allow=\"accelerometer; autoplay; encrypted-media; gyroscope; picture-in-picture\" allowfullscreen><\/iframe><\/p>\n<p>Sen var det dags f\u00f6r Elmia m\u00e4ssan d\u00e4r STEC alltid har representerat serien<\/p>\n<p><iframe loading=\"lazy\" title=\"glad p\u00e5sk fr\u00e5n montern i J\u00f6nk\u00f6ping m\" width=\"1080\" height=\"608\" src=\"https:\/\/www.youtube.com\/embed\/I7Aq1jH151s?feature=oembed\" frameborder=\"0\" allow=\"accelerometer; autoplay; encrypted-media; gyroscope; picture-in-picture\" allowfullscreen><\/iframe><\/p>\n<p>Race nummer 2 k\u00f6rdes p\u00e5 Sviestad h\u00e4r kommer \u00e5terblickar med Bla Hanif Bali p\u00e5 banan.<\/p>\n<p><iframe loading=\"lazy\" title=\"STEC Sviestad 29 april 2019\" width=\"1080\" height=\"608\" src=\"https:\/\/www.youtube.com\/embed\/SygfQBfNHdU?start=168&#038;feature=oembed\" frameborder=\"0\" allow=\"accelerometer; autoplay; encrypted-media; gyroscope; picture-in-picture\" allowfullscreen><\/iframe><\/p>\n<p>Det genomf\u00f6rdes hela 5 dagar p\u00e5 Tierp Arena d\u00e4r teamen och vanliga bilar kunde tr\u00e4na det hoppas vi kunna ut\u00f6ka kommande s\u00e4song med mycket Trackday och Time-Attack<\/p>\n<p><iframe loading=\"lazy\" title=\"kul dag p\u00e5 Tierp\" width=\"1080\" height=\"608\" src=\"https:\/\/www.youtube.com\/embed\/3lRYstlq960?feature=oembed\" frameborder=\"0\" allow=\"accelerometer; autoplay; encrypted-media; gyroscope; picture-in-picture\" allowfullscreen><\/iframe><\/p>\n<p>Race nummer 3 k\u00f6rdes p\u00e5 Gotland Ring denna h\u00e4ftiga bana i kalkbrottet Vi gjorde ingen film d\u00e4r utan ist\u00e4llet skapade vi STEC TV d\u00e4r vi skapade informationsfilmer fr\u00e5n Huddingestudion<\/p>\n<p><iframe loading=\"lazy\" title=\"STEC info 2019\" width=\"1080\" height=\"608\" src=\"https:\/\/www.youtube.com\/embed\/xSZa9ChqbuA?start=41&#038;feature=oembed\" frameborder=\"0\" allow=\"accelerometer; autoplay; encrypted-media; gyroscope; picture-in-picture\" allowfullscreen><\/iframe><\/p>\n<p>Konceptet 3 Race innan sommarpaus och 3 race efter sommaren har vi h\u00e5llit fast vid varje \u00e5r och det blir samma koncept \u00e4ven 2020. S\u00e5 h\u00e4r ser racingkalendern ut.<\/p>\n<p><img loading=\"lazy\" decoding=\"async\" class=\"attachment-266x266 size-266x266 aligncenter\" src=\"http:\/\/media1.stec.se\/2019\/11\/KALENDER-2019-1.jpg\" sizes=\"auto, (max-width: 188px) 100vw, 188px\" srcset=\"http:\/\/media1.stec.se\/2019\/11\/KALENDER-2019-1.jpg 1587w, http:\/\/media1.stec.se\/2019\/11\/KALENDER-2019-1-212x300.jpg 212w, http:\/\/media1.stec.se\/2019\/11\/KALENDER-2019-1-724x1024.jpg 724w, http:\/\/media1.stec.se\/2019\/11\/KALENDER-2019-1-768x1086.jpg 768w, http:\/\/media1.stec.se\/2019\/11\/KALENDER-2019-1-1086x1536.jpg 1086w, http:\/\/media1.stec.se\/2019\/11\/KALENDER-2019-1-1448x2048.jpg 1448w, http:\/\/media1.stec.se\/2019\/11\/KALENDER-2019-1-1080x1528.jpg 1080w\" alt=\"\" width=\"188\" height=\"266\" \/><\/p>\n<p>S\u00e4songen 2019 var STEC 3 s\u00e4song och vi inf\u00f6rde detta med alternativet 2,4,6 Timmars vilket var smidigt och l\u00e4tt f\u00f6r teamet att kunna k\u00f6ra \u00e4ven om kompisen \u00e4r bortrest osv. Det kommer vi forts\u00e4tta med.\u00a0 \u00a0N\u00e5gra ljuspunkter var Just Gotland Ring d\u00e4r vi har fantastiska teamet Skeppsbrons fr\u00e5n J\u00f6nk\u00f6ping kanonduktiga mekaniker i <a href=\"https:\/\/skeppsbrons.se\/jonkoping\/\">https:\/\/skeppsbrons.se\/jonkoping\/<\/a>Som \u00e4ven sk\u00f6ter grillningen p\u00e5 kv\u00e4llen med bravur.\u00a0 Hoppas m\u00e5nga team v\u00e4ljer att h\u00e4nga med till Gotland Ring 2020. S\u00e5 h\u00e4r ser banan ut.<\/p>\n<p><iframe loading=\"lazy\" title=\"Marcus Fabricius driving Race Taxi @ Gotland Ring\" width=\"1080\" height=\"608\" src=\"https:\/\/www.youtube.com\/embed\/HB-4F-hG4mw?feature=oembed\" frameborder=\"0\" allow=\"accelerometer; autoplay; encrypted-media; gyroscope; picture-in-picture\" allowfullscreen><\/iframe><\/p>\n<p>Detta var n\u00e5gra av \u00e5terblickarna fr\u00e5n del 1 2019 i kommande blogg kommer del 2 med de race som var efter sommaren.\u00a0 Vi vill \u00e4ven ber\u00e4tta att det kommit in \u00e4nnu ett nytt team bokade 2020.\u00a0 Det \u00e4r mycket meriterade <a href=\"https:\/\/www.driverdb.com\/drivers\/alec-arho-havren\/\">alec arho havr\u00e9n<\/a> med en procent \u00f6ver 20% segrar nu kommer in p\u00e5 STEC scenen. Welcome Mr Alec.<\/p>\n<p>Test Tr\u00e4ningsdagar, Time-Attack, Utbildning Stec kommer erbjuda \u00e4nnu fler testdagar 2020.<\/p>\n<p>Pris 1000 per dag med minimum 100 minuter k\u00e4rning. Max 20 bilar f\u00f6r det ska bli bra struktur med eller utan Time-Attack.\u00a0 Detta med att pr\u00f6va p\u00e5 kommer vi bland annat samverka med organisationerna <a href=\"http:\/\/racewars.se\/\">Racewars.se<\/a> och <a href=\"http:\/\/www.motorkultur.se\/arenasport.se-43370352\">Arenasport.se<\/a> under 2020 f\u00f6r att kunna erbjuda mer test och tr\u00e4ningsdagar.\u00a0 Samarbete som \u00e4r bra f\u00f6r alla inblandade anm\u00e4lan g\u00e5r bra p\u00e5 <a href=\"mailto:stec@stec.se\">stec@stec.se<\/a><\/p>\n<p><img loading=\"lazy\" decoding=\"async\" class=\"size-medium wp-image-6243 aligncenter\" src=\"http:\/\/media1.stec.se\/2019\/12\/STEC-14-APRIL-1-1-300x300.jpg\" alt=\"\" width=\"300\" height=\"300\" srcset=\"https:\/\/media1.stec.se\/2019\/12\/STEC-14-APRIL-1-1-300x300.jpg 300w, https:\/\/media1.stec.se\/2019\/12\/STEC-14-APRIL-1-1-150x150.jpg 150w, https:\/\/media1.stec.se\/2019\/12\/STEC-14-APRIL-1-1-768x768.jpg 768w, https:\/\/media1.stec.se\/2019\/12\/STEC-14-APRIL-1-1.jpg 800w\" sizes=\"auto, (max-width: 300px) 100vw, 300px\" \/><\/p>\n<p>Julafton i Morgon vill du f\u00e5 lite egen tid n\u00e4r tomten och familjen somnat s\u00e5 kika p\u00e5 STEC Motorsport egna youtubekanal.\u00a0 D\u00e4r kommer det presenteras \u00e4nnu mer under 2020 med samarbetet med nya mediabolaget.\u00a0<a href=\"https:\/\/www.youtube.com\/channel\/UCDVUJW8_XusVy4s24maWzlg?view_as=subscriber\"> https:\/\/www.youtube.com\/channel\/UCDVUJW8_XusVy4s24maWzlg?view_as=subscriber\u00a0<\/a><\/p>\n<p>Prenumerera g\u00e4rna p\u00e5 kanalen s\u00e5 f\u00e5r du alltid upp ett email n\u00e4r ny film l\u00e4ggs upp.\u00a0 Och vill du som g\u00f6r filmer l\u00e4gga in dem p\u00e5 kanalen s\u00e5 tveka inte att f\u00e5 inloggning f\u00f6r detta.<\/p>\n<p>Tack att just du v\u00e4ljer att k\u00f6ra inom STEC Motorsport och 2020 kommer det finnas det mesta f\u00f6r det mesta. \u00d6ppen sprintklass , Light , 2,4,6 Timmars L\u00e5nglopp Trackday saknar du n\u00e5got inom STEC s\u00e5 skicka ett email. Nu i v\u00e5r kommer vi \u00e4ven erbjuda Isk\u00f6rning , Sn\u00f6skoter , \u00d6kenrally i Marrocko. Sk\u00f6na kontraster och vansinnigt kul.\u00a0 Ha nu en riktigt fin jul alla v\u00e4nner och h\u00e4r kommer en julvers?<\/p>\n<div id=\"id_5dfeaba1d2d702d91095729\" class=\"text_exposed_root text_exposed\">\n<p><strong>Alla kan inte k\u00f6ra racing men m\u00e5nga fler borde b\u00f6rja 2020.<\/strong><\/p>\n<p>Fler och fler f\u00f6rare skaffar sportbilar eller supersportbilar som de ofta ben\u00e4mns. Fordon som klarar att k\u00f6ra upp till 3 g\u00e5nger s\u00e5 fort som maxhastigheten p\u00e5 Svenska motorv\u00e4gar.<\/p>\n<p>Men \u00e4r f\u00f6rarna utvecklade att hantera sina bilar i 200-300+ Kilometer i timmen? Nej det klart man inte f\u00e5r k\u00f6ra 200 km\/h men dessa bilar \u00e4r s\u00e5 snabba att de\u00a0<span class=\"text_exposed_show\">klarar att k\u00f6ra Svenska max 120 p\u00e5 ettans v\u00e4xel. S\u00e5 det klart att det ibland missas och hastigheten kliver f\u00f6rbi den lagstadgade.<br \/>\nJag arbetar som motorsportutvecklare och skulle \u00f6nska att 2020 blir ett \u00e5r d\u00e5 m\u00e5nga fler b\u00f6rjar k\u00f6ra racing. Detta f\u00f6r att l\u00e4ra k\u00e4nna din bil. Banorna i Sverige \u00e4r byggda med s\u00e4kerhetst\u00e4nk. Det \u00e4r rej\u00e4la av\u00e5kningszoner. Du har sjukv\u00e5rd p\u00e5 plats om det \u00e4r en seri\u00f6s arrang\u00f6r. Det finns inga elstolpar, trottoarkanter och framf\u00f6r allt det finns inga medborgare som kan bli p\u00e5k\u00f6rda.<br \/>\nJust varje g\u00e5ng jag l\u00e4ser om trafikolyckor, ofta unga f\u00f6rare som tappar kontrollen \u00f6ver sitt fordon och skadar sig sj\u00e4lv eller andra. Varf\u00f6r b\u00f6rjade du inte k\u00f6ra racing min v\u00e4n? Det finns banor fr\u00e5n Sk\u00e5ne till Skellefte\u00e5. Ring dem och fr\u00e5ga n\u00e4r n\u00e4sta \u201dTrackday\u201d genomf\u00f6rs. Det finns bilsportklubbar n\u00e4rmare 350 stycken som alla \u00e4r duktiga p\u00e5 att ta hand om dig och v\u00e4gleda dig som f\u00f6rare att bli en duktig f\u00f6rare.<\/span><\/p>\n<p>Jag gillar sj\u00e4lv fart inget snack om den saken. Som 18 \u00e5ring tillh\u00f6rde jag de snabbaste bilbuden i Stockholms innerstad s\u00e5g varje leverans som en tid emot klockan. Varje r\u00f6dljus som en inbjudan till race. Jag ogillar n\u00e4r jag ser filmer inspelade d\u00e4r det utmanas att vara snabbaste f\u00f6rare p\u00e5 Essingeleden eller Stockholm-Uppsala under 8 minuter. N\u00e4r jag var 19 \u00e5r hade min b\u00e4sta kompis \u201dJulle\u201d redan k\u00f6rt ihj\u00e4l sig. Julle \u00e4lskade att gasa och Lunda industriomr\u00e5de p\u00e5 n\u00e4tterna var v\u00e5r arena. Jag, Staffan, Stefan, Rogge m.fl. arbetade p\u00e5 Vega Transport i Sundbyberg. Ingvar Lindgren \u00e4garen hade sj\u00e4lv k\u00f6rt mycket racing p\u00e5 klassiska banan Skarpn\u00e4ck. D\u00e5 tog man samma bil man hade som bruksbil p\u00e5 veckorna och k\u00f6rde racing p\u00e5 helgerna. M\u00e5nga av de stora namnen var med som . Jan Bellander, Erling Carlsson, Richard Cederlund, Br\u00f6derna Casby listan kan bli l\u00e5ng.<\/p>\n<p>Jag vill uppmana alla gasglada killar och tjejer att 2020 bli racingf\u00f6rare. Oavsett om du \u00e4ger en s.k. \u201dSupersportbil \u201d eller en normalbil s\u00e5 kom till racingbanan och skaffa dig praktisk tr\u00e4ning p\u00e5 just din bil. K\u00e4nn hur den upptr\u00e4der n\u00e4r du provocerar den i kurvorna. Understyr den mycket eller kanske rent av \u00f6verstyr?<\/p>\n<p>Tr\u00e4na p\u00e5 att panikbromsa med undanman\u00f6ver med anti sladd antibroms anti snart allting. Du kommer in i ett glatt g\u00e4ng med likasinnade. Det arrangeras tr\u00e4ffar \u00f6ver hela Sverige d\u00e4r den sociala samvaron \u00e4r p\u00e5tagligt bra. Vi \u00e4r gasglada som l\u00e4gger v\u00e5ra pengar p\u00e5 v\u00e5ra fordon. Jag vill med denna ins\u00e4ndare bjuda in alla \u201dblyf\u00f6tter\u201d till att f\u00e5 utlopp p\u00e5 anpassade banor ist\u00e4llet f\u00f6r allm\u00e4nna trafiken. Jag kan garantera du v\u00e4xer bakom ratten och f\u00e5r med det ett s\u00e4kerhetst\u00e4nk. Blir betydligt lugnare i vardagstrafiken f\u00f6r du vet att n\u00e4sta l\u00f6rdag d\u00e5 ska jag gasa. P\u00e5 med handskarna ,hj\u00e4lmen. Duktiga bilf\u00f6rare m\u00e5r alla bra av.<\/p>\n<p>God jul och v\u00e4lkommen till banorna 2020.<br \/>\nHans Medelberg<br \/>\nMedlem i\u00a0 STEC Motorsport<br \/>\nMedlem inom MHF-Ungdom Sveriges enda ungdomsorganisation mot rattfylleri<br \/>\nR\u00e5dgivare inom Enkel Bilsport Sverige<br \/>\nGasglad f\u00f6rare inom stecrun<br \/>\nGrundare av Krutcupen<\/p>\n<\/div>\n<p>&nbsp;<\/p>\n<p>&nbsp;<\/p>\n<p>&nbsp;<\/p>","protected":false},"excerpt":{"rendered":"<p>\u00c5terblickar 2019\u00a0 del 1\u00a0 31 Mars helgen med Licenskurs och test&amp;Tune vilket \u00e4r v\u00e4rdefullt att kunna pr\u00f6va bilen ordentligt, K\u00f6ra in bromsar , kanske bytt motordelar som beh\u00f6ver k\u00f6ras in lugnt osv.\u00a0 S\u00e5 h\u00e4r s\u00e5g den dagen ut p\u00e5 Sviestad Som alltid startar serien p\u00e5 Mantorp i April. S\u00e5 \u00e4ven 2020 H\u00e4r kommer bilder. https:\/\/www.svenskmotorsportfoto.se\/2019-2\/stec-mantorp-park-14-april-2019\/nggallery\/page\/1 [&hellip;]<\/p>\n","protected":false},"author":2,"featured_media":6244,"comment_status":"open","ping_status":"open","sticky":false,"template":"","format":"standard","meta":{"_et_pb_use_builder":"","_et_pb_old_content":"","footnotes":""},"categories":[1],"tags":[],"class_list":["post-6230","post","type-post","status-publish","format-standard","has-post-thumbnail","hentry","category-uncategorized"],"aioseo_notices":[],"_links":{"self":[{"href":"https:\/\/stec.se\/en\/wp-json\/wp\/v2\/posts\/6230","targetHints":{"allow":["GET"]}}],"collection":[{"href":"https:\/\/stec.se\/en\/wp-json\/wp\/v2\/posts"}],"about":[{"href":"https:\/\/stec.se\/en\/wp-json\/wp\/v2\/types\/post"}],"author":[{"embeddable":true,"href":"https:\/\/stec.se\/en\/wp-json\/wp\/v2\/users\/2"}],"replies":[{"embeddable":true,"href":"https:\/\/stec.se\/en\/wp-json\/wp\/v2\/comments?post=6230"}],"version-history":[{"count":3,"href":"https:\/\/stec.se\/en\/wp-json\/wp\/v2\/posts\/6230\/revisions"}],"predecessor-version":[{"id":6246,"href":"https:\/\/stec.se\/en\/wp-json\/wp\/v2\/posts\/6230\/revisions\/6246"}],"wp:featuredmedia":[{"embeddable":true,"href":"https:\/\/stec.se\/en\/wp-json\/wp\/v2\/media\/6244"}],"wp:attachment":[{"href":"https:\/\/stec.se\/en\/wp-json\/wp\/v2\/media?parent=6230"}],"wp:term":[{"taxonomy":"category","embeddable":true,"href":"https:\/\/stec.se\/en\/wp-json\/wp\/v2\/categories?post=6230"},{"taxonomy":"post_tag","embeddable":true,"href":"https:\/\/stec.se\/en\/wp-json\/wp\/v2\/tags?post=6230"}],"curies":[{"name":"wp","href":"https:\/\/api.w.org\/{rel}","templated":true}]}}