{"id":572,"date":"2017-05-08T08:10:59","date_gmt":"2017-05-08T06:10:59","guid":{"rendered":"http:\/\/stec.blog\/?p=572"},"modified":"2017-05-08T08:10:59","modified_gmt":"2017-05-08T06:10:59","slug":"stcc-och-stec-ar-nu-gang","status":"publish","type":"post","link":"https:\/\/stec.se\/en\/stcc-och-stec-ar-nu-gang\/","title":{"rendered":"STCC OCH STEC \u00c4R NU G\u00c5NG"},"content":{"rendered":"<p>&nbsp;<br \/>\n<img loading=\"lazy\" decoding=\"async\" class=\"alignnone size-full wp-image-575\" src=\"http:\/\/media1.stec.se\/2017\/05\/kressner.jpg\" alt=\"STCC 2017\" width=\"1110\" height=\"624\" srcset=\"https:\/\/media1.stec.se\/2017\/05\/kressner.jpg 1110w, https:\/\/media1.stec.se\/2017\/05\/kressner-300x169.jpg 300w, https:\/\/media1.stec.se\/2017\/05\/kressner-768x432.jpg 768w, https:\/\/media1.stec.se\/2017\/05\/kressner-1024x576.jpg 1024w, https:\/\/media1.stec.se\/2017\/05\/kressner-1080x607.jpg 1080w\" sizes=\"auto, (max-width: 1110px) 100vw, 1110px\" \/><br \/>\n&nbsp;<br \/>\nSTCC \u00e4r ig\u00e5ng vilket \u00e4r j\u00e4ttekul och 19 team p\u00e5 Starten g\u00f6r att hela bilsport Sverige blir gladare f\u00f6r det \u00e4r s\u00e5 otroligt viktigt med Bredd och Elit. \u00a0Reuben Kressner fick tyv\u00e4rr bryta efter ett bes\u00f6k i muren, Men Brovallen \u00e4r det mest uth\u00e5lliga teamet n\u00e5gonsin och vi \u00e4r s\u00e4kra att Tobias Johansson med sitt crew redan nu plockat is\u00e4r Audin och b\u00f6rjat rikta.<br \/>\n<img loading=\"lazy\" decoding=\"async\" class=\"alignnone size-full wp-image-580\" src=\"http:\/\/media1.stec.se\/2017\/05\/julle.jpg\" alt=\"Julius Ljungdahl Geller\u00e5sen 2017-04-08 Clio Cup Foto Tony Welam\/Teambild\" width=\"620\" height=\"413\" srcset=\"https:\/\/media1.stec.se\/2017\/05\/julle.jpg 620w, https:\/\/media1.stec.se\/2017\/05\/julle-300x200.jpg 300w\" sizes=\"auto, (max-width: 620px) 100vw, 620px\" \/><br \/>\nNorrt\u00e4lje sonen Julle Ljungdahl hade en mer lyckosam helg och lyckades pricka r\u00e4tt och vann Fredagens race med sin fina Clio. \u00a0 \u00a0Vad \u00e4r d\u00e5 detta f\u00f6r koppling till www.stec.se ?<br \/>\nB\u00e5da dessa duktiga f\u00f6rare har k\u00f6rt med KC\/STEC \u00a0och det \u00e4r detta vi vill lyfta fram att bygga en bredd s\u00e5 kommer det komma fram en elit. \u00a0 Ig\u00e5r k\u00f6rde 14 \u00e5rig kille \u00a0Rasmus Cannerbo sin f\u00f6rsta t\u00e4vling p\u00e5 Malmby flygf\u00e4lt med pappas amazon fr\u00e5n 1966. bakom i Opel k\u00f6rde Samuel Stawerman 15 \u00e5r gammal. \u00a0Totalt k\u00f6rde killarna och deras 2 team \u00f6ver 400 varv p\u00e5 banan under de 4 timmarna k\u00f6rdes. \u00a0Idag vill vi fr\u00e5n STEC lyfta fram denna enkla bilsport som kallas STEC Light n\u00e4sta t\u00e4vling k\u00f6rs den 21 Maj \u00a0jepp dagen efter Link\u00f6ping p\u00e5 Malmby i Str\u00e4ngn\u00e4s . \u00a0 Bilarna f\u00e5r vara helt standard om de vill och 205 breda gatd\u00e4ck \u00a0g\u00e4ller sen f\u00e5r ni massor med k\u00f6rgl\u00e4dje.<br \/>\n<img loading=\"lazy\" decoding=\"async\" class=\"alignnone size-full wp-image-585\" src=\"http:\/\/media1.stec.se\/2017\/05\/amazon.jpg\" alt=\"amazon\" width=\"960\" height=\"520\" srcset=\"https:\/\/media1.stec.se\/2017\/05\/amazon.jpg 960w, https:\/\/media1.stec.se\/2017\/05\/amazon-300x163.jpg 300w, https:\/\/media1.stec.se\/2017\/05\/amazon-768x416.jpg 768w\" sizes=\"auto, (max-width: 960px) 100vw, 960px\" \/><br \/>\n&nbsp;<br \/>\n<img loading=\"lazy\" decoding=\"async\" class=\"alignnone size-full wp-image-591\" src=\"http:\/\/media1.stec.se\/2017\/05\/linkc3a4ping.jpg\" alt=\"link\u00e4ping\" width=\"548\" height=\"350\" srcset=\"https:\/\/media1.stec.se\/2017\/05\/linkc3a4ping.jpg 548w, https:\/\/media1.stec.se\/2017\/05\/linkc3a4ping-300x192.jpg 300w\" sizes=\"auto, (max-width: 548px) 100vw, 548px\" \/><br \/>\n&nbsp;<br \/>\nanm\u00e4lan \u00e4r \u00f6ppen nu f\u00f6r helgen 20-21 maj<br \/>\n&nbsp;<br \/>\n20 Maj\u00a0<a href=\"https:\/\/simplesignup.se\/event\/94471\">https:\/\/simplesignup.se\/event\/94471<\/a><br \/>\n21 Maj<a href=\"https:\/\/simplesignup.se\/event\/94147\">\u00a0https:\/\/simplesignup.se\/event\/94147<\/a><\/p>","protected":false},"excerpt":{"rendered":"<p>&nbsp; &nbsp; STCC \u00e4r ig\u00e5ng vilket \u00e4r j\u00e4ttekul och 19 team p\u00e5 Starten g\u00f6r att hela bilsport Sverige blir gladare f\u00f6r det \u00e4r s\u00e5 otroligt viktigt med Bredd och Elit. \u00a0Reuben Kressner fick tyv\u00e4rr bryta efter ett bes\u00f6k i muren, Men Brovallen \u00e4r det mest uth\u00e5lliga teamet n\u00e5gonsin och vi \u00e4r s\u00e4kra att Tobias Johansson [&hellip;]<\/p>\n","protected":false},"author":2,"featured_media":0,"comment_status":"open","ping_status":"open","sticky":false,"template":"","format":"standard","meta":{"_et_pb_use_builder":"","_et_pb_old_content":"","footnotes":""},"categories":[2],"tags":[],"class_list":["post-572","post","type-post","status-publish","format-standard","hentry","category-okategoriserade"],"aioseo_notices":[],"_links":{"self":[{"href":"https:\/\/stec.se\/en\/wp-json\/wp\/v2\/posts\/572","targetHints":{"allow":["GET"]}}],"collection":[{"href":"https:\/\/stec.se\/en\/wp-json\/wp\/v2\/posts"}],"about":[{"href":"https:\/\/stec.se\/en\/wp-json\/wp\/v2\/types\/post"}],"author":[{"embeddable":true,"href":"https:\/\/stec.se\/en\/wp-json\/wp\/v2\/users\/2"}],"replies":[{"embeddable":true,"href":"https:\/\/stec.se\/en\/wp-json\/wp\/v2\/comments?post=572"}],"version-history":[{"count":0,"href":"https:\/\/stec.se\/en\/wp-json\/wp\/v2\/posts\/572\/revisions"}],"wp:attachment":[{"href":"https:\/\/stec.se\/en\/wp-json\/wp\/v2\/media?parent=572"}],"wp:term":[{"taxonomy":"category","embeddable":true,"href":"https:\/\/stec.se\/en\/wp-json\/wp\/v2\/categories?post=572"},{"taxonomy":"post_tag","embeddable":true,"href":"https:\/\/stec.se\/en\/wp-json\/wp\/v2\/tags?post=572"}],"curies":[{"name":"wp","href":"https:\/\/api.w.org\/{rel}","templated":true}]}}