{"id":5467,"date":"2019-10-06T22:37:33","date_gmt":"2019-10-06T22:37:33","guid":{"rendered":"http:\/\/stec.se\/?p=5467"},"modified":"2019-10-07T07:39:08","modified_gmt":"2019-10-07T07:39:08","slug":"mandagsbloggen-forsta-i-oktober-vilket-race-vilken-final-tack","status":"publish","type":"post","link":"https:\/\/stec.se\/en\/mandagsbloggen-forsta-i-oktober-vilket-race-vilken-final-tack\/","title":{"rendered":"M\u00e5ndagsbloggen F\u00f6rsta i oktober vilket race ? Vilken final? Tack"},"content":{"rendered":"<p><img loading=\"lazy\" decoding=\"async\" class=\"size-medium wp-image-5456 aligncenter\" src=\"http:\/\/media1.stec.se\/2019\/10\/TIERP-RESULTAT-300x177.jpg\" alt=\"\" width=\"300\" height=\"177\" srcset=\"https:\/\/media1.stec.se\/2019\/10\/TIERP-RESULTAT-300x177.jpg 300w, https:\/\/media1.stec.se\/2019\/10\/TIERP-RESULTAT-768x452.jpg 768w, https:\/\/media1.stec.se\/2019\/10\/TIERP-RESULTAT-1024x603.jpg 1024w, https:\/\/media1.stec.se\/2019\/10\/TIERP-RESULTAT.jpg 1079w\" sizes=\"auto, (max-width: 300px) 100vw, 300px\" \/><\/p>\n<p style=\"text-align: center;\"><strong>\u00c5rets Race p\u00e5 Tierp gav flera v\u00e4gvisare in i 2020.\u00a0<\/strong><\/p>\n<p>26 bilar\u00a0 \u00e4r otroligt bra siffror i dagens racing jag j\u00e4mf\u00f6rde lite emot SM i Elitracing samma L\u00f6rdag.\u00a0 Dubbelt s\u00e5 m\u00e5nga team \u00e4n Gt 4 Scandinavia .<\/p>\n<p>Mer \u00e4n dubbelt s\u00e5 m\u00e5nga bilar \u00e4n TCR Finalen p\u00e5 Mantorp<\/p>\n<p>Mer \u00e4n dubbelt s\u00e5 m\u00e5nga i V-8 Thundercars.<\/p>\n<p>Fler bilar \u00e4n NSHC\/ ER cup tillsammans f\u00f6rra helgen p\u00e5 Karlskoga.<\/p>\n<p>Men varf\u00f6r sitta och J\u00e4mf\u00f6ra med andra vi ska ju l\u00e4gga all kraft nu p\u00e5 att se inf\u00f6r kommande finaler och b\u00f6rja blicka 2020.\u00a0 \u00a0F\u00f6rst Vill vi bjuda p\u00e5 n\u00e5gra bilder. <a href=\"https:\/\/www.facebook.com\/pg\/tierpidag.se\/photos\/?tab=album&amp;album_id=3337351269623298&amp;__xts__%5B0%5D=68.ARBV1Yguc55lC32aFzGAAxsXM5V6cM025xUUWCjd2RUW_jwAh54xzS9XqGjFxQFC4BFyNnKnEcJpUuGPeE9M1VFScn7_pFuc82BocyX8kZDYJioEvPzf5qgdVfgWDaJZLsLxd8aCfUk69THn5u-7Q_apmtZRT3kekR4LYNt2Qu13ebzQFkC8voqzvD-9WrpUrKyYbF7eJVA2LZlwM9TYlnvVdBCrupZfX2os3tCSqt8dDFmI0io_BgseW-Nt23JwFH5ro_yiPhhyrwiE-59PgjZP_4SSs_WkPTEycqgH77ao96is1XavX_NHCA6hotkHPavd9tBI2bjTdOPj59lenfTRraD05DiGpdSoJBBrqwpqYAzQ7_5FTU_Ry3xBa1u2g735CwHpqRt7YNhhuMDNZKntnVfyD5vXe3ZK7ldrrBt2-P1MgFfC8JRaZgYOP7sU1z3hrEvSBLB5YLVFYgA6QcsRjzD1PNcFVQv-KwlAIgYteYsa5Ul6U64FWsPfuZ4UWZ_c3G8Fv_XOa_wxZKu4GMxSIda2_OYKCTMHhzFgFA&amp;__tn__=-UC-R\">Hundratals<\/a><\/p>\n<p><strong><a href=\"https:\/\/photos.app.goo.gl\/odnDqKAJDk8MvsLF9\">Bilder<\/a><\/strong><\/p>\n<p>F\u00f6rsta <a href=\"https:\/\/www.youtube.com\/watch?v=3aXobNoU798&amp;fbclid=IwAR0ESwbi9nGmYC2YjTDOhODWttzKWswLJ2EZtRmYVm78e97YPdgK6UaYCVA\">film<\/a><\/p>\n<p>youtube kanal prenumerera <a href=\"https:\/\/www.youtube.com\/channel\/UCDVUJW8_XusVy4s24maWzlg\">g\u00e4rna\u00a0<\/a><\/p>\n<p>Kommer mycket mera f\u00f6r detta var en satsning p\u00e5 Publikt event och jag har inte f\u00e5tt specifika siffrorna men \u00f6ver 5000 kronor i parkerings int\u00e4kter. grymt bra.<\/p>\n<p><img loading=\"lazy\" decoding=\"async\" class=\"alignnone size-medium wp-image-5468\" src=\"http:\/\/media1.stec.se\/2019\/10\/lov-300x123.jpg\" alt=\"\" width=\"300\" height=\"123\" srcset=\"https:\/\/media1.stec.se\/2019\/10\/lov-300x123.jpg 300w, https:\/\/media1.stec.se\/2019\/10\/lov.jpg 350w\" sizes=\"auto, (max-width: 300px) 100vw, 300px\" \/><\/p>\n<p><strong>Funktion\u00e4rer f\u00f6rare publik l\u00e5t oss beskriva vilka hj\u00e4ltarna \u00e4r i STEC 2019 !<\/strong><\/p>\n\n\t\t<style type=\"text\/css\">\n\t\t\t#gallery-1 {\n\t\t\t\tmargin: auto;\n\t\t\t}\n\t\t\t#gallery-1 .gallery-item {\n\t\t\t\tfloat: left;\n\t\t\t\tmargin-top: 10px;\n\t\t\t\ttext-align: center;\n\t\t\t\twidth: 33%;\n\t\t\t}\n\t\t\t#gallery-1 img {\n\t\t\t\tborder: 2px solid #cfcfcf;\n\t\t\t}\n\t\t\t#gallery-1 .gallery-caption {\n\t\t\t\tmargin-left: 0;\n\t\t\t}\n\t\t\t\/* see gallery_shortcode() in wp-includes\/media.php *\/\n\t\t<\/style>\n\t\t<div id='gallery-1' class='gallery galleryid-5467 gallery-columns-3 gallery-size-thumbnail'><dl class='gallery-item'>\n\t\t\t<dt class='gallery-icon landscape'>\n\t\t\t\t<a href='https:\/\/stec.se\/en\/harligt-ny-vecka-ny-blogg-nu-ar-det-raceday-stec-krutcupen-samverkar-31-aug-samt-em-tierp\/funkis\/'><img loading=\"lazy\" decoding=\"async\" width=\"150\" height=\"150\" src=\"https:\/\/media1.stec.se\/2019\/08\/funkis-150x150.jpg\" class=\"attachment-thumbnail size-thumbnail\" alt=\"\" \/><\/a>\n\t\t\t<\/dt><\/dl><dl class='gallery-item'>\n\t\t\t<dt class='gallery-icon landscape'>\n\t\t\t\t<a href='https:\/\/stec.se\/en\/sommar-race-hamilton-fusk-i-msr-bil-till-salu-sommarlov-resultat-v-8-resume-valkommen-ny-vecka-ny-blogg\/johan-2\/'><img loading=\"lazy\" decoding=\"async\" width=\"150\" height=\"150\" src=\"https:\/\/media1.stec.se\/2019\/07\/johan-150x150.jpg\" class=\"attachment-thumbnail size-thumbnail\" alt=\"\" \/><\/a>\n\t\t\t<\/dt><\/dl><dl class='gallery-item'>\n\t\t\t<dt class='gallery-icon portrait'>\n\t\t\t\t<a href='https:\/\/stec.se\/en\/gotland-resume-nya-serieledare-stecrun-malaren-runt-nasta-race\/claes\/'><img loading=\"lazy\" decoding=\"async\" width=\"150\" height=\"150\" src=\"https:\/\/media1.stec.se\/2019\/06\/claes-150x150.jpg\" class=\"attachment-thumbnail size-thumbnail\" alt=\"\" \/><\/a>\n\t\t\t<\/dt><\/dl><br style=\"clear: both\" \/><dl class='gallery-item'>\n\t\t\t<dt class='gallery-icon landscape'>\n\t\t\t\t<a href='https:\/\/stec.se\/en\/harlig-debut-i-light-och-nu-vantar-mantorp-park-info-och-startlista\/kurs-3\/'><img loading=\"lazy\" decoding=\"async\" width=\"150\" height=\"150\" src=\"https:\/\/media1.stec.se\/2019\/04\/kurs-1-150x150.jpg\" class=\"attachment-thumbnail size-thumbnail\" alt=\"\" \/><\/a>\n\t\t\t<\/dt><\/dl><dl class='gallery-item'>\n\t\t\t<dt class='gallery-icon landscape'>\n\t\t\t\t<a href='https:\/\/stec.se\/en\/veckans-blogg-12-augusti-light-information-depakarta-tierp-anmalan-oppen-100-nya-sponsorer-the-red-wall\/swedish-nascar-2020-2\/'><img loading=\"lazy\" decoding=\"async\" width=\"150\" height=\"150\" src=\"https:\/\/media1.stec.se\/2019\/08\/SWEDISH-NASCAR-2020-2-150x150.png\" class=\"attachment-thumbnail size-thumbnail\" alt=\"\" \/><\/a>\n\t\t\t<\/dt><\/dl><dl class='gallery-item'>\n\t\t\t<dt class='gallery-icon landscape'>\n\t\t\t\t<a href='https:\/\/stec.se\/en\/full-satsning-pa-stec-light-den-1-juni-malmby-och-natrullare-ut-for-indyforarna\/yokohama-5\/'><img loading=\"lazy\" decoding=\"async\" width=\"150\" height=\"150\" src=\"https:\/\/media1.stec.se\/2019\/05\/yokohama-150x150.jpg\" class=\"attachment-thumbnail size-thumbnail\" alt=\"\" \/><\/a>\n\t\t\t<\/dt><\/dl><br style=\"clear: both\" \/>\n\t\t<\/div>\n\n<p>Funktion\u00e4rer , f\u00f6rare , familjen samverkansf\u00f6retag,\u00a0 Det \u00e4r en symbios som samspelar ihop.\u00a0 Tack f\u00f6r utan er s\u00e5 skulle inte STEC finnas som verksamhet. Det \u00e4r det totala lagbygget som skapar STEC och alla l\u00e4nkar \u00e4r lika viktiga f\u00f6r helheten.<\/p>\n<p>Bankgiro\u00a0 595-3260\u00a0 \u00a0Swish 123 265 81 02\u00a0 betala startavgiften p\u00e5 Tierp Malmby Sviestad.\u00a0 M\u00e4rk med ert teamnamn viktigt f\u00f6r n\u00e5gra missade Tierp pga stressig morgon med bla elavbrott. Men skicka in pengarna s\u00e5 blir det bra.\u00a0 \u00a0Tack<\/p>\n<p>resultat finns p\u00e5 <a href=\"https:\/\/stec.se\/en\/\">hemsida\u00a0 \u00a0 .<\/a><\/p>\n<p>Kommande finaler\u00a0 dela g\u00e4rna dessa som finns p\u00e5 sociala medier.<\/p>\n<p>Light 12 Oktober Malmby <a href=\"https:\/\/www.facebook.com\/events\/257250721627093\/\">Facebook<\/a><\/p>\n<p>Svenska \u00d6ppna L\u00e5ngloppsfinalen 26 Oktober Sviestad <a href=\"https:\/\/www.facebook.com\/events\/390794241594605\/\">Facebook<\/a><\/p>\n<p>Skrev f\u00f6rra veckan att vi ska varje Blogg l\u00e4gga ut en T\u00e4vlingsdatum inf\u00f6r 2020.\u00a0 \u00a0Ta fram kalendrarna..\u00a0 \u00a0 16\u00a0 Maj\u00a0 \u00a0 <a href=\"http:\/\/www.lms.se\">Sviestad<\/a><\/p>\n<p style=\"text-align: center;\">Den banan som de flesta f\u00f6rare i enk\u00e4ten inf\u00f6r 2019 var mest popul\u00e4ra banan.\u00a0 Enk\u00e4ten har redan gett 10 svarande och gett n\u00e5gra kul signaler<\/p>\n<p><img loading=\"lazy\" decoding=\"async\" class=\"size-medium wp-image-5471 aligncenter\" src=\"http:\/\/media1.stec.se\/2019\/10\/SOL-300x133.jpg\" alt=\"\" width=\"300\" height=\"133\" srcset=\"https:\/\/media1.stec.se\/2019\/10\/SOL-300x133.jpg 300w, https:\/\/media1.stec.se\/2019\/10\/SOL-768x339.jpg 768w, https:\/\/media1.stec.se\/2019\/10\/SOL.jpg 966w\" sizes=\"auto, (max-width: 300px) 100vw, 300px\" \/><img loading=\"lazy\" decoding=\"async\" class=\"alignnone size-medium wp-image-5472 aligncenter\" src=\"http:\/\/media1.stec.se\/2019\/10\/SOL-1-300x138.jpg\" alt=\"\" width=\"300\" height=\"138\" srcset=\"https:\/\/media1.stec.se\/2019\/10\/SOL-1-300x138.jpg 300w, https:\/\/media1.stec.se\/2019\/10\/SOL-1-768x353.jpg 768w, https:\/\/media1.stec.se\/2019\/10\/SOL-1.jpg 961w\" sizes=\"auto, (max-width: 300px) 100vw, 300px\" \/><\/p>\n<p>Skicka g\u00e4rna in dina tankar p\u00e5 formul\u00e4ret inf\u00f6r team m\u00f6tet 27 Oktober d\u00e4r alla f\u00e5r vara med och tycka till.\u00a0 <a href=\"https:\/\/www.facebook.com\/events\/467165547406813\/\">inbjudan<\/a><\/p>\n<p>enk\u00e4ten finns h\u00e4r <a href=\"https:\/\/docs.google.com\/forms\/d\/e\/1FAIpQLScvLfj_M2hXRtN8ZYaB29szZzMOI3SYEnyvFEPulMOV4Z8vmA\/viewform?vc=0&amp;c=0&amp;w=1\">click\u00a0<\/a><\/p>\n<p>Nu ser vi fram emot en mycket rafflande final b\u00e5de 12 Oktober och 26 Oktober Glad vecka Stefan h\u00e4lsar att revbenen k\u00e4nns och\u00a0 l\u00e4ker ihop. s\u00e5 h\u00e4r var banan p\u00e5 <a href=\"https:\/\/www.youtube.com\/watch?v=R9KlWcq5RZw&amp;feature=share&amp;fbclid=IwAR2G2RHiqTZWh62I3gnV6QTXPvV9XFJjsKmhgGM0MNu4Gaz2zc64PXE0Irw\">Tierp\u00a0<\/a><\/p>\n<p>&nbsp;<\/p>\n<p>&nbsp;<\/p>\n<p>&nbsp;<\/p>\n<p>&nbsp;<\/p>","protected":false},"excerpt":{"rendered":"<p>\u00c5rets Race p\u00e5 Tierp gav flera v\u00e4gvisare in i 2020.\u00a0 26 bilar\u00a0 \u00e4r otroligt bra siffror i dagens racing jag j\u00e4mf\u00f6rde lite emot SM i Elitracing samma L\u00f6rdag.\u00a0 Dubbelt s\u00e5 m\u00e5nga team \u00e4n Gt 4 Scandinavia . Mer \u00e4n dubbelt s\u00e5 m\u00e5nga bilar \u00e4n TCR Finalen p\u00e5 Mantorp Mer \u00e4n dubbelt s\u00e5 m\u00e5nga i V-8 [&hellip;]<\/p>\n","protected":false},"author":2,"featured_media":5468,"comment_status":"open","ping_status":"open","sticky":false,"template":"","format":"standard","meta":{"_et_pb_use_builder":"","_et_pb_old_content":"","footnotes":""},"categories":[1],"tags":[],"class_list":["post-5467","post","type-post","status-publish","format-standard","has-post-thumbnail","hentry","category-uncategorized"],"aioseo_notices":[],"_links":{"self":[{"href":"https:\/\/stec.se\/en\/wp-json\/wp\/v2\/posts\/5467","targetHints":{"allow":["GET"]}}],"collection":[{"href":"https:\/\/stec.se\/en\/wp-json\/wp\/v2\/posts"}],"about":[{"href":"https:\/\/stec.se\/en\/wp-json\/wp\/v2\/types\/post"}],"author":[{"embeddable":true,"href":"https:\/\/stec.se\/en\/wp-json\/wp\/v2\/users\/2"}],"replies":[{"embeddable":true,"href":"https:\/\/stec.se\/en\/wp-json\/wp\/v2\/comments?post=5467"}],"version-history":[{"count":4,"href":"https:\/\/stec.se\/en\/wp-json\/wp\/v2\/posts\/5467\/revisions"}],"predecessor-version":[{"id":5474,"href":"https:\/\/stec.se\/en\/wp-json\/wp\/v2\/posts\/5467\/revisions\/5474"}],"wp:featuredmedia":[{"embeddable":true,"href":"https:\/\/stec.se\/en\/wp-json\/wp\/v2\/media\/5468"}],"wp:attachment":[{"href":"https:\/\/stec.se\/en\/wp-json\/wp\/v2\/media?parent=5467"}],"wp:term":[{"taxonomy":"category","embeddable":true,"href":"https:\/\/stec.se\/en\/wp-json\/wp\/v2\/categories?post=5467"},{"taxonomy":"post_tag","embeddable":true,"href":"https:\/\/stec.se\/en\/wp-json\/wp\/v2\/tags?post=5467"}],"curies":[{"name":"wp","href":"https:\/\/api.w.org\/{rel}","templated":true}]}}