{"id":5221,"date":"2019-06-30T19:33:32","date_gmt":"2019-06-30T19:33:32","guid":{"rendered":"http:\/\/stec.se\/?p=5221"},"modified":"2019-07-01T19:45:02","modified_gmt":"2019-07-01T19:45:02","slug":"mandagsnyheter-varje-mandag-hela-sommaren-brinnande-bil-unikt-team-i-stec-grattis-max-dk-och-nu-gar-vi-in-i-juli-manad","status":"publish","type":"post","link":"https:\/\/stec.se\/en\/mandagsnyheter-varje-mandag-hela-sommaren-brinnande-bil-unikt-team-i-stec-grattis-max-dk-och-nu-gar-vi-in-i-juli-manad\/","title":{"rendered":"M\u00e5ndagsnyheter varje M\u00e5ndag hela sommaren.  Brinnande bil , Unikt team i STEC , Grattis Max DK och nu g\u00e5r vi in i Juli M\u00e5nad Med en regel\u00f6vning p\u00e5 Slutet"},"content":{"rendered":"<p><iframe loading=\"lazy\" title=\"Calum Lockie: Firestarter: onboard fire Donington Historic Festival 2019\" width=\"1080\" height=\"608\" src=\"https:\/\/www.youtube.com\/embed\/HmuZl29F2_A?feature=oembed\" frameborder=\"0\" allow=\"accelerometer; autoplay; encrypted-media; gyroscope; picture-in-picture\" allowfullscreen><\/iframe><\/p>\n<p>Vi b\u00f6rjar M\u00e5ndags bloggen med v\u00e5ldsamma bilder fr\u00e5n en brinnande bil i England.\u00a0 Men vi vill ta upp denna filmklipp f\u00f6r f\u00f6raren g\u00f6r detta briljant.\u00a0 K\u00f6r om Pace car d\u00e5 detta \u00e4r ett akutl\u00e4ge g\u00e4ller den &#8221;n\u00f6dv\u00e4rnsr\u00e4tten&#8221; \u00e4ven i STEC Racing. F\u00f6raren vet var r\u00e4ddningsbilen st\u00e5r och v\u00e4ljer att snabbast m\u00f6jliga \u00e5ka dit.\u00a0 STEC har brands\u00e4kerhet vid varje flaggpostering s\u00e5 f\u00e5r ni brand s\u00e5 k\u00f6r alltid direkt till n\u00e4rmaste flaggpostering eller direkt till rescuebilen f\u00f6r m\u00e5nga ggr kan vi snabbt sl\u00e4cka bilen utan att den f\u00e5r omfattande skador om detta g\u00f6rs snabbt.<\/p>\n<p><strong>STEC Women Team Unikt team som kommer den 5 Oktober\u00a0<\/strong><\/p>\n<p><strong>Stec\u00a0<\/strong>bygger nu 2 team inf\u00f6r 2020 och vi kommer presentera ett av dem redan i h\u00f6st som enbart best\u00e5r av tjejer som k\u00f6r. Handen p\u00e5 hj\u00e4rtat killar n\u00e4r gav du din fru , sambo eller dotter en racing upplevelse senast ?\u00a0 Ge henne detta som en ing\u00e5ng till Bilsporten och du kommer vara den b\u00e4sta pappa\/Make i v\u00e4rlden.\u00a0 Anm\u00e4lan finns nu p\u00e5 facebook https:\/\/www.facebook.com\/groups\/2318381294917514\/<\/p>\n<p>och mer info finns h\u00e4r b\u00e5de f\u00f6r samverkande f\u00f6retag och f\u00f6rare som alltid h\u00e4nger ihop inom motorsorten.\u00a0 Allt \u00e4r all inclusive och Rickard kommer designa bilen som blir en Audi A3 med sitt f\u00f6retag\u00a0<a href=\"http:\/\/www.skyltstallet.se\/kontakt\/skyltar-borlange\/\"> http:\/\/www.skyltstallet.se\/kontakt\/skyltar-borlange\/<\/a><\/p>\n<p><a href=\"http:\/\/media1.stec.se\/2019\/06\/STEC-Women-team-.pdf\">STEC Women team<\/a> <a href=\"http:\/\/media1.stec.se\/2019\/06\/STEC-Women-team-f\u00f6retag-.pdf\">STEC Women team f\u00f6retag<\/a><\/p>\n<p><img loading=\"lazy\" decoding=\"async\" class=\"alignnone size-medium wp-image-5225\" src=\"http:\/\/media1.stec.se\/2019\/06\/audi-a3-300x146.png\" alt=\"\" width=\"300\" height=\"146\" srcset=\"https:\/\/media1.stec.se\/2019\/06\/audi-a3-300x146.png 300w, https:\/\/media1.stec.se\/2019\/06\/audi-a3.png 714w\" sizes=\"auto, (max-width: 300px) 100vw, 300px\" \/><\/p>\n<p><strong>Grattis Max och detta var verkligen vad F1 Beh\u00f6vde\u00a0<\/strong><\/p>\n<p><iframe loading=\"lazy\" title=\"2019 Austrian Grand Prix: Race Highlights\" width=\"1080\" height=\"608\" src=\"https:\/\/www.youtube.com\/embed\/Q3L7WzpAsjY?feature=oembed\" frameborder=\"0\" allow=\"accelerometer; autoplay; encrypted-media; gyroscope; picture-in-picture\" allowfullscreen><\/iframe><\/p>\n<p><strong>Hyrbills Audi var ute p\u00e5 promotionsresa i helgen\u00a0<\/strong><\/p>\n<p><img loading=\"lazy\" decoding=\"async\" class=\"alignnone size-medium wp-image-5227\" src=\"http:\/\/media1.stec.se\/2019\/06\/audi-tt-estrid-300x225.jpg\" alt=\"\" width=\"300\" height=\"225\" srcset=\"https:\/\/media1.stec.se\/2019\/06\/audi-tt-estrid-300x225.jpg 300w, https:\/\/media1.stec.se\/2019\/06\/audi-tt-estrid-510x382.jpg 510w, https:\/\/media1.stec.se\/2019\/06\/audi-tt-estrid.jpg 720w\" sizes=\"auto, (max-width: 300px) 100vw, 300px\" \/><\/p>\n<p>STEC jobbar aktivt med att synas och denna helg var det i Leksand p\u00e5 <a href=\"https:\/\/www.driveracademy.se\/dala-sportbilsfestival\/\">Dala Sportbilsfestival.<\/a>\u00a0 V\u00e4ldigt trevligt och m\u00e5nga nyfikna samtal om STEC och kontakter skapades som vi f\u00e5r se vad detta inneb\u00e4r men stort tack till Jojje och Veronica\u00a0 Stort tack till Alrik och Auto Motor Sport och Tack till alla m\u00e4rkesklubbar som vi tr\u00e4ffade och Roadrace. P\u00e5 v\u00e4gen hem s\u00e5 testade Estrid Audins Quattro och Launch Control\u00a0 och detta k\u00e4ndes riktigt bra med riktigt bra burjobb. Denna bil kommer synas p\u00e5 fler st\u00e4llen i sommar och \u00e4r skapad f\u00f6r att synas p\u00e5 de olika tr\u00e4ffarna.\u00a0 Ett team har f\u00f6retagshyrt den senare i h\u00f6st och ska bli sp\u00e4nnande tillskott i klass 2.<\/p>\n<p><strong>STEC vill \u00e4ven gratulera DK\u00a0 Racing <\/strong>Som tog en fin skalp i MSLS i L\u00f6rdags med sin fina Manta bil. Grattis f\u00f6r denna seger \u00e4r ni v\u00e4rda .<\/p>\n<p>Okey Veckan startar med nya M\u00e5nad och vi \u00f6nskar er alla en riktigt fin semestervecka och vill ni rejsa s\u00e5 k\u00f6r <a href=\"http:\/\/www.enkelbilsport.se\">www.enkelbilsport.se<\/a> p\u00e5 Lidk\u00f6ping p\u00e5 L\u00f6rdag 3 timmars 100% grus fint i 30 grader\u00a0 Skicka in mer tjejer till tjejteamet f\u00f6r detta ska bli ett unikt team med unika f\u00f6rare &#8230;<\/p>\n<p>&nbsp;<\/p>\n<p>Veckans regel\u00f6vningar \u00e4r inte l\u00e4tta men vi inom STEC f\u00f6rs\u00f6ker alltid d\u00f6ma sjsyt s\u00e5 \u00e4ven den 13 Juli p\u00e5 Mittsverige men l\u00e4s g\u00e4rna igenom denna\u00a0 bunt\u00a0 regler<\/p>\n<p><a href=\"https:\/\/f1metrics.wordpress.com\/2014\/08\/28\/the-rules-of-racing\/?fbclid=IwAR1DQ2KzGZz5qDk4uK24tboGMhGnK10KytrJtHOAjuqqoUIcTVOtWV564WQ\">The rules of&nbsp;racing<\/a><\/p>\n<p>&nbsp;<\/p>","protected":false},"excerpt":{"rendered":"<p>Vi b\u00f6rjar M\u00e5ndags bloggen med v\u00e5ldsamma bilder fr\u00e5n en brinnande bil i England.\u00a0 Men vi vill ta upp denna filmklipp f\u00f6r f\u00f6raren g\u00f6r detta briljant.\u00a0 K\u00f6r om Pace car d\u00e5 detta \u00e4r ett akutl\u00e4ge g\u00e4ller den &#8221;n\u00f6dv\u00e4rnsr\u00e4tten&#8221; \u00e4ven i STEC Racing. F\u00f6raren vet var r\u00e4ddningsbilen st\u00e5r och v\u00e4ljer att snabbast m\u00f6jliga \u00e5ka dit.\u00a0 STEC har [&hellip;]<\/p>\n","protected":false},"author":2,"featured_media":5228,"comment_status":"open","ping_status":"open","sticky":false,"template":"","format":"standard","meta":{"_et_pb_use_builder":"","_et_pb_old_content":"","footnotes":""},"categories":[1],"tags":[],"class_list":["post-5221","post","type-post","status-publish","format-standard","has-post-thumbnail","hentry","category-uncategorized"],"aioseo_notices":[],"_links":{"self":[{"href":"https:\/\/stec.se\/en\/wp-json\/wp\/v2\/posts\/5221","targetHints":{"allow":["GET"]}}],"collection":[{"href":"https:\/\/stec.se\/en\/wp-json\/wp\/v2\/posts"}],"about":[{"href":"https:\/\/stec.se\/en\/wp-json\/wp\/v2\/types\/post"}],"author":[{"embeddable":true,"href":"https:\/\/stec.se\/en\/wp-json\/wp\/v2\/users\/2"}],"replies":[{"embeddable":true,"href":"https:\/\/stec.se\/en\/wp-json\/wp\/v2\/comments?post=5221"}],"version-history":[{"count":5,"href":"https:\/\/stec.se\/en\/wp-json\/wp\/v2\/posts\/5221\/revisions"}],"predecessor-version":[{"id":5231,"href":"https:\/\/stec.se\/en\/wp-json\/wp\/v2\/posts\/5221\/revisions\/5231"}],"wp:featuredmedia":[{"embeddable":true,"href":"https:\/\/stec.se\/en\/wp-json\/wp\/v2\/media\/5228"}],"wp:attachment":[{"href":"https:\/\/stec.se\/en\/wp-json\/wp\/v2\/media?parent=5221"}],"wp:term":[{"taxonomy":"category","embeddable":true,"href":"https:\/\/stec.se\/en\/wp-json\/wp\/v2\/categories?post=5221"},{"taxonomy":"post_tag","embeddable":true,"href":"https:\/\/stec.se\/en\/wp-json\/wp\/v2\/tags?post=5221"}],"curies":[{"name":"wp","href":"https:\/\/api.w.org\/{rel}","templated":true}]}}