{"id":5200,"date":"2019-06-23T23:27:36","date_gmt":"2019-06-23T23:27:36","guid":{"rendered":"http:\/\/stec.se\/?p=5200"},"modified":"2019-06-24T08:47:59","modified_gmt":"2019-06-24T08:47:59","slug":"svensk-seger-bensinolyckor-80-minuters-regeln-ambassador-for-stec-isabell-proffsfotograf-verktygssats-fullspackat-nyhetsblogg-varje-mandag","status":"publish","type":"post","link":"https:\/\/stec.se\/en\/svensk-seger-bensinolyckor-80-minuters-regeln-ambassador-for-stec-isabell-proffsfotograf-verktygssats-fullspackat-nyhetsblogg-varje-mandag\/","title":{"rendered":"Svensk Seger , Bensinolyckor , 80 minuters regeln , Ambassad\u00f6r f\u00f6r stec , Isabell , Proffsfotograf , Verktygssats ,Fullsp\u00e4ckat Nyhetsblogg varje M\u00e5ndag"},"content":{"rendered":"<p><img loading=\"lazy\" decoding=\"async\" class=\"alignnone size-medium wp-image-5201\" src=\"http:\/\/media1.stec.se\/2019\/06\/wettervik-300x200.jpg\" alt=\"\" width=\"300\" height=\"200\" srcset=\"https:\/\/media1.stec.se\/2019\/06\/wettervik-300x200.jpg 300w, https:\/\/media1.stec.se\/2019\/06\/wettervik-768x512.jpg 768w, https:\/\/media1.stec.se\/2019\/06\/wettervik.jpg 960w\" sizes=\"auto, (max-width: 300px) 100vw, 300px\" \/><\/p>\n<p>Media vill vi alla ha men vad g\u00e4ller egentligen och vem \u00e4ger bilderna osv ?<\/p>\n<p>STEC har alltid haft 2 policy att ingen fotar ev olyckor samt att man tar inte bilder fr\u00e5n proffsen utan att fr\u00e5ga.\u00a0 \u00a0 Bilden ovan \u00e4r p\u00e5 Nordic Lights fina Seat men bilden \u00e4gs av Tierp Idag?\u00a0 \u00a0De har inga problem med att man &#8221;l\u00e5nar&#8221; bilder som han har tagit men fr\u00e5ga f\u00f6rst och Tierp Idag (TI )\u00a0 s\u00e4ljer bilder som f\u00f6retag de \u00e4r.\u00a0 F\u00f6r att g\u00f6ra detta enkelt s\u00e5 har STEC hyrt in TI 5 Oktober p\u00e5 Tierp f\u00f6r att ta bilder som vi alla kommer kunna anv\u00e4nda som marknadsf\u00f6rning av ert team , och verksamheten.\u00a0 Vem ska betala detta ? Jo det f\u00e5r bes\u00f6karna g\u00f6ra s\u00e5 TI kommer pumpa ut p\u00e5 sin sida Tierp Idag reklam om STEC t\u00e4vlingen p\u00e5 Tierp och vi ihop kommer d\u00e5 kunna dra nytta av detta och samverkan skapar en win-win situation.\u00a0 F\u00f6r \u00f6vrigt s\u00e5 kommer det vara helt fritt att f\u00e5 media ackreditering till racen och fritt att kn\u00e4ppa bilder och g\u00f6ra filmer dock som alltid p\u00e5 egen risk. K\u00f6r man upp en dr\u00f6nare eller st\u00e4ller ut kameror runt banorna som blir p\u00e5k\u00f6rda s\u00e5 kan inget stec team bli \u00e5terbetalningsskyldig. Allt sker p\u00e5 egen risk pronto.<\/p>\n<p><img loading=\"lazy\" decoding=\"async\" class=\"alignnone size-medium wp-image-5202\" src=\"http:\/\/media1.stec.se\/2019\/06\/v\u00e4der-300x184.jpg\" alt=\"\" width=\"300\" height=\"184\" srcset=\"https:\/\/media1.stec.se\/2019\/06\/v\u00e4der-300x184.jpg 300w, https:\/\/media1.stec.se\/2019\/06\/v\u00e4der.jpg 768w\" sizes=\"auto, (max-width: 300px) 100vw, 300px\" \/><\/p>\n<p><a href=\"https:\/\/parcferme.no\/notiser\/flere-personer-skadet-pa-dokka-etter-at-bensintank-eksploderte\/?fbclid=IwAR3cMrqshOoe6e2sc-axnZ3ssAx8Mq9hwq5dCdpv3lq48k9awzYnN9-PTeU\">https:\/\/parcferme.no\/notiser\/flere-personer-skadet-pa-dokka-etter-at-bensintank-eksploderte\/?fbclid=IwAR3cMrqshOoe6e2sc-axnZ3ssAx8Mq9hwq5dCdpv3lq48k9awzYnN9-PTeU<\/a><\/p>\n<p>Bensintank som exploderar i Norge kan naturligtvis ske \u00e4ven i STEC.\u00a0 Detta kommer vi kolla p\u00e5 Mittsverige som har sin &#8221;tankningsfick&#8221; p\u00e5 bra avst\u00e5nd ifr\u00e5n maskindep\u00e5 och d\u00e4r kommer all tankning ske under 13 Juli. T\u00e4nk alltid p\u00e5 att ha milj\u00f6matta , absol , f\u00f6r detta med tankningen \u00e4r Teamansvar och 3 minuters tanktid r\u00e5der och <strong>80 Minuters regeln\u00a0<\/strong>r\u00e5der och kommer kollas f\u00f6r 13 Juli kommer det vara v\u00e4ldigt varmt f\u00f6r f\u00f6raren och det \u00e4r d\u00e4rf\u00f6r regeln finns med att ingen f\u00f6rare ska k\u00f6ra l\u00e4ngre \u00e4n 80 minuter.\u00a0 Det betyder d\u00e5 som alla f\u00f6rst\u00e5r minst 2 f\u00f6rarbyten under 3 timmar och minst 1 f\u00f6rarbyte f\u00f6r 2 timmars f\u00f6re lunch.\u00a0 \u00a0&#8221;Missar&#8221; man detta s\u00e5 r\u00e5der alltid den l\u00e4gsta straffsatsen in p\u00e5 5 minuters stopptid vilket \u00e4r 3 varv p\u00e5 Mittsverigebanan och kan utdelas som just Stop&amp;go eller varvavdrag.\u00a0 \u00a0&#8221;Missar&#8221;man det 2 ggr dubblas straffsatsen = 10 minuter.<\/p>\n<p><img loading=\"lazy\" decoding=\"async\" class=\"alignnone size-medium wp-image-5203\" src=\"http:\/\/media1.stec.se\/2019\/06\/v\u00e4der-1-300x225.jpg\" alt=\"\" width=\"300\" height=\"225\" srcset=\"https:\/\/media1.stec.se\/2019\/06\/v\u00e4der-1-300x225.jpg 300w, https:\/\/media1.stec.se\/2019\/06\/v\u00e4der-1.jpg 480w\" sizes=\"auto, (max-width: 300px) 100vw, 300px\" \/><\/p>\n<p>Johan en vinnare \u00e4ven i WTCR\u00a0 grattis till teamet till f\u00f6rsta segern och den tog under helgen p\u00e5 klassiska Nordslingan <a href=\"https:\/\/www.fiawtcr.com\/kristoffersson-takes-tag-heuer-best-lap-trophy-in-wtcr-race-of-germany\/\">https:\/\/www.fiawtcr.com\/kristoffersson-takes-tag-heuer-best-lap-trophy-in-wtcr-race-of-germany\/<\/a><\/p>\n<p>STEC st\u00e4ller sig i raden f\u00f6r att gratulera och dessa segrar som v\u00e5ra duktiga Svenska f\u00f6rare radar upp \u00e4r v\u00e4ldigt viktigt f\u00f6r att bevara och ytterligare \u00f6ka intresse f\u00f6r touringbilarna och att kunna k\u00f6ra dessa p\u00e5 banorna i Sverige.\u00a0 F\u00f6r vi \u00e4r alla <strong>ambassad\u00f6rer\u00a0<\/strong>och det handlar idag tyv\u00e4rr mycket om att st\u00e5 upp f\u00f6r bilsporten n\u00e4r det pratas s\u00e5 mycket om milj\u00f6arbetet men mycket gl\u00f6ms bort i debatten om hur viktig motorsporten \u00e4r f\u00f6r utvecklingen av motorer och aerodynamiken etc samt naturligtvis s\u00e4kerheten f\u00f6r f\u00f6rare.\u00a0<strong>\u00a0<\/strong>N\u00e4r jag pratar om STEC n\u00e4mner jag ist\u00e4llet det positiva med att skapa duktiga f\u00f6rare och ungdomssatsningen som skapar m\u00f6jlighet f\u00f6r unga f\u00f6rare att k\u00f6ra p\u00e5 ett s\u00e4kert s\u00e4tt.\u00a0 STEC har \u00e4ven skapat ett forum d\u00e4r 8 unga lovande kartingf\u00f6rare p\u00e5 14-18 \u00e5r kommer handplockas i en utvecklingsgrupp som ni kan f\u00f6lja p\u00e5 <a href=\"https:\/\/www.facebook.com\/groups\/827870920930263\/\">facebook\u00a0<\/a><\/p>\n<p>Isabell Holmstr\u00f6m \u00e4r konsult inom Event Manager och kommer bist\u00e5 STEC under h\u00f6sten f\u00f6r att skapa en tydligare struktur i hur t\u00e4vlingsdagarna kan bli b\u00e4ttre.\u00a0 Det f\u00f6rsta f\u00f6r\u00e4ndringen som ni team kommer se av detta \u00e4r att det alltid kommer finnas en officiell klocka och informationstavla.\u00a0 Detta kommer st\u00e5 tydligt uppst\u00e4llda vid Lunch serveringen b\u00e5de p\u00e5 MSB , TIERP , SVIESTAD , MALMBY\u00a0 som \u00e4r arenorna i h\u00f6st.\u00a0 All resultat rapportering kommer sker p\u00e5 <a href=\"https:\/\/www.facebook.com\/stec.se\/\">Facebook<\/a> och hemsida\u00a0 varje hel timme med uppdatering och lite kort info om team som brutit eller gjort en ovanlig prestation.\u00a0 Detta f\u00f6r vi vet att det finns \u00f6nskem\u00e5l om att kunna f\u00f6lja sitt favoritteam var som helst i v\u00e4rlden blir detta nu m\u00f6jligt genom internet.\u00a0 Vi kommer \u00e4ven anv\u00e4nda oss av samma tidtagningssystem som senast p\u00e5 Gotland med tydlig text\u00a0 vilken klass och tidsrymd teamet t\u00e4vlar inom.\u00a0 Vill du som aktiv tipsa om f\u00f6rslag till f\u00f6rb\u00e4ttringar inom STEC s\u00e5 \u00e4r email \u00f6ppet dygnet runt <a href=\"mailto:stec@stec.se\">stec@stec.se\u00a0\u00a0<\/a><\/p>\n<p>Anm\u00e4l er , Tidsschema <a href=\"http:\/\/stec.se\/en\/anmalning\/\">finns h\u00e4r\u00a0\u00a0<\/a><\/p>\n<p>\u00d6nskar ni swish , Bankgiro , Kontant , faktura allt g\u00e5r att l\u00f6sa men anm\u00e4l er s\u00e5 vi kan planera upp t\u00e4vlingen p\u00e5 ett bra s\u00e4tt med startlista , matplanering , och man f\u00e5r aldrig fr\u00e5ga l\u00e4ngre om vilka som har anm\u00e4lt sig om man sj\u00e4lv inte \u00e4r anm\u00e4ld.\u00a0 Och ni kan ringa , sms , meila , skicka brev , eller signa in er sj\u00e4lv under eventstr\u00e5den p\u00e5 facebook som vi kollar dagligen men bara det g\u00f6rs och senast 5 dagar innan annars kommer 300 kronor l\u00e4ggas p\u00e5 i sen startavgift.<\/p>\n<p>Fredag den 12 Juli kommer stec st\u00e5 p\u00e5 fordonsutst\u00e4llningen i H\u00e4rn\u00f6sand och visa upp v\u00e5ra bilar och ditt team \u00e4r v\u00e4lkommet h\u00f6r bara av er s\u00e5 bokar vi en plats f\u00f6r er.\u00a0 \u00a0Direkt efter racet p\u00e5 Mittsverige kommer det bli en motorfest med inbjudna f\u00f6rare inom Drifting , Street Race , Time-Attack\u00a0 musik och en kv\u00e4llsfest s\u00e5 v\u00e4lkommen p\u00e5 Motorfesten 2019<\/p>\n<p><img loading=\"lazy\" decoding=\"async\" class=\"alignnone size-medium wp-image-5205\" src=\"http:\/\/media1.stec.se\/2019\/06\/rollup-page-001-121x300.jpg\" alt=\"\" width=\"121\" height=\"300\" srcset=\"https:\/\/media1.stec.se\/2019\/06\/rollup-page-001-121x300.jpg 121w, https:\/\/media1.stec.se\/2019\/06\/rollup-page-001-415x1024.jpg 415w, https:\/\/media1.stec.se\/2019\/06\/rollup-page-001.jpg 477w\" sizes=\"auto, (max-width: 121px) 100vw, 121px\" \/><img loading=\"lazy\" decoding=\"async\" class=\"alignnone size-full wp-image-5206\" src=\"http:\/\/media1.stec.se\/2019\/06\/citat.png\" alt=\"\" width=\"225\" height=\"225\" srcset=\"https:\/\/media1.stec.se\/2019\/06\/citat.png 225w, https:\/\/media1.stec.se\/2019\/06\/citat-150x150.png 150w\" sizes=\"auto, (max-width: 225px) 100vw, 225px\" \/><img loading=\"lazy\" decoding=\"async\" class=\"alignnone size-medium wp-image-5207\" src=\"http:\/\/media1.stec.se\/2019\/06\/funktion\u00e4r2-300x200.jpg\" alt=\"\" width=\"300\" height=\"200\" srcset=\"https:\/\/media1.stec.se\/2019\/06\/funktion\u00e4r2-300x200.jpg 300w, https:\/\/media1.stec.se\/2019\/06\/funktion\u00e4r2-768x512.jpg 768w, https:\/\/media1.stec.se\/2019\/06\/funktion\u00e4r2.jpg 1024w\" sizes=\"auto, (max-width: 300px) 100vw, 300px\" \/><\/p>\n<p><strong>Verktygssats\u00a0f\u00f6r l\u00e5ngloppsteam ? 6000 kronor\u00a0<\/strong><\/p>\n<p><img loading=\"lazy\" decoding=\"async\" class=\"alignnone size-medium wp-image-5210\" src=\"http:\/\/media1.stec.se\/2019\/06\/tools-300x300.jpg\" alt=\"\" width=\"300\" height=\"300\" srcset=\"https:\/\/media1.stec.se\/2019\/06\/tools-300x300.jpg 300w, https:\/\/media1.stec.se\/2019\/06\/tools-150x150.jpg 150w, https:\/\/media1.stec.se\/2019\/06\/tools.jpg 768w\" sizes=\"auto, (max-width: 300px) 100vw, 300px\" \/><img loading=\"lazy\" decoding=\"async\" class=\"alignnone size-medium wp-image-5211\" src=\"http:\/\/media1.stec.se\/2019\/06\/tools-1-300x300.jpg\" alt=\"\" width=\"300\" height=\"300\" srcset=\"https:\/\/media1.stec.se\/2019\/06\/tools-1-300x300.jpg 300w, https:\/\/media1.stec.se\/2019\/06\/tools-1-150x150.jpg 150w, https:\/\/media1.stec.se\/2019\/06\/tools-1-768x768.jpg 768w, https:\/\/media1.stec.se\/2019\/06\/tools-1.jpg 1024w\" sizes=\"auto, (max-width: 300px) 100vw, 300px\" \/><\/p>\n<p>STEC samverkar med fler och fler f\u00f6retag och denna g\u00e5ng \u00e4r det Tyska KW Tools som har tagit fram en specialvagn f\u00f6r STEC Endurance.\u00a0 5 stycken kullagrade spr\u00e4ngfyllda l\u00e5dor med hundratals verktygs men framf\u00f6r allt bort med alla amerikanska tum och in med fler mm verktyg\u00a0 De 2 nedre l\u00e5dorna kommer vi fylla p\u00e5 med saker som vi anser \u00e4r viktiga som trasor , glasputs\u00a0 bromsv\u00e4tska , motorolja\u00a0 silvertejp plastband och f\u00f6rsta f\u00f6rband.\u00a0 \u00a0Dessa vagnar kommer kunna levereras hem till er inom Stockholm kostnadsfritt eller direkt till n\u00e4sta t\u00e4vling. Verktygen \u00e4r 5 \u00e5rs kvalitet och riktigt bra och ett s\u00e4tt f\u00f6r er att snabbt kunna k\u00f6pa ett komplett kitt som rullas l\u00e4tt p\u00e5 hjul och kan \u00e4ven hyras p\u00e5 banorna f\u00f6r 600 kronor s\u00e5 sk\u00f6ter stec om att ert team alltid har en komplett vagn p\u00e5 t\u00e4vling och ni slipper sl\u00e4pa mer er verktygen och kan l\u00e4gga fokus p\u00e5 det ni vill g\u00f6ra n\u00e4mligen att k\u00f6ra. bokas p\u00e5 stec@stec.se\u00a0 kommer finnas \u00e4ven i framtiden kompletta set med pallbockar mutterdragare kompressor servicetekniker allt f\u00f6r att f\u00f6renkla ert t\u00e4vlande inom STEC.<\/p>\n<p><img loading=\"lazy\" decoding=\"async\" class=\"alignnone size-medium wp-image-5213\" src=\"http:\/\/media1.stec.se\/2019\/06\/good-300x156.jpg\" alt=\"\" width=\"300\" height=\"156\" srcset=\"https:\/\/media1.stec.se\/2019\/06\/good-300x156.jpg 300w, https:\/\/media1.stec.se\/2019\/06\/good-768x401.jpg 768w, https:\/\/media1.stec.se\/2019\/06\/good.jpg 1024w\" sizes=\"auto, (max-width: 300px) 100vw, 300px\" \/><\/p>\n<p>Varje \u00e5r reser STEC n\u00e5gonstans och i \u00e5r blir det till de brittiska GoodWood Revival.\u00a0 Ni som vet vad detta \u00e4r tar naturligtvis chansen att \u00e5ka med.\u00a0 Ni som inte vet vad detta \u00e4r kan <a href=\"https:\/\/www.goodwood.com\/motorsport\/goodwood-revival\/\">studera h\u00e4r\u00a0<\/a><\/p>\n<p>STEC har bokat flyg hyrbilar boende biljetter pris 8,995\u00a0 snabb anm\u00e4lan f\u00f6r att \u00e5ka med genom att ringa Hasse p\u00e5 070-798 23 78 och detta \u00e4r n\u00e5got som jag inte kan beskriva utan detta m\u00e5ste upplevas p\u00e5 plats. <a href=\"https:\/\/www.facebook.com\/events\/383456879182125\/\">Facebook inbjudan\u00a0<\/a><\/p>\n<p><iframe loading=\"lazy\" title=\"Goodwood Revival 2018 Sunday highlights\" width=\"1080\" height=\"608\" src=\"https:\/\/www.youtube.com\/embed\/Q9nIQr3ijlg?feature=oembed\" frameborder=\"0\" allow=\"accelerometer; autoplay; encrypted-media; gyroscope; picture-in-picture\" allowfullscreen><\/iframe><\/p>\n<p><img loading=\"lazy\" decoding=\"async\" class=\"alignnone size-medium wp-image-5215\" src=\"http:\/\/media1.stec.se\/2019\/06\/SMS-l\u00e5n-5-300x203.png\" alt=\"\" width=\"300\" height=\"203\" srcset=\"https:\/\/media1.stec.se\/2019\/06\/SMS-l\u00e5n-5-300x203.png 300w, https:\/\/media1.stec.se\/2019\/06\/SMS-l\u00e5n-5.png 320w\" sizes=\"auto, (max-width: 300px) 100vw, 300px\" \/>Tj\u00e4na 5000 kr i hittel\u00f6n ?<\/p>\n<p>STEC den 5-6 Oktober p\u00e5 Tierp Arena jobbar vi stenh\u00e5rt f\u00f6r att g\u00f6ra Large och nu erbjuder vi 5000 kronor till den som f\u00f6rmedlar kontakten till f\u00f6retag som leder till 1 eller 2 hyrbilar denna helg.\u00a0 <strong><a href=\"http:\/\/stec.se\/en\/hyrbilsteam\/\">http:\/\/stec.se\/hyrbilsteam\/<\/a><\/strong><\/p>\n<p>F\u00f6r mer information om denna 5000 kronor kampanj kontakta oss p\u00e5 <a href=\"mailto:stec@stec.se\">stec@stec.se\u00a0\u00a0<\/a><\/p>\n<p>Nu \u00f6nskar vi er alla en riktigt bra Vecka och \u00e4r ni i Orsa\/Leksand s\u00e5 kommer vi tr\u00e4ffas d\u00e5 vi kommer vara p\u00e5 bilsporttr\u00e4ffen d\u00e4r och promota STEC kommande helg.\u00a0 Formel 1 Frankrike slutade lite som oftast med Tyskt team i spetsen<\/p>\n<p>Startlista till 13 Juli finns <a href=\"https:\/\/www.facebook.com\/events\/519130291942412\/\">h\u00e4r facebook l\u00e4nk\u00a0<\/a><\/p>\n<p>&nbsp;<\/p>","protected":false},"excerpt":{"rendered":"<p>Media vill vi alla ha men vad g\u00e4ller egentligen och vem \u00e4ger bilderna osv ? STEC har alltid haft 2 policy att ingen fotar ev olyckor samt att man tar inte bilder fr\u00e5n proffsen utan att fr\u00e5ga.\u00a0 \u00a0 Bilden ovan \u00e4r p\u00e5 Nordic Lights fina Seat men bilden \u00e4gs av Tierp Idag?\u00a0 \u00a0De har inga [&hellip;]<\/p>\n","protected":false},"author":2,"featured_media":5213,"comment_status":"open","ping_status":"open","sticky":false,"template":"","format":"standard","meta":{"_et_pb_use_builder":"","_et_pb_old_content":"","footnotes":""},"categories":[1],"tags":[],"class_list":["post-5200","post","type-post","status-publish","format-standard","has-post-thumbnail","hentry","category-uncategorized"],"aioseo_notices":[],"_links":{"self":[{"href":"https:\/\/stec.se\/en\/wp-json\/wp\/v2\/posts\/5200","targetHints":{"allow":["GET"]}}],"collection":[{"href":"https:\/\/stec.se\/en\/wp-json\/wp\/v2\/posts"}],"about":[{"href":"https:\/\/stec.se\/en\/wp-json\/wp\/v2\/types\/post"}],"author":[{"embeddable":true,"href":"https:\/\/stec.se\/en\/wp-json\/wp\/v2\/users\/2"}],"replies":[{"embeddable":true,"href":"https:\/\/stec.se\/en\/wp-json\/wp\/v2\/comments?post=5200"}],"version-history":[{"count":7,"href":"https:\/\/stec.se\/en\/wp-json\/wp\/v2\/posts\/5200\/revisions"}],"predecessor-version":[{"id":5220,"href":"https:\/\/stec.se\/en\/wp-json\/wp\/v2\/posts\/5200\/revisions\/5220"}],"wp:featuredmedia":[{"embeddable":true,"href":"https:\/\/stec.se\/en\/wp-json\/wp\/v2\/media\/5213"}],"wp:attachment":[{"href":"https:\/\/stec.se\/en\/wp-json\/wp\/v2\/media?parent=5200"}],"wp:term":[{"taxonomy":"category","embeddable":true,"href":"https:\/\/stec.se\/en\/wp-json\/wp\/v2\/categories?post=5200"},{"taxonomy":"post_tag","embeddable":true,"href":"https:\/\/stec.se\/en\/wp-json\/wp\/v2\/tags?post=5200"}],"curies":[{"name":"wp","href":"https:\/\/api.w.org\/{rel}","templated":true}]}}