{"id":5184,"date":"2019-06-16T19:10:48","date_gmt":"2019-06-16T19:10:48","guid":{"rendered":"http:\/\/stec.se\/?p=5184"},"modified":"2019-06-16T20:38:43","modified_gmt":"2019-06-16T20:38:43","slug":"stecrun-fantastiska-le-mans-antjarn-eller-hotel-royal-valfritt","status":"publish","type":"post","link":"https:\/\/stec.se\/en\/stecrun-fantastiska-le-mans-antjarn-eller-hotel-royal-valfritt\/","title":{"rendered":"Stecrun , Fantastiska Le Mans , Antj\u00e4rn eller Hotel Royal ( valfritt )"},"content":{"rendered":"<p><img loading=\"lazy\" decoding=\"async\" class=\"alignnone size-medium wp-image-5185\" src=\"http:\/\/media1.stec.se\/2019\/06\/le-mans-300x169.png\" alt=\"\" width=\"300\" height=\"169\" srcset=\"https:\/\/media1.stec.se\/2019\/06\/le-mans-300x169.png 300w, https:\/\/media1.stec.se\/2019\/06\/le-mans.png 345w\" sizes=\"auto, (max-width: 300px) 100vw, 300px\" \/><\/p>\n<p>Le Mans eller Le Maaaaans\u00a0 dra ut p\u00e5 det f\u00f6r vi pratar om en unik h\u00e4ndelse som varje \u00e5r utspelar sig p\u00e5 den 13 kilometer l\u00e5nga banan utanf\u00f6r staden Le Mans i norra Frankrike. T\u00e4vlingen har k\u00f6rts varje \u00e5r sedan 1923 utom under 2 v\u00e4rldskriget av f\u00f6rklarliga sk\u00e4l. \u00a0 2 Svenska f\u00f6rare har skrivit in sig i historieb\u00f6ckerna 1989 Stanley Dickens och 1997 Stefan Johansson.\u00a0 Dansken Tom Kristensen\u00a0 har vunnit inte mindre \u00e4n 9 titlar vilket \u00e4r s\u00e5 otroligt s\u00e5 Bj\u00f6rn Borg prestation k\u00e4nns enkel.\u00a0 STEC h\u00f6ll alla tummar och t\u00e5r f\u00f6r Henning Enqvist som debuterade men som efter generatorstrul och en strulig debut fick l\u00e4mna in under S\u00f6ndagsmorgonen.\u00a0 Men stort att kunna deltaga och h\u00e4r kommer mer info om detta Stockholms kille <a href=\"https:\/\/www.henningenqvist.com\">click\u00a0\u00a0\u00a0<\/a><\/p>\n<p><strong>16,700 H\u00e4rligt \u00a0\u00a0<\/strong>Helgens TCR lockade denna nu f\u00f6r tiden hiskeliga publiksiffra till F\u00e4llfors mitt i skogen utanf\u00f6r Skellefte\u00e5.\u00a0 Vi kommer ta med den banan som diskussion inf\u00f6r 2020 med er f\u00f6rare Sveriges Nordligaste och l\u00e4ngsta bana \u00e4r det en bana f\u00f6r STEC ?? <a href=\"https:\/\/drivecenter.se\/\">https:\/\/drivecenter.se\/<\/a><\/p>\n<p>STECRUN var p\u00e5 fina utst\u00e4llningen Cars &amp; Coffe under varma f\u00f6rh\u00e5llanden i L\u00f6rdags och d\u00e4r tr\u00e4ffade vi bland annat g\u00e4nget bakom <img loading=\"lazy\" decoding=\"async\" class=\"alignnone size-medium wp-image-5186\" src=\"http:\/\/media1.stec.se\/2019\/06\/HMC-AC-Cobra-3-1-300x200.jpg\" alt=\"\" width=\"300\" height=\"200\" srcset=\"https:\/\/media1.stec.se\/2019\/06\/HMC-AC-Cobra-3-1-300x200.jpg 300w, https:\/\/media1.stec.se\/2019\/06\/HMC-AC-Cobra-3-1-768x512.jpg 768w, https:\/\/media1.stec.se\/2019\/06\/HMC-AC-Cobra-3-1.jpg 1024w\" sizes=\"auto, (max-width: 300px) 100vw, 300px\" \/>\u00a0 En unik bil skapad av unika m\u00e4nniskor och Thomas Kummerling\u00a0 , Andreas Johansson med sin stab ska bli kul att f\u00f6lja och vem vet kanske vi f\u00e5r se en handmadecar.se\u00a0 bil innan \u00e5ret \u00e4r slut. Intresserad kika p\u00e5 deras fantastiska byggen som ska passa b\u00e5de bana och gata <a href=\"http:\/\/handmadecars.se\/\">Website\u00a0\u00a0<\/a><\/p>\n<p>13 Juli planeringen \u00e4r ig\u00e5ng och fr\u00e5gan \u00e4r <a href=\"http:\/\/www.antjarnscamping.com\/\">Antj\u00e4rns camping<\/a> eller <a href=\"http:\/\/www.hotelroyal.se\/\">Hotell Royal \u00a0 <\/a><\/p>\n<p>Svaret \u00e4r att b\u00e5da funkar lika bra egentligen men vi vill sl\u00e5 lite extra f\u00f6r denna sommart\u00e4vling.\u00a0 F\u00f6r familjen finns f\u00f6rutom sj\u00e4lva STEC S\u00e5 finns det massor som sker runt t\u00e4vlingsarenan <a href=\"https:\/\/www.harnosand.se\/mittharnosand\/upplev-harnosand.html\">https:\/\/www.harnosand.se\/mittharnosand\/upplev-harnosand.html <\/a>S\u00e5 ta med familjen v\u00e4nnerna och t\u00e4nk p\u00e5 att vi k\u00f6r b\u00e5de 2,4,6 timmars race samt en hel del annat kul denna heldag 08-22 s\u00e5 \u00e4ven om teamet inte \u00e4r fulltaligt finns mycket k\u00f6rning och bilar med burar fr\u00e5n Light serien kommer nu f\u00e5 pr\u00f6va att m\u00e4ta sig emot Standard serien s\u00e5 detta kommer bli en sp\u00e4nnande L\u00f6rdag.\u00a0 Anm\u00e4lan som alltid finns h\u00e4r <a href=\"http:\/\/stec.se\/en\/anmalning\/\">click<\/a> \u00a0\u00a0 Vi kommer \u00e4ven toppa racet med nu minst 5 stycken V-8 Bilar som kommer extra laddade.<\/p>\n<p>Yokohama d\u00e4ck beh\u00f6ver flera av er best\u00e4ll dessa nu s\u00e5 ni inte f\u00e5r struligt med tiden <a href=\"mailto:stec@stec.se\">stec@stec.se <\/a><\/p>\n<p>Vi kommer \u00e4ven kunna erbjuda trailerplats fr\u00e5n Sthlm till H\u00e4rn\u00f6sand f\u00f6r 2500 kronor f\u00e5r ni er bil levererad till banan och i b\u00e4sta fall \u00e4ven hemk\u00f6rd vi kommer \u00e4ven kunna erbjuda hyrbilsplats f\u00f6r 2500 kronor ing\u00e5r allt overall hj\u00e4lm skor bil bensin och team med 30 minuters k\u00f6rtid boka som egen present eller bjud kompisen p\u00e5 detta<\/p>\n<p>. <img loading=\"lazy\" decoding=\"async\" class=\"alignnone size-medium wp-image-5187\" src=\"http:\/\/media1.stec.se\/2019\/06\/john-300x133.jpg\" alt=\"\" width=\"300\" height=\"133\" srcset=\"https:\/\/media1.stec.se\/2019\/06\/john-300x133.jpg 300w, https:\/\/media1.stec.se\/2019\/06\/john-768x339.jpg 768w, https:\/\/media1.stec.se\/2019\/06\/john.jpg 960w\" sizes=\"auto, (max-width: 300px) 100vw, 300px\" \/> John duktig f\u00f6rare bilden tagen fr\u00e5n Gotland.<\/p>\n<p><img loading=\"lazy\" decoding=\"async\" class=\"alignnone size-medium wp-image-5188\" src=\"http:\/\/media1.stec.se\/2019\/06\/amy-300x225.jpg\" alt=\"\" width=\"300\" height=\"225\" srcset=\"https:\/\/media1.stec.se\/2019\/06\/amy-300x225.jpg 300w, https:\/\/media1.stec.se\/2019\/06\/amy-768x576.jpg 768w, https:\/\/media1.stec.se\/2019\/06\/amy-510x382.jpg 510w, https:\/\/media1.stec.se\/2019\/06\/amy.jpg 960w\" sizes=\"auto, (max-width: 300px) 100vw, 300px\" \/> <img loading=\"lazy\" decoding=\"async\" class=\"alignnone size-medium wp-image-5189\" src=\"http:\/\/media1.stec.se\/2019\/06\/algarve-1-300x200.jpg\" alt=\"\" width=\"300\" height=\"200\" srcset=\"https:\/\/media1.stec.se\/2019\/06\/algarve-1-300x200.jpg 300w, https:\/\/media1.stec.se\/2019\/06\/algarve-1-768x512.jpg 768w, https:\/\/media1.stec.se\/2019\/06\/algarve-1.jpg 960w\" sizes=\"auto, (max-width: 300px) 100vw, 300px\" \/> <img loading=\"lazy\" decoding=\"async\" class=\"alignnone size-medium wp-image-5190\" src=\"http:\/\/media1.stec.se\/2019\/06\/baby-300x230.jpg\" alt=\"\" width=\"300\" height=\"230\" srcset=\"https:\/\/media1.stec.se\/2019\/06\/baby-300x230.jpg 300w, https:\/\/media1.stec.se\/2019\/06\/baby.jpg 564w\" sizes=\"auto, (max-width: 300px) 100vw, 300px\" \/><\/p>\n<p>3 Bilder med 3 meningar och f\u00f6rsta Amy och Stefan Wettervik mycket erfaren STEC f\u00f6rare som erbj\u00f6d med\u00e5kning p\u00e5 Tierp banan senast vilket var mycket uppskattat och n\u00e5got vi kommer forts\u00e4tta erbjuda p\u00e5 dessa <a href=\"http:\/\/www.stecrun.se\">www.stecrun.se<\/a>\u00a0 dagar j\u00e4ttekul att \u00e5ter se bla team Gevlarna med nya bilen p\u00e5 arenan i Fredags och det blev en liten film med duktiga f\u00f6raren Klaus Toth<\/p>\n<p><iframe loading=\"lazy\" title=\"kul dag p\u00e5 Tierp\" width=\"1080\" height=\"608\" src=\"https:\/\/www.youtube.com\/embed\/3lRYstlq960?feature=oembed\" frameborder=\"0\" allow=\"accelerometer; autoplay; encrypted-media; gyroscope; picture-in-picture\" allowfullscreen><\/iframe><\/p>\n<p>Hasse med Flaggan fick m\u00f6jlighet att k\u00f6ra n\u00e5gra varv genom detta med pr\u00f6va p\u00e5 dagen i samband med Stec Trackdays perfekt f\u00f6r f\u00f6rare som beh\u00f6ver f\u00e5 lite tempo och tr\u00e4na och tack Ola f\u00f6r jag fick k\u00f6ra Hellcat med 717 HK p\u00e5 driven\u00a0 Estrid tackar f\u00f6r flygturen men filmen blev s\u00e5 h\u00e4r f\u00f6r att visa nya banan p\u00e5 Tierp som vi k\u00f6ra 16 Augusti\u00a0 6 September\u00a0 4 Oktober och sen race 5-6 Oktober med STEC.<\/p>\n<p><iframe loading=\"lazy\" title=\"stec Tierp\" width=\"1080\" height=\"608\" src=\"https:\/\/www.youtube.com\/embed\/2KBDNcRmxno?start=42&#038;feature=oembed\" frameborder=\"0\" allow=\"accelerometer; autoplay; encrypted-media; gyroscope; picture-in-picture\" allowfullscreen><\/iframe><\/p>\n<p>Denna vecka kommer STEC ha kavajen p\u00e5 f\u00f6r att skapa fler f\u00f6retagsrelationer som vill k\u00f6ra f\u00f6retagsbil och g\u00f6ra f\u00f6retagsevent med fart.\u00a0 Ring om detta g\u00e4ller er firma ocks\u00e5 070-798 23 78<\/p>\n<p>&nbsp;<\/p>\n<p>Bilden p\u00e5 den besvikna pojken f\u00e5r ju symbolisera att n\u00e4sta har vi ingen verksamhet utan f\u00e5r \u00f6nska alla racing v\u00e4nner en riktigt Glad Midsommar.<\/p>\n<p>&nbsp;<\/p>\n<p>Du f\u00f6ljer stec p\u00e5<\/p>\n<p>Facebook <a href=\"https:\/\/www.facebook.com\/stec.se\/\">https:\/\/www.facebook.com\/stec.se\/<\/a><\/p>\n<p>k\u00f6p och s\u00e4lj Banracing <a href=\"https:\/\/www.facebook.com\/groups\/438687566324751\">https:\/\/www.facebook.com\/groups\/438687566324751<\/a><\/p>\n<p>&nbsp;<\/p>\n<p>&nbsp;<\/p>\n<p>&nbsp;<\/p>\n<p>&nbsp;<\/p>\n<p>&nbsp;<\/p>\n<p><a href=\"mailto:stec@stec.se\">\u00a0 <\/a><\/p>","protected":false},"excerpt":{"rendered":"<p>Le Mans eller Le Maaaaans\u00a0 dra ut p\u00e5 det f\u00f6r vi pratar om en unik h\u00e4ndelse som varje \u00e5r utspelar sig p\u00e5 den 13 kilometer l\u00e5nga banan utanf\u00f6r staden Le Mans i norra Frankrike. T\u00e4vlingen har k\u00f6rts varje \u00e5r sedan 1923 utom under 2 v\u00e4rldskriget av f\u00f6rklarliga sk\u00e4l. \u00a0 2 Svenska f\u00f6rare har skrivit in [&hellip;]<\/p>\n","protected":false},"author":2,"featured_media":5185,"comment_status":"open","ping_status":"open","sticky":false,"template":"","format":"standard","meta":{"_et_pb_use_builder":"","_et_pb_old_content":"","footnotes":""},"categories":[1],"tags":[],"class_list":["post-5184","post","type-post","status-publish","format-standard","has-post-thumbnail","hentry","category-uncategorized"],"aioseo_notices":[],"_links":{"self":[{"href":"https:\/\/stec.se\/en\/wp-json\/wp\/v2\/posts\/5184","targetHints":{"allow":["GET"]}}],"collection":[{"href":"https:\/\/stec.se\/en\/wp-json\/wp\/v2\/posts"}],"about":[{"href":"https:\/\/stec.se\/en\/wp-json\/wp\/v2\/types\/post"}],"author":[{"embeddable":true,"href":"https:\/\/stec.se\/en\/wp-json\/wp\/v2\/users\/2"}],"replies":[{"embeddable":true,"href":"https:\/\/stec.se\/en\/wp-json\/wp\/v2\/comments?post=5184"}],"version-history":[{"count":4,"href":"https:\/\/stec.se\/en\/wp-json\/wp\/v2\/posts\/5184\/revisions"}],"predecessor-version":[{"id":5194,"href":"https:\/\/stec.se\/en\/wp-json\/wp\/v2\/posts\/5184\/revisions\/5194"}],"wp:featuredmedia":[{"embeddable":true,"href":"https:\/\/stec.se\/en\/wp-json\/wp\/v2\/media\/5185"}],"wp:attachment":[{"href":"https:\/\/stec.se\/en\/wp-json\/wp\/v2\/media?parent=5184"}],"wp:term":[{"taxonomy":"category","embeddable":true,"href":"https:\/\/stec.se\/en\/wp-json\/wp\/v2\/categories?post=5184"},{"taxonomy":"post_tag","embeddable":true,"href":"https:\/\/stec.se\/en\/wp-json\/wp\/v2\/tags?post=5184"}],"curies":[{"name":"wp","href":"https:\/\/api.w.org\/{rel}","templated":true}]}}