{"id":4872,"date":"2019-04-15T08:03:51","date_gmt":"2019-04-15T08:03:51","guid":{"rendered":"http:\/\/stec.se\/?p=4872"},"modified":"2019-04-16T08:34:55","modified_gmt":"2019-04-16T08:34:55","slug":"premiar-med-mycket-gladje-och-sa-ett-tekniskt-problem","status":"publish","type":"post","link":"https:\/\/stec.se\/en\/premiar-med-mycket-gladje-och-sa-ett-tekniskt-problem\/","title":{"rendered":"Premi\u00e4r med mycket gl\u00e4dje och s\u00e5 ett tekniskt problem."},"content":{"rendered":"<p><img loading=\"lazy\" decoding=\"async\" class=\"alignnone size-medium wp-image-4873\" src=\"http:\/\/media1.stec.se\/2019\/04\/najlepsza-w-okolicy-300x240.jpg\" alt=\"\" width=\"300\" height=\"240\" srcset=\"https:\/\/media1.stec.se\/2019\/04\/najlepsza-w-okolicy-300x240.jpg 300w, https:\/\/media1.stec.se\/2019\/04\/najlepsza-w-okolicy-768x614.jpg 768w, https:\/\/media1.stec.se\/2019\/04\/najlepsza-w-okolicy.jpg 945w\" sizes=\"auto, (max-width: 300px) 100vw, 300px\" \/><\/p>\n<p><strong>Premi\u00e4r i STEC 14 April Mantorp park\u00a0<\/strong><\/p>\n<h6>April v\u00e4dret kan vara nyckfullt och Kvicksilvret l\u00e5g runt 0 n\u00e4r bilarna rullade in f\u00f6r besiktning.\u00a0 Men precis innan warm upp s\u00e5 sprack de spr\u00f6da molnen upp det var n\u00e4stan s\u00e5 man blev religi\u00f6s.\u00a0 V\u00e5rsolen lyste p\u00e5 teamen , funktion\u00e4rerna. Det var som vi s\u00e4ger inom bilsporten\u00a0 &#8221;Ready to Race&#8221;\u00a0 <img loading=\"lazy\" decoding=\"async\" class=\"alignnone size-medium wp-image-4874\" src=\"http:\/\/media1.stec.se\/2019\/04\/f\u00f6rarm\u00f6te-300x225.jpg\" alt=\"\" width=\"300\" height=\"225\" srcset=\"https:\/\/media1.stec.se\/2019\/04\/f\u00f6rarm\u00f6te-300x225.jpg 300w, https:\/\/media1.stec.se\/2019\/04\/f\u00f6rarm\u00f6te-768x576.jpg 768w, https:\/\/media1.stec.se\/2019\/04\/f\u00f6rarm\u00f6te-1024x768.jpg 1024w, https:\/\/media1.stec.se\/2019\/04\/f\u00f6rarm\u00f6te-510x382.jpg 510w, https:\/\/media1.stec.se\/2019\/04\/f\u00f6rarm\u00f6te-1080x810.jpg 1080w, https:\/\/media1.stec.se\/2019\/04\/f\u00f6rarm\u00f6te.jpg 2048w\" sizes=\"auto, (max-width: 300px) 100vw, 300px\" \/><\/h6>\n<h6>Det \u00e4r h\u00e4ftigt att se denna energi som killarna och tjejerna besitter inom dep\u00e5 omr\u00e5det n\u00e4r man g\u00e5r och kikar lyssnar och det \u00e4r med v\u00e4rme emellan de t\u00e4vlande som man blir glad \u00f6ver att vara en del inom.\u00a0 Team KFR och Team Calibra\u00a0 hade oflytet att snabbt f\u00e5 bryta b\u00e5da med motorer som gav upp ledsamt nog alldeles f\u00f6r tidigt.\u00a0 \u00a0Detta \u00e4r en baksida p\u00e5 motorsporten att det \u00e4r tekniska faktorer som ibland inte vill som har t\u00e4nkt sig.<\/h6>\n<h6><img loading=\"lazy\" decoding=\"async\" class=\"alignnone size-medium wp-image-4875\" src=\"http:\/\/media1.stec.se\/2019\/04\/my-laps-300x300.png\" alt=\"\" width=\"300\" height=\"300\" srcset=\"https:\/\/media1.stec.se\/2019\/04\/my-laps-300x300.png 300w, https:\/\/media1.stec.se\/2019\/04\/my-laps-150x150.png 150w, https:\/\/media1.stec.se\/2019\/04\/my-laps.png 326w\" sizes=\"auto, (max-width: 300px) 100vw, 300px\" \/><\/h6>\n<h6>Micke och Daniel jobbade hela dagen med dessa AMB \/ My Laps transpondrar som registrerar varvtider men det var n\u00e5got tekniskt strul som vi kommer beh\u00f6va kolla \u00f6ver inf\u00f6r n\u00e4sta race.\u00a0 Det m\u00e4rkliga \u00e4r att n\u00e5gra team fick varvtider medans andra inte fick det.\u00a0 Vi kommer g\u00f6ra s\u00e5 inf\u00f6r Sviestad att vi k\u00f6r med b\u00e5de AMB och \u00e4ven RFID\u00a0 transpondrar f\u00f6r att ge er t\u00e4vlande dubbel s\u00e4kerhet r\u00f6rande detta.\u00a0 Jag som t\u00e4vlingsledare kan inte g\u00f6ra annat \u00e4n att djupt beklaga det tekniska och kommer f\u00f6lja noga vad det var som var fel och kontakten med Holl\u00e4ndska f\u00f6retaget \u00e4r redan ig\u00e5ng nu M\u00e5ndag Morgon.<\/h6>\n<p><strong>1 Minut 43 sekunder och 12 hundradelar<\/strong> satte f\u00f6retaget nytt Svensk rekord med husbil p\u00e5 Mantorp Park <a href=\"https:\/\/sveahusbilar.se\/\">Svea Husbilar\u00a0<\/a><\/p>\n<p><img loading=\"lazy\" decoding=\"async\" class=\"alignnone size-medium wp-image-4876\" src=\"http:\/\/media1.stec.se\/2019\/04\/husbil-300x168.jpg\" alt=\"\" width=\"300\" height=\"168\" srcset=\"https:\/\/media1.stec.se\/2019\/04\/husbil-300x168.jpg 300w, https:\/\/media1.stec.se\/2019\/04\/husbil-768x430.jpg 768w, https:\/\/media1.stec.se\/2019\/04\/husbil.jpg 960w\" sizes=\"auto, (max-width: 300px) 100vw, 300px\" \/><\/p>\n<blockquote><p>Detta team har hyrt en Audi A3 STEC bil och sprider sk\u00f6n gl\u00e4dje runt dep\u00e5 och t\u00e4vlingsbanan. F\u00f6lj dem g\u00e4rna p\u00e5 <a href=\"https:\/\/www.facebook.com\/sveahusbilar\/\">sociala medier\u00a0<\/a><\/p><\/blockquote>\n<p>Mycket bilder osv kommer fr\u00e5n dem under denna helg. och s\u00e5 rekordet p\u00e5 banan.<\/p>\n<p><strong>Nu v\u00e4ntar p\u00e5sken\u00a0\u00a0<\/strong><\/p>\n<h6>F\u00f6r oss Bilsportv\u00e4nner betyder det J\u00f6nk\u00f6ping Elmia. Vi har valt att st\u00e4lla ut \u00e4ven 2019 med monter osv f\u00f6r just den anledningen att STEC ska synas f\u00f6r att kunna bjuda in nya f\u00f6rare inom Light serien som kommer vara insteget hela tiden f\u00f6r bygga den bas som beh\u00f6vs f\u00f6r att kunna bedriva \u00e4ven STEC Racing.\u00a0 Hj\u00e4lp oss att hj\u00e4lpa dessa f\u00f6rare in f\u00f6r bilsporten \u00e4r en djungel f\u00f6r en ny sugen f\u00f6rare.\u00a0 Vad ska man ha f\u00f6r grejer hj\u00e4lmar bilar burar d\u00e4ck ??? STEC \u00f6nskar nu samarbeten men m\u00e5nga olika akt\u00f6rer och v\u00e5ra relationer med Yokohama . Autoracing , LTK , Ledin Motorsport g\u00f6r att vi nu kan hj\u00e4lpa er med egentligen allt som beh\u00f6vs.\u00a0 XXL overaller \u00e4r nu snabbt best\u00e4llda och vi kommer kunna l\u00f6sa det mesta s\u00e5 h\u00f6r av er <a href=\"mailto:stec@stec.se\">stec@stec.se<\/a> F\u00f6r vi vill hj\u00e4lpa er att trivas b\u00e5de p\u00e5 och utanf\u00f6r banan.<\/h6>\n<p><img loading=\"lazy\" decoding=\"async\" class=\"alignnone size-medium wp-image-4877\" src=\"http:\/\/media1.stec.se\/2019\/04\/Elmia-dreams-300x241.jpg\" alt=\"\" width=\"300\" height=\"241\" srcset=\"https:\/\/media1.stec.se\/2019\/04\/Elmia-dreams-300x241.jpg 300w, https:\/\/media1.stec.se\/2019\/04\/Elmia-dreams.jpg 725w\" sizes=\"auto, (max-width: 300px) 100vw, 300px\" \/><\/p>\n<h5><strong>Funkis of the day\u00a0 och Driver of the day\u00a0<\/strong><\/h5>\n<p><strong>2<\/strong> priser som ska vara tanken att extra lyfta n\u00e5gon som vi tycker gjort en speciell liten extra knorr under dagen av positivitet eller av domartornet bara ren bonus f\u00f6r n\u00e5got kul.\u00a0 \u00a0 Jessica Nystr\u00f6m f\u00e5r \u00e5rets f\u00f6rsta\u00a0 <strong>Funkis of the Day<\/strong>\u00a0 f\u00f6r hennes engagemang \u00e4r h\u00e4rligt att se. Tog med sig en kompis och stod p\u00e5 postering 8 sektor 3 och gjorde detta med bravur snyggt Jessie.<\/p>\n<p><strong>Driver of the Day\u00a0 \u00a0<\/strong>blev team Blekinge Endurance Team\u00a0 vars f\u00f6rare st\u00e4llde upp BMW Combin i ett enormt ja n\u00e4stan driftingliknande\u00a0 st\u00e4ll genom m\u00e5lkurvan och med n\u00e5gra f\u00f6ljande retursladdar s\u00e5 r\u00e4tar du upp bilen snyggt.\u00a0 Jag undrar om det blev byta av kalsonger efter f\u00f6r du kom in med rej\u00e4l ing\u00e5ngsfart men styrde upp det snyggt.<\/p>\n<p>Nu v\u00e4ntar ett jobb som m\u00e5nga ser som bonus och en del fasar f\u00f6r det garagetiden emellan racen.\u00a0 Vill ert team ha hj\u00e4lp d\u00e4ck montering turbobyten coliovers bromsar s\u00e5 skicka oss en spec f\u00f6r vi har samverkan med flera duktiga mekaniker p\u00e5 olika platser som mycket g\u00e4rna skruvar rejsbil.<\/p>\n<p>Anm\u00e4lan \u00e4r \u00f6ppen och f\u00f6r allas skulle l\u00e4gg anm\u00e4lan s\u00e5 fort du vet att ni kommer\u00a0 S\u00e5 kommer vi uppdatera startlistan n\u00e4sta M\u00e5ndags blogg inf\u00f6r Sviestad den 27 April.\u00a0 Samma uppl\u00e4gg med 1,2,4,6 Timmars uppl\u00e4gget som gick riktigt smidigt och eloge till att tiderna h\u00f6lls p\u00e5 minuten.<\/p>\n<p>Vi kommer komma med tidsschema osv p\u00e5 n\u00e4sta blogg och hemsida den 22\/4 f\u00f6r varje M\u00e5ndag kommer nyheterna ut i detta format. Nu v\u00e4ntar ett h\u00e4stjobb f\u00f6r LXP Media som ska klippa filmer av allt detta.\u00a0 Vi vll tacka alla som var med p\u00e5 Mantorp.\u00a0 Detta gav mersmak och vi kommer fixa en resultatlista som kommer vara fast efter samr\u00e5d med f\u00f6rare och My Laps\u00a0 men Team Orange vinner Standard 4 Timmar\u00a0 \u00a0Team Bet vinner klass 1 6 timmars\u00a0 \u00a0R&amp;R Vinner 6 timmars Standard\u00a0 Team Thomas Glaad vinner Ariel Atom klassen\u00a0 Vi tar \u00e4ven bort Legend Trophy fr\u00e5n programmet och ist\u00e4llet kommer vi kunna erbjuda STEC \u00d6PPEN SPRINTKLASS\u00a0 som d\u00e5 f\u00e5r k\u00f6ra under pausen.\u00a0 Nu s\u00e5 st\u00e4nger vi M\u00e5ndagsbloggen och kommer fylla den n\u00e4r fler filmer osv kommer in.\u00a0 Men vi fick denna ganska beskrivande bild fr\u00e5n sagan David och goliat som vi tycker st\u00e4mmer bra in med att SBF har gl\u00f6mt bort vilka som betalar deras l\u00f6ner och arvoden.<\/p>\n<p><img loading=\"lazy\" decoding=\"async\" class=\"alignnone wp-image-4878\" src=\"http:\/\/media1.stec.se\/2019\/04\/xocolat-atelier-300x169.jpg\" alt=\"\" width=\"449\" height=\"253\" srcset=\"https:\/\/media1.stec.se\/2019\/04\/xocolat-atelier-300x169.jpg 300w, https:\/\/media1.stec.se\/2019\/04\/xocolat-atelier-768x432.jpg 768w, https:\/\/media1.stec.se\/2019\/04\/xocolat-atelier-1024x576.jpg 1024w, https:\/\/media1.stec.se\/2019\/04\/xocolat-atelier-1080x608.jpg 1080w, https:\/\/media1.stec.se\/2019\/04\/xocolat-atelier.jpg 1920w\" sizes=\"auto, (max-width: 449px) 100vw, 449px\" \/><\/p>\n<p>Vi vill tacka alla medarbetare p\u00e5 Mantorp Park f\u00f6r bra samverkan och vi ser nu fram emot en riktigt bra sp\u00e4nnande s\u00e4song 2019.\u00a0 \u00a0 \u00a0Tack f\u00f6r du l\u00e4ser och sprider denna blogg.\u00a0 \u00a0Tycker du det saknas inneh\u00e5ll s\u00e5 skicka oss g\u00e4rna bilder reportage eller reklam som exempelvis f\u00f6retaget som \u00e4r b\u00e4st i Sverige p\u00e5 allt som ber\u00f6r TMA och dess kringutrustning <a href=\"https:\/\/vickyteknik.se\/\">https:\/\/vickyteknik.se\/\u00a0<\/a><\/p>\n<p>Snygg gest att dela priser till prisbordet och till Rescuebilen med fler blixtljus allt f\u00f6r att synas p\u00e5 banorna.<\/p>\n<p>XXL overaller och jackor underst\u00e4ll team-Tr\u00f6jor kommer vi ta med till Sviestad till f\u00f6rs\u00e4ljning vi har \u00e4ven handskar balaclava skor osv allt f\u00f6r teamens s\u00e4kerhet\u00a0 \u00a0Prelimin\u00e4r resultatlista finns nu uppe p\u00e5 hemsidan<\/p>\n<p><img loading=\"lazy\" decoding=\"async\" class=\"alignnone size-medium wp-image-4889\" src=\"http:\/\/media1.stec.se\/2019\/04\/53817062_2149946015072633_1365613786957873152_n-300x188.jpg\" alt=\"\" width=\"300\" height=\"188\" srcset=\"https:\/\/media1.stec.se\/2019\/04\/53817062_2149946015072633_1365613786957873152_n-300x188.jpg 300w, https:\/\/media1.stec.se\/2019\/04\/53817062_2149946015072633_1365613786957873152_n-768x480.jpg 768w, https:\/\/media1.stec.se\/2019\/04\/53817062_2149946015072633_1365613786957873152_n-1024x640.jpg 1024w, https:\/\/media1.stec.se\/2019\/04\/53817062_2149946015072633_1365613786957873152_n-400x250.jpg 400w, https:\/\/media1.stec.se\/2019\/04\/53817062_2149946015072633_1365613786957873152_n-1080x675.jpg 1080w, https:\/\/media1.stec.se\/2019\/04\/53817062_2149946015072633_1365613786957873152_n.jpg 1280w\" sizes=\"auto, (max-width: 300px) 100vw, 300px\" \/><\/p>\n<p>&nbsp;<\/p>\n<p>&nbsp;<\/p>\n<p>&nbsp;<\/p>\n<p>&nbsp;<\/p>\n<p>&nbsp;<\/p>\n<p>&nbsp;<\/p>\n<p>&nbsp;<\/p>","protected":false},"excerpt":{"rendered":"<p>Premi\u00e4r i STEC 14 April Mantorp park\u00a0 April v\u00e4dret kan vara nyckfullt och Kvicksilvret l\u00e5g runt 0 n\u00e4r bilarna rullade in f\u00f6r besiktning.\u00a0 Men precis innan warm upp s\u00e5 sprack de spr\u00f6da molnen upp det var n\u00e4stan s\u00e5 man blev religi\u00f6s.\u00a0 V\u00e5rsolen lyste p\u00e5 teamen , funktion\u00e4rerna. Det var som vi s\u00e4ger inom bilsporten\u00a0 &#8221;Ready [&hellip;]<\/p>\n","protected":false},"author":2,"featured_media":4874,"comment_status":"open","ping_status":"open","sticky":false,"template":"","format":"standard","meta":{"_et_pb_use_builder":"","_et_pb_old_content":"","footnotes":""},"categories":[1],"tags":[],"class_list":["post-4872","post","type-post","status-publish","format-standard","has-post-thumbnail","hentry","category-uncategorized"],"aioseo_notices":[],"_links":{"self":[{"href":"https:\/\/stec.se\/en\/wp-json\/wp\/v2\/posts\/4872","targetHints":{"allow":["GET"]}}],"collection":[{"href":"https:\/\/stec.se\/en\/wp-json\/wp\/v2\/posts"}],"about":[{"href":"https:\/\/stec.se\/en\/wp-json\/wp\/v2\/types\/post"}],"author":[{"embeddable":true,"href":"https:\/\/stec.se\/en\/wp-json\/wp\/v2\/users\/2"}],"replies":[{"embeddable":true,"href":"https:\/\/stec.se\/en\/wp-json\/wp\/v2\/comments?post=4872"}],"version-history":[{"count":3,"href":"https:\/\/stec.se\/en\/wp-json\/wp\/v2\/posts\/4872\/revisions"}],"predecessor-version":[{"id":4890,"href":"https:\/\/stec.se\/en\/wp-json\/wp\/v2\/posts\/4872\/revisions\/4890"}],"wp:featuredmedia":[{"embeddable":true,"href":"https:\/\/stec.se\/en\/wp-json\/wp\/v2\/media\/4874"}],"wp:attachment":[{"href":"https:\/\/stec.se\/en\/wp-json\/wp\/v2\/media?parent=4872"}],"wp:term":[{"taxonomy":"category","embeddable":true,"href":"https:\/\/stec.se\/en\/wp-json\/wp\/v2\/categories?post=4872"},{"taxonomy":"post_tag","embeddable":true,"href":"https:\/\/stec.se\/en\/wp-json\/wp\/v2\/tags?post=4872"}],"curies":[{"name":"wp","href":"https:\/\/api.w.org\/{rel}","templated":true}]}}