{"id":4720,"date":"2019-03-08T15:38:09","date_gmt":"2019-03-08T15:38:09","guid":{"rendered":"http:\/\/stec.se\/?p=4720"},"modified":"2019-03-08T15:38:09","modified_gmt":"2019-03-08T15:38:09","slug":"nytt-nummer-och-nu-ar-vi-inne-i-mars-manad","status":"publish","type":"post","link":"https:\/\/stec.se\/en\/nytt-nummer-och-nu-ar-vi-inne-i-mars-manad\/","title":{"rendered":"Nytt nummer och nu \u00e4r vi inne i Mars M\u00e5nad"},"content":{"rendered":"<ul class=\"wp-block-gallery columns-3 is-cropped\" data-carousel-extra=\"{&quot;blog_id&quot;:126279965,&quot;permalink&quot;:&quot;https:\\\/\\\/stec.blog\\\/2019\\\/03\\\/03\\\/nytt-nummer-och-nu-ar-vi-inne-i-mars-manad\\\/&quot;}\">\n<li class=\"blocks-gallery-item\">\n<figure><img loading=\"lazy\" decoding=\"async\" class=\"wp-image-3949 alignleft\" src=\"https:\/\/stecbloggen.files.wordpress.com\/2019\/02\/jacka2.jpg?w=676\" sizes=\"auto, (max-width: 427px) 100vw, 427px\" srcset=\"https:\/\/stecbloggen.files.wordpress.com\/2019\/02\/jacka2.jpg 427w, https:\/\/stecbloggen.files.wordpress.com\/2019\/02\/jacka2.jpg?w=112 112w, https:\/\/stecbloggen.files.wordpress.com\/2019\/02\/jacka2.jpg?w=225 225w\" alt=\"\" width=\"203\" height=\"270\" data-attachment-id=\"3949\" data-permalink=\"https:\/\/stec.blog\/jacka2\/\" data-orig-file=\"https:\/\/stecbloggen.files.wordpress.com\/2019\/02\/jacka2.jpg?w=676\" data-orig-size=\"427,570\" data-comments-opened=\"1\" data-image-meta=\"{&quot;aperture&quot;:&quot;0&quot;,&quot;credit&quot;:&quot;Admin&quot;,&quot;camera&quot;:&quot;&quot;,&quot;caption&quot;:&quot;&quot;,&quot;created_timestamp&quot;:&quot;1551282873&quot;,&quot;copyright&quot;:&quot;&quot;,&quot;focal_length&quot;:&quot;0&quot;,&quot;iso&quot;:&quot;0&quot;,&quot;shutter_speed&quot;:&quot;0&quot;,&quot;title&quot;:&quot;&quot;,&quot;orientation&quot;:&quot;0&quot;}\" data-image-title=\"jacka2\" data-image-description=\"\" data-medium-file=\"https:\/\/stecbloggen.files.wordpress.com\/2019\/02\/jacka2.jpg?w=676?w=225\" data-large-file=\"https:\/\/stecbloggen.files.wordpress.com\/2019\/02\/jacka2.jpg?w=676?w=427\" data-id=\"3949\" data-link=\"https:\/\/stec.blog\/jacka2\/\" \/><\/figure>\n<\/li>\n<li class=\"blocks-gallery-item\">\n<figure><img loading=\"lazy\" decoding=\"async\" class=\"wp-image-3950 alignleft\" src=\"https:\/\/stecbloggen.files.wordpress.com\/2019\/02\/jacka1.jpg?w=676\" sizes=\"auto, (max-width: 505px) 100vw, 505px\" srcset=\"https:\/\/stecbloggen.files.wordpress.com\/2019\/02\/jacka1.jpg 505w, https:\/\/stecbloggen.files.wordpress.com\/2019\/02\/jacka1.jpg?w=134 134w, https:\/\/stecbloggen.files.wordpress.com\/2019\/02\/jacka1.jpg?w=268 268w\" alt=\"\" width=\"258\" height=\"289\" data-attachment-id=\"3950\" data-permalink=\"https:\/\/stec.blog\/jacka1\/\" data-orig-file=\"https:\/\/stecbloggen.files.wordpress.com\/2019\/02\/jacka1.jpg?w=676\" data-orig-size=\"505,566\" data-comments-opened=\"1\" data-image-meta=\"{&quot;aperture&quot;:&quot;0&quot;,&quot;credit&quot;:&quot;Admin&quot;,&quot;camera&quot;:&quot;&quot;,&quot;caption&quot;:&quot;&quot;,&quot;created_timestamp&quot;:&quot;1551282846&quot;,&quot;copyright&quot;:&quot;&quot;,&quot;focal_length&quot;:&quot;0&quot;,&quot;iso&quot;:&quot;0&quot;,&quot;shutter_speed&quot;:&quot;0&quot;,&quot;title&quot;:&quot;&quot;,&quot;orientation&quot;:&quot;0&quot;}\" data-image-title=\"jacka1\" data-image-description=\"\" data-medium-file=\"https:\/\/stecbloggen.files.wordpress.com\/2019\/02\/jacka1.jpg?w=676?w=268\" data-large-file=\"https:\/\/stecbloggen.files.wordpress.com\/2019\/02\/jacka1.jpg?w=676?w=505\" data-id=\"3950\" data-link=\"https:\/\/stec.blog\/jacka1\/\" \/><\/figure>\n<\/li>\n<li class=\"blocks-gallery-item\">\n<figure><img loading=\"lazy\" decoding=\"async\" class=\"wp-image-3951 alignnone\" src=\"https:\/\/stecbloggen.files.wordpress.com\/2019\/02\/jacka-1.jpg?w=676\" sizes=\"auto, (max-width: 676px) 100vw, 676px\" srcset=\"https:\/\/stecbloggen.files.wordpress.com\/2019\/02\/jacka-1.jpg?w=676 676w, https:\/\/stecbloggen.files.wordpress.com\/2019\/02\/jacka-1.jpg?w=1352 1352w, https:\/\/stecbloggen.files.wordpress.com\/2019\/02\/jacka-1.jpg?w=150 150w, https:\/\/stecbloggen.files.wordpress.com\/2019\/02\/jacka-1.jpg?w=300 300w, https:\/\/stecbloggen.files.wordpress.com\/2019\/02\/jacka-1.jpg?w=768 768w, https:\/\/stecbloggen.files.wordpress.com\/2019\/02\/jacka-1.jpg?w=1024 1024w\" alt=\"\" width=\"285\" height=\"285\" data-attachment-id=\"3951\" data-permalink=\"https:\/\/stec.blog\/jacka-1\/\" data-orig-file=\"https:\/\/stecbloggen.files.wordpress.com\/2019\/02\/jacka-1.jpg?w=676\" data-orig-size=\"1800,1800\" data-comments-opened=\"1\" data-image-meta=\"{&quot;aperture&quot;:&quot;0&quot;,&quot;credit&quot;:&quot;&quot;,&quot;camera&quot;:&quot;&quot;,&quot;caption&quot;:&quot;&quot;,&quot;created_timestamp&quot;:&quot;0&quot;,&quot;copyright&quot;:&quot;&quot;,&quot;focal_length&quot;:&quot;0&quot;,&quot;iso&quot;:&quot;0&quot;,&quot;shutter_speed&quot;:&quot;0&quot;,&quot;title&quot;:&quot;&quot;,&quot;orientation&quot;:&quot;0&quot;}\" data-image-title=\"jacka-1\" data-image-description=\"\" data-medium-file=\"https:\/\/stecbloggen.files.wordpress.com\/2019\/02\/jacka-1.jpg?w=676?w=300\" data-large-file=\"https:\/\/stecbloggen.files.wordpress.com\/2019\/02\/jacka-1.jpg?w=676?w=676\" data-id=\"3951\" data-link=\"https:\/\/stec.blog\/jacka-1\/\" \/><\/figure>\n<\/li>\n<\/ul>\n<p>2019 \u00e5rs STEC jackor \u00e4r under produktion och Petronas ihop med Lewis Hamilton vann Formel 1 s\u00e5 vi tar rygg p\u00e5 dem och t\u00e4nker l\u00e5ta trycka upp jackor till er f\u00f6rare , team , supporterar , samarbetspartner. Vi kommer g\u00f6ra dem i Softshell som har en bra kvalitet och de kommer bli bl\u00e5 med gul text och loggor i brodyr. Jackorna kommer finnas till salu f\u00f6r 299-599 beroende p\u00e5 hur vi lyckas f\u00e5 med partners som vill synas p\u00e5 jackorna s\u00e5 de f\u00e5r det r\u00e4tta Racing utseendet men ocks\u00e5 ett s\u00e4tt att f\u00e5 ned kostnaden. S\u00e5 nu g\u00e5r fr\u00e5gan ut f\u00f6rst till ordinarie v\u00e4nner men \u00e4ven till er som l\u00e4ser denna blogg och vill profiler er p\u00e5 ett trevligt s\u00e4tt f\u00f6r blygsam avgift. Priset \u00e4r 3000 p\u00e5 arm och 5000 p\u00e5 br\u00f6st p\u00e5 faktura. Och vi har nu 4 klara f\u00f6retag. Detta erbjudandet kommer finnas till den 8 Mars sen tar vi beslut s\u00e5 de hinner sys upp inf\u00f6r Premi\u00e4rerna p\u00e5 Malmby och Mantorp. Kontakt f\u00f6r att vara med p\u00e5 jackorna 2019 \u00e4r ett samtal 070-798 23 78 eller\u00a0<a href=\"https:\/\/stec.blog\/stec@stec.se\">stec@stec.se<\/a><\/p>\n<figure class=\"wp-block-embed-youtube wp-block-embed is-type-video is-provider-youtube wp-embed-aspect-16-9 wp-has-aspect-ratio\">\n<div class=\"wp-block-embed__wrapper\" data-carousel-extra=\"{&quot;blog_id&quot;:126279965,&quot;permalink&quot;:&quot;https:\\\/\\\/stec.blog\\\/2019\\\/03\\\/03\\\/nytt-nummer-och-nu-ar-vi-inne-i-mars-manad\\\/&quot;}\">\n<div class=\"jetpack-video-wrapper\"><span class=\"embed-youtube\"><iframe class=\"youtube-player\" src=\"https:\/\/www.youtube.com\/embed\/tcRDvOKSfTU?version=3&amp;rel=1&amp;fs=1&amp;autohide=2&amp;showsearch=0&amp;showinfo=1&amp;iv_load_policy=1&amp;wmode=transparent\" allowfullscreen=\"allowfullscreen\" data-ratio=\"0.5636094674556213\" data-width=\"676\" data-height=\"381\" data-mce-fragment=\"1\"><\/iframe><\/span><\/div>\n<\/div><figcaption>Team inom Racing beh\u00f6ver husbilar vagnar osv och STEC kan med gl\u00e4dje presenter Svea husbilar som kommer kunna hj\u00e4lpa t\u00e4vlande och STEC med l\u00f6sningar. g\u00e5 in p\u00e5 hemsidan och l\u00e4s mer och Svea Husbilar\u00a0<a href=\"https:\/\/sveahusbilar.se\/\">https:\/\/sveahusbilar.se\/<\/a><\/figcaption><\/figure>\n<figure class=\"wp-block-image\"><img decoding=\"async\" class=\"wp-image-3955\" src=\"https:\/\/stecbloggen.files.wordpress.com\/2019\/02\/autoracing.jpg?w=676\" sizes=\"(max-width: 676px) 100vw, 676px\" srcset=\"https:\/\/stecbloggen.files.wordpress.com\/2019\/02\/autoracing.jpg?w=676 676w, https:\/\/stecbloggen.files.wordpress.com\/2019\/02\/autoracing.jpg?w=1352 1352w, https:\/\/stecbloggen.files.wordpress.com\/2019\/02\/autoracing.jpg?w=150 150w, https:\/\/stecbloggen.files.wordpress.com\/2019\/02\/autoracing.jpg?w=300 300w, https:\/\/stecbloggen.files.wordpress.com\/2019\/02\/autoracing.jpg?w=768 768w, https:\/\/stecbloggen.files.wordpress.com\/2019\/02\/autoracing.jpg?w=1024 1024w\" alt=\"\" data-attachment-id=\"3955\" data-permalink=\"https:\/\/stec.blog\/autoracing\/\" data-orig-file=\"https:\/\/stecbloggen.files.wordpress.com\/2019\/02\/autoracing.jpg?w=676\" data-orig-size=\"3240,1294\" data-comments-opened=\"1\" data-image-meta=\"{&quot;aperture&quot;:&quot;0&quot;,&quot;credit&quot;:&quot;&quot;,&quot;camera&quot;:&quot;&quot;,&quot;caption&quot;:&quot;&quot;,&quot;created_timestamp&quot;:&quot;0&quot;,&quot;copyright&quot;:&quot;&quot;,&quot;focal_length&quot;:&quot;0&quot;,&quot;iso&quot;:&quot;0&quot;,&quot;shutter_speed&quot;:&quot;0&quot;,&quot;title&quot;:&quot;&quot;,&quot;orientation&quot;:&quot;0&quot;}\" data-image-title=\"autoracing\" data-image-description=\"\" data-medium-file=\"https:\/\/stecbloggen.files.wordpress.com\/2019\/02\/autoracing.jpg?w=676?w=300\" data-large-file=\"https:\/\/stecbloggen.files.wordpress.com\/2019\/02\/autoracing.jpg?w=676?w=676\" \/><figcaption>Det beh\u00f6vs grejer till s\u00e4songen och Autoracing har ett enormt lager med bra saker. STEC teamen har 10% rabatt p\u00e5 hela lagret p\u00e5 vad ni beh\u00f6ver. Skicka oss en ink\u00f6pslista s\u00e5 l\u00f6ser vi allt med frakt och rabatter.\u00a0<a href=\"https:\/\/www.hansenkatalogen.se\/sv-SE\/autoracing\/Startsida.aspx\">hemsida<\/a><\/figcaption><\/figure>\n<p>30 Mars kommer p\u00e5 Sviestad kommer vi utf\u00f6ra vagnsb\u00f6cker , dela ut dekaler , startnummer , Licenser och ha informations m\u00f6te f\u00f6r er t\u00e4vlande , funktion\u00e4rer och vi ber er dela inbjudan som finns p\u00e5 sociala medier. L\u00e4nk till\u00a0<a href=\"https:\/\/www.facebook.com\/events\/405114543557327\/\">facebook \u00a0\u00a0<\/a><\/p>\n<div class=\"wp-block-media-text alignwide\" data-carousel-extra=\"{&quot;blog_id&quot;:126279965,&quot;permalink&quot;:&quot;https:\\\/\\\/stec.blog\\\/2019\\\/03\\\/03\\\/nytt-nummer-och-nu-ar-vi-inne-i-mars-manad\\\/&quot;}\">\n<figure class=\"wp-block-media-text__media\"><img decoding=\"async\" class=\"wp-image-3956\" src=\"https:\/\/stecbloggen.files.wordpress.com\/2019\/02\/elmia-dreams-1.jpg?w=676\" sizes=\"(max-width: 676px) 100vw, 676px\" srcset=\"https:\/\/stecbloggen.files.wordpress.com\/2019\/02\/elmia-dreams-1.jpg?w=676 676w, https:\/\/stecbloggen.files.wordpress.com\/2019\/02\/elmia-dreams-1.jpg?w=150 150w, https:\/\/stecbloggen.files.wordpress.com\/2019\/02\/elmia-dreams-1.jpg?w=300 300w, https:\/\/stecbloggen.files.wordpress.com\/2019\/02\/elmia-dreams-1.jpg 725w\" alt=\"\" data-attachment-id=\"3956\" data-permalink=\"https:\/\/stec.blog\/elmia-dreams-1\/\" data-orig-file=\"https:\/\/stecbloggen.files.wordpress.com\/2019\/02\/elmia-dreams-1.jpg?w=676\" data-orig-size=\"725,582\" data-comments-opened=\"1\" data-image-meta=\"{&quot;aperture&quot;:&quot;0&quot;,&quot;credit&quot;:&quot;Admin&quot;,&quot;camera&quot;:&quot;&quot;,&quot;caption&quot;:&quot;&quot;,&quot;created_timestamp&quot;:&quot;1550589711&quot;,&quot;copyright&quot;:&quot;&quot;,&quot;focal_length&quot;:&quot;0&quot;,&quot;iso&quot;:&quot;0&quot;,&quot;shutter_speed&quot;:&quot;0&quot;,&quot;title&quot;:&quot;&quot;,&quot;orientation&quot;:&quot;0&quot;}\" data-image-title=\"elmia-dreams-1\" data-image-description=\"\" data-medium-file=\"https:\/\/stecbloggen.files.wordpress.com\/2019\/02\/elmia-dreams-1.jpg?w=676?w=300\" data-large-file=\"https:\/\/stecbloggen.files.wordpress.com\/2019\/02\/elmia-dreams-1.jpg?w=676?w=676\" \/><\/figure>\n<div class=\"wp-block-media-text__content\" data-carousel-extra=\"{&quot;blog_id&quot;:126279965,&quot;permalink&quot;:&quot;https:\\\/\\\/stec.blog\\\/2019\\\/03\\\/03\\\/nytt-nummer-och-nu-ar-vi-inne-i-mars-manad\\\/&quot;}\">\n<p class=\"has-large-font-size\">T\u00e4vling med Elmia biljetter.<\/p>\n<p>Vi kommer dela ut 2 biljetter p\u00e5 b\u00e5da premi\u00e4rerna i April.<\/p>\n<p>6 April Malmby 14 April Mantorp. T\u00e4vlingen g\u00e5r ut p\u00e5 att visa STEC p\u00e5 ett kul eller innovativt s\u00e4tt. P\u00e5 din Facebook och dela den till STEC s\u00e5 v\u00e4ljer vi ut 2 biljetter a 300 kr styck till 2 glada bes\u00f6kare.<\/p>\n<\/div>\n<\/div>\n<p>Flera team som anm\u00e4ler sig och denna vecka s\u00e5 bokade och betalade in<\/p>\n<p>Team Snail Racing , Team Roslags Racing , Team Nord , Team Pettersson , Team Driving Event Sweden team Str\u00e4ngn\u00e4s Team V\u00e4rmland ,<br \/>\nG-energy racing har anm\u00e4lt sig under denna vecka. Fr\u00e5gan \u00e4r om Startnumren kommer r\u00e4cka 99 stycken team under 2019 \u00e4r m\u00e5ls\u00e4ttningen totalt. Delas ut 30\/3 P\u00e5 Sviestad.<\/p>\n<ul class=\"wp-block-gallery columns-1 is-cropped\" data-carousel-extra=\"{&quot;blog_id&quot;:126279965,&quot;permalink&quot;:&quot;https:\\\/\\\/stec.blog\\\/2019\\\/03\\\/03\\\/nytt-nummer-och-nu-ar-vi-inne-i-mars-manad\\\/&quot;}\">\n<li class=\"blocks-gallery-item\">\n<figure><img decoding=\"async\" class=\"wp-image-3959\" src=\"https:\/\/stecbloggen.files.wordpress.com\/2019\/03\/seat.jpg?w=676\" sizes=\"(max-width: 676px) 100vw, 676px\" srcset=\"https:\/\/stecbloggen.files.wordpress.com\/2019\/03\/seat.jpg?w=676 676w, https:\/\/stecbloggen.files.wordpress.com\/2019\/03\/seat.jpg?w=150 150w, https:\/\/stecbloggen.files.wordpress.com\/2019\/03\/seat.jpg?w=300 300w, https:\/\/stecbloggen.files.wordpress.com\/2019\/03\/seat.jpg?w=768 768w, https:\/\/stecbloggen.files.wordpress.com\/2019\/03\/seat.jpg 1024w\" alt=\"\" data-attachment-id=\"3959\" data-permalink=\"https:\/\/stec.blog\/seat-2\/\" data-orig-file=\"https:\/\/stecbloggen.files.wordpress.com\/2019\/03\/seat.jpg?w=676\" data-orig-size=\"1024,1024\" data-comments-opened=\"1\" data-image-meta=\"{&quot;aperture&quot;:&quot;0&quot;,&quot;credit&quot;:&quot;&quot;,&quot;camera&quot;:&quot;&quot;,&quot;caption&quot;:&quot;&quot;,&quot;created_timestamp&quot;:&quot;0&quot;,&quot;copyright&quot;:&quot;&quot;,&quot;focal_length&quot;:&quot;0&quot;,&quot;iso&quot;:&quot;0&quot;,&quot;shutter_speed&quot;:&quot;0&quot;,&quot;title&quot;:&quot;&quot;,&quot;orientation&quot;:&quot;0&quot;}\" data-image-title=\"seat\" data-image-description=\"\" data-medium-file=\"https:\/\/stecbloggen.files.wordpress.com\/2019\/03\/seat.jpg?w=676?w=300\" data-large-file=\"https:\/\/stecbloggen.files.wordpress.com\/2019\/03\/seat.jpg?w=676?w=676\" data-id=\"3959\" data-link=\"https:\/\/stec.blog\/seat-2\/\" \/><\/figure>\n<\/li>\n<\/ul>\n<p>. Nu \u00e4r det dags att s\u00e4lja min otroligt v\u00e4lballanserade JTCC Seat 2010 d\u00e5 jag har k\u00f6pt hus och har en liten som tar upp min tid.<\/p>\n<p>\u00c4r standard motor 1.6 90hk nu ca 115hk.<br \/>\nMed en lika standard v\u00e4xel\u00e5da<\/p>\n<p>Chassi: Alla gummibussningar utbytta till ledlager med \u00d6hlins d\u00e4mpare och fj\u00e4drar runt om. Bromsv\u00e5g med stoptech bel\u00e4gg.<br \/>\n6 kilos ROTA f\u00e4lgar 16\u2033-7 9 f\u00e4lgar och lite d\u00e4ck.<br \/>\nKBT Safety Crome Molly Cert. Bur (Vilket ger en grymt vridstyv kaross)\u00a0 Denna bil s\u00e4ljes som all inclusive = Alla t\u00e4vlingar ing\u00e5r i STEC klaendern i Klass Standard f\u00f6r blygsamma 75,000. Att bygga denna bil kostar minst det dubbla. S\u00e5 vill ditt team k\u00f6pa ett f\u00e4rdigt paket med extra f\u00e4lgar. S\u00e5 f\u00f6rmedlar vi denna aff\u00e4r och g\u00f6r ett nytt lyckligt team. snabb smidig aff\u00e4r stec@stec.se bara tanka under hela s\u00e4songen.<\/p>\n<p>V\u00e4ldigt kul att presentera\u00a0<a href=\"https:\/\/www.jnytt.se\/article\/ella-siktar-mot-toppen\/\">Ella Benje<\/a><\/p>\n<p>Ella kommer vara med i STEC organisationen som f\u00f6rarutvecklare och ta chansen att prata med henne om din k\u00f6rning. Ella kommer ocks\u00e5 vara instrukt\u00f6r p\u00e5 v\u00e5ra f\u00f6rarutbildningar V\u00e4lkommen Ella till STEC.<\/p>\n<figure class=\"wp-block-image\"><img decoding=\"async\" class=\"wp-image-3961\" src=\"https:\/\/stecbloggen.files.wordpress.com\/2019\/03\/53145625_638368176593209_7582755187605897216_n-1.jpg?w=676\" sizes=\"(max-width: 676px) 100vw, 676px\" srcset=\"https:\/\/stecbloggen.files.wordpress.com\/2019\/03\/53145625_638368176593209_7582755187605897216_n-1.jpg?w=676 676w, https:\/\/stecbloggen.files.wordpress.com\/2019\/03\/53145625_638368176593209_7582755187605897216_n-1.jpg?w=1352 1352w, https:\/\/stecbloggen.files.wordpress.com\/2019\/03\/53145625_638368176593209_7582755187605897216_n-1.jpg?w=113 113w, https:\/\/stecbloggen.files.wordpress.com\/2019\/03\/53145625_638368176593209_7582755187605897216_n-1.jpg?w=225 225w, https:\/\/stecbloggen.files.wordpress.com\/2019\/03\/53145625_638368176593209_7582755187605897216_n-1.jpg?w=768 768w\" alt=\"\" data-attachment-id=\"3961\" data-permalink=\"https:\/\/stec.blog\/53145625_638368176593209_7582755187605897216_n-1\/\" data-orig-file=\"https:\/\/stecbloggen.files.wordpress.com\/2019\/03\/53145625_638368176593209_7582755187605897216_n-1.jpg?w=676\" data-orig-size=\"1488,1984\" data-comments-opened=\"1\" data-image-meta=\"{&quot;aperture&quot;:&quot;0&quot;,&quot;credit&quot;:&quot;&quot;,&quot;camera&quot;:&quot;&quot;,&quot;caption&quot;:&quot;&quot;,&quot;created_timestamp&quot;:&quot;0&quot;,&quot;copyright&quot;:&quot;&quot;,&quot;focal_length&quot;:&quot;0&quot;,&quot;iso&quot;:&quot;0&quot;,&quot;shutter_speed&quot;:&quot;0&quot;,&quot;title&quot;:&quot;&quot;,&quot;orientation&quot;:&quot;0&quot;}\" data-image-title=\"53145625_638368176593209_7582755187605897216_n-1\" data-image-description=\"\" data-medium-file=\"https:\/\/stecbloggen.files.wordpress.com\/2019\/03\/53145625_638368176593209_7582755187605897216_n-1.jpg?w=676?w=225\" data-large-file=\"https:\/\/stecbloggen.files.wordpress.com\/2019\/03\/53145625_638368176593209_7582755187605897216_n-1.jpg?w=676?w=676\" \/><figcaption>Tidningen Rally &amp; Racing g\u00f6r reportage med Enkel Bilsport. Detta kallar vi i STEC f\u00f6r Light klassen och den kommer starta den 6 April p\u00e5 Malmby och vara oerh\u00f6rt viktig f\u00f6r framtidens STEC genom att nya f\u00f6rare finner bredden i bilsport och sen ta trappan upp\u00e5t emot STEC.<\/figcaption><\/figure>\n<figure class=\"wp-block-image\"><img decoding=\"async\" class=\"wp-image-3962\" src=\"https:\/\/stecbloggen.files.wordpress.com\/2019\/03\/bli-fler.png?w=676\" sizes=\"(max-width: 600px) 100vw, 600px\" srcset=\"https:\/\/stecbloggen.files.wordpress.com\/2019\/03\/bli-fler.png 600w, https:\/\/stecbloggen.files.wordpress.com\/2019\/03\/bli-fler.png?w=150 150w, https:\/\/stecbloggen.files.wordpress.com\/2019\/03\/bli-fler.png?w=300 300w\" alt=\"\" data-attachment-id=\"3962\" data-permalink=\"https:\/\/stec.blog\/bli-fler\/\" data-orig-file=\"https:\/\/stecbloggen.files.wordpress.com\/2019\/03\/bli-fler.png?w=676\" data-orig-size=\"600,384\" data-comments-opened=\"1\" data-image-meta=\"{&quot;aperture&quot;:&quot;0&quot;,&quot;credit&quot;:&quot;&quot;,&quot;camera&quot;:&quot;&quot;,&quot;caption&quot;:&quot;&quot;,&quot;created_timestamp&quot;:&quot;0&quot;,&quot;copyright&quot;:&quot;&quot;,&quot;focal_length&quot;:&quot;0&quot;,&quot;iso&quot;:&quot;0&quot;,&quot;shutter_speed&quot;:&quot;0&quot;,&quot;title&quot;:&quot;&quot;,&quot;orientation&quot;:&quot;0&quot;}\" data-image-title=\"bli-fler\" data-image-description=\"\" data-medium-file=\"https:\/\/stecbloggen.files.wordpress.com\/2019\/03\/bli-fler.png?w=676?w=300\" data-large-file=\"https:\/\/stecbloggen.files.wordpress.com\/2019\/03\/bli-fler.png?w=676?w=600\" \/><figcaption>Nu har \u00e4ven funktion\u00e4rsgruppen b\u00f6rjat komma ig\u00e5ng och vi vill alltid bli fler \u00e4ven d\u00e4r s\u00e5 \u00e4r du bilsportintresserad s\u00e5 v\u00e4lkommen det finns plats f\u00f6r alla kunskaper inom\u00a0<a href=\"https:\/\/stec.blog\/stec@stec.se\">STEC<\/a><\/figcaption><\/figure>\n<p>\u00d6vrig Bilsport och nyheter \u00e4r att Ferrari var snabbast p\u00e5 f\u00f6rsta tr\u00e4ningarna i Formel bilarna med 0,003 m\u00e5ste nog tyda p\u00e5 en j\u00e4mn match mellan Vettel och Hamilton.<br \/>\nKimi R\u00e4ikk\u00f6nen var l\u00e5ngt bakom p\u00e5 \u201dMarcus\u201d plats och det ska bli h\u00e4rligt att f\u00f6lja Felix och Marcus 2019 i Indy serien.<\/p>\n<figure class=\"wp-block-embed-youtube wp-block-embed is-type-video is-provider-youtube wp-embed-aspect-16-9 wp-has-aspect-ratio\">\n<div class=\"wp-block-embed__wrapper\" data-carousel-extra=\"{&quot;blog_id&quot;:126279965,&quot;permalink&quot;:&quot;https:\\\/\\\/stec.blog\\\/2019\\\/03\\\/03\\\/nytt-nummer-och-nu-ar-vi-inne-i-mars-manad\\\/&quot;}\">\n<div class=\"jetpack-video-wrapper\"><span class=\"embed-youtube\"><iframe class=\"youtube-player\" src=\"https:\/\/www.youtube.com\/embed\/dVCquV3FriA?version=3&amp;rel=1&amp;fs=1&amp;autohide=2&amp;showsearch=0&amp;showinfo=1&amp;iv_load_policy=1&amp;wmode=transparent\" allowfullscreen=\"allowfullscreen\" data-ratio=\"0.5636094674556213\" data-width=\"676\" data-height=\"381\" data-mce-fragment=\"1\"><\/iframe><\/span><\/div>\n<\/div><figcaption>M\u00e5nga team trimmar nu bilarna men hur m\u00e5nga av er tr\u00e4nar f\u00f6rarna? Det st\u00e5r inte n\u00e5got i regelb\u00f6ckerna om detta utan ligger p\u00e5 alla team egna ansvar hur fysiskt tr\u00e4nade vi \u00e4r. Se filmen som inspiration och vi har pratat tidigare om l\u00f6ptest p\u00e5 Sviestad och nu \u00e4r det 1 m\u00e5nad kvar s\u00e5 varf\u00f6r inte b\u00f6rja k\u00f6ra just lite kondition ?<\/figcaption><\/figure>\n<figure class=\"wp-block-embed-youtube wp-block-embed is-type-video is-provider-youtube wp-embed-aspect-16-9 wp-has-aspect-ratio\">\n<div class=\"wp-block-embed__wrapper\" data-carousel-extra=\"{&quot;blog_id&quot;:126279965,&quot;permalink&quot;:&quot;https:\\\/\\\/stec.blog\\\/2019\\\/03\\\/03\\\/nytt-nummer-och-nu-ar-vi-inne-i-mars-manad\\\/&quot;}\">\n<div class=\"jetpack-video-wrapper\"><span class=\"embed-youtube\"><iframe class=\"youtube-player\" src=\"https:\/\/www.youtube.com\/embed\/2WLYdNQGz-4?version=3&amp;rel=1&amp;fs=1&amp;autohide=2&amp;showsearch=0&amp;showinfo=1&amp;iv_load_policy=1&amp;start=333&amp;wmode=transparent\" allowfullscreen=\"allowfullscreen\" data-ratio=\"0.5636094674556213\" data-width=\"676\" data-height=\"381\" data-mce-fragment=\"1\"><\/iframe><\/span><\/div>\n<\/div><figcaption>STEC Light har nu en egen Facebook tr\u00e5d under s\u00e4songen 2019<br \/>\nklicka h\u00e4r f\u00f6r att vara med i<a href=\"https:\/\/www.facebook.com\/events\/257250721627093\/\">\u00a0Light serien 2019<\/a><\/figcaption><\/figure>\n<figure class=\"wp-block-image\"><img decoding=\"async\" class=\"wp-image-3963\" src=\"https:\/\/stecbloggen.files.wordpress.com\/2019\/03\/fc3b6retagsbil-2019-stec-1024x286.jpg?w=676\" sizes=\"(max-width: 676px) 100vw, 676px\" srcset=\"https:\/\/stecbloggen.files.wordpress.com\/2019\/03\/fc3b6retagsbil-2019-stec-1024x286.jpg?w=676 676w, https:\/\/stecbloggen.files.wordpress.com\/2019\/03\/fc3b6retagsbil-2019-stec-1024x286.jpg?w=150 150w, https:\/\/stecbloggen.files.wordpress.com\/2019\/03\/fc3b6retagsbil-2019-stec-1024x286.jpg?w=300 300w, https:\/\/stecbloggen.files.wordpress.com\/2019\/03\/fc3b6retagsbil-2019-stec-1024x286.jpg?w=768 768w, https:\/\/stecbloggen.files.wordpress.com\/2019\/03\/fc3b6retagsbil-2019-stec-1024x286.jpg 1024w\" alt=\"\" data-attachment-id=\"3963\" data-permalink=\"https:\/\/stec.blog\/fc3b6retagsbil-2019-stec-1024x286\/\" data-orig-file=\"https:\/\/stecbloggen.files.wordpress.com\/2019\/03\/fc3b6retagsbil-2019-stec-1024x286.jpg?w=676\" data-orig-size=\"1024,286\" data-comments-opened=\"1\" data-image-meta=\"{&quot;aperture&quot;:&quot;0&quot;,&quot;credit&quot;:&quot;&quot;,&quot;camera&quot;:&quot;&quot;,&quot;caption&quot;:&quot;&quot;,&quot;created_timestamp&quot;:&quot;0&quot;,&quot;copyright&quot;:&quot;&quot;,&quot;focal_length&quot;:&quot;0&quot;,&quot;iso&quot;:&quot;0&quot;,&quot;shutter_speed&quot;:&quot;0&quot;,&quot;title&quot;:&quot;&quot;,&quot;orientation&quot;:&quot;0&quot;}\" data-image-title=\"fc3b6retagsbil-2019-stec-1024\u00d7286\" data-image-description=\"\" data-medium-file=\"https:\/\/stecbloggen.files.wordpress.com\/2019\/03\/fc3b6retagsbil-2019-stec-1024x286.jpg?w=676?w=300\" data-large-file=\"https:\/\/stecbloggen.files.wordpress.com\/2019\/03\/fc3b6retagsbil-2019-stec-1024x286.jpg?w=676?w=676\" \/><figcaption>Nu har vi \u00e4ven klart med f\u00f6retagsevent p\u00e5 Str\u00e4ngn\u00e4s Tierp Arena och vill du g\u00f6ra n\u00e5got kul med kollegor eller kunder kolla v\u00e5ra l\u00f6sningar b\u00e5de f\u00f6r gasglada men \u00e4ven f\u00f6r de som vill ta det lite lugnare. stec@stec.se<\/p>\n<\/figcaption><\/figure>\n<ul class=\"wp-block-gallery columns-1 is-cropped\" data-carousel-extra=\"{&quot;blog_id&quot;:126279965,&quot;permalink&quot;:&quot;https:\\\/\\\/stec.blog\\\/2019\\\/03\\\/03\\\/nytt-nummer-och-nu-ar-vi-inne-i-mars-manad\\\/&quot;}\">\n<li class=\"blocks-gallery-item\">\n<figure><img decoding=\"async\" class=\"wp-image-3964\" src=\"https:\/\/stecbloggen.files.wordpress.com\/2019\/03\/fridh.jpg?w=676\" sizes=\"(max-width: 676px) 100vw, 676px\" srcset=\"https:\/\/stecbloggen.files.wordpress.com\/2019\/03\/fridh.jpg?w=676 676w, https:\/\/stecbloggen.files.wordpress.com\/2019\/03\/fridh.jpg?w=150 150w, https:\/\/stecbloggen.files.wordpress.com\/2019\/03\/fridh.jpg?w=300 300w, https:\/\/stecbloggen.files.wordpress.com\/2019\/03\/fridh.jpg?w=768 768w, https:\/\/stecbloggen.files.wordpress.com\/2019\/03\/fridh.jpg 960w\" alt=\"\" data-attachment-id=\"3964\" data-permalink=\"https:\/\/stec.blog\/fridh\/\" data-orig-file=\"https:\/\/stecbloggen.files.wordpress.com\/2019\/03\/fridh.jpg?w=676\" data-orig-size=\"960,640\" data-comments-opened=\"1\" data-image-meta=\"{&quot;aperture&quot;:&quot;0&quot;,&quot;credit&quot;:&quot;&quot;,&quot;camera&quot;:&quot;&quot;,&quot;caption&quot;:&quot;&quot;,&quot;created_timestamp&quot;:&quot;0&quot;,&quot;copyright&quot;:&quot;&quot;,&quot;focal_length&quot;:&quot;0&quot;,&quot;iso&quot;:&quot;0&quot;,&quot;shutter_speed&quot;:&quot;0&quot;,&quot;title&quot;:&quot;&quot;,&quot;orientation&quot;:&quot;0&quot;}\" data-image-title=\"fridh\" data-image-description=\"\" data-medium-file=\"https:\/\/stecbloggen.files.wordpress.com\/2019\/03\/fridh.jpg?w=676?w=300\" data-large-file=\"https:\/\/stecbloggen.files.wordpress.com\/2019\/03\/fridh.jpg?w=676?w=676\" data-id=\"3964\" data-link=\"https:\/\/stec.blog\/fridh\/\" \/><\/figure>\n<\/li>\n<\/ul>\n<p>En av Svensk Endurance fr\u00e4msta fyller idag 59 \u00e5r. Stort grattis den alltid unga jan anders fridh fr\u00e5n Enk\u00f6ping Vi tar av oss hj\u00e4lmarna och gratulerar<\/p>\n<figure class=\"wp-block-image\"><img decoding=\"async\" class=\"wp-image-3965\" src=\"https:\/\/stecbloggen.files.wordpress.com\/2019\/03\/martin.jpg?w=676\" sizes=\"(max-width: 676px) 100vw, 676px\" srcset=\"https:\/\/stecbloggen.files.wordpress.com\/2019\/03\/martin.jpg?w=676 676w, https:\/\/stecbloggen.files.wordpress.com\/2019\/03\/martin.jpg?w=150 150w, https:\/\/stecbloggen.files.wordpress.com\/2019\/03\/martin.jpg?w=300 300w, https:\/\/stecbloggen.files.wordpress.com\/2019\/03\/martin.jpg?w=768 768w, https:\/\/stecbloggen.files.wordpress.com\/2019\/03\/martin.jpg 1024w\" alt=\"\" data-attachment-id=\"3965\" data-permalink=\"https:\/\/stec.blog\/martin\/\" data-orig-file=\"https:\/\/stecbloggen.files.wordpress.com\/2019\/03\/martin.jpg?w=676\" data-orig-size=\"1024,768\" data-comments-opened=\"1\" data-image-meta=\"{&quot;aperture&quot;:&quot;0&quot;,&quot;credit&quot;:&quot;&quot;,&quot;camera&quot;:&quot;&quot;,&quot;caption&quot;:&quot;&quot;,&quot;created_timestamp&quot;:&quot;0&quot;,&quot;copyright&quot;:&quot;&quot;,&quot;focal_length&quot;:&quot;0&quot;,&quot;iso&quot;:&quot;0&quot;,&quot;shutter_speed&quot;:&quot;0&quot;,&quot;title&quot;:&quot;&quot;,&quot;orientation&quot;:&quot;0&quot;}\" data-image-title=\"martin\" data-image-description=\"\" data-medium-file=\"https:\/\/stecbloggen.files.wordpress.com\/2019\/03\/martin.jpg?w=676?w=300\" data-large-file=\"https:\/\/stecbloggen.files.wordpress.com\/2019\/03\/martin.jpg?w=676?w=676\" \/><figcaption>STEC har nytt b\u00e4rgningsteam. Martin Kock kommer med sin fina b\u00e4rgare till Sviestad den 30 Mars. Han kommer inte kunna vara med alla race men f\u00f6rs\u00f6ker s\u00e5 m\u00e5nga det g\u00e5r och detta k\u00e4nns v\u00e4ldigt bra.<\/p>\n<\/figcaption><\/figure>\n<figure class=\"wp-block-image\"><img decoding=\"async\" class=\"wp-image-3967\" src=\"https:\/\/stecbloggen.files.wordpress.com\/2019\/03\/track-day.jpg?w=676\" sizes=\"(max-width: 372px) 100vw, 372px\" srcset=\"https:\/\/stecbloggen.files.wordpress.com\/2019\/03\/track-day.jpg 372w, https:\/\/stecbloggen.files.wordpress.com\/2019\/03\/track-day.jpg?w=150 150w, https:\/\/stecbloggen.files.wordpress.com\/2019\/03\/track-day.jpg?w=300 300w\" alt=\"\" data-attachment-id=\"3967\" data-permalink=\"https:\/\/stec.blog\/track-day\/\" data-orig-file=\"https:\/\/stecbloggen.files.wordpress.com\/2019\/03\/track-day.jpg?w=676\" data-orig-size=\"372,240\" data-comments-opened=\"1\" data-image-meta=\"{&quot;aperture&quot;:&quot;0&quot;,&quot;credit&quot;:&quot;&quot;,&quot;camera&quot;:&quot;&quot;,&quot;caption&quot;:&quot;&quot;,&quot;created_timestamp&quot;:&quot;0&quot;,&quot;copyright&quot;:&quot;&quot;,&quot;focal_length&quot;:&quot;0&quot;,&quot;iso&quot;:&quot;0&quot;,&quot;shutter_speed&quot;:&quot;0&quot;,&quot;title&quot;:&quot;&quot;,&quot;orientation&quot;:&quot;0&quot;}\" data-image-title=\"track-day\" data-image-description=\"\" data-medium-file=\"https:\/\/stecbloggen.files.wordpress.com\/2019\/03\/track-day.jpg?w=676?w=300\" data-large-file=\"https:\/\/stecbloggen.files.wordpress.com\/2019\/03\/track-day.jpg?w=676?w=372\" \/><figcaption>STEC kommer kunna erbjuda 5 stycken Trackday ihop med Bavariaracing p\u00e5 Tierp Arena. STEC Bilarna betalar blygsamma 500 kronor f\u00f6r hela dagen och datum finns p\u00e5 hemsidan\u00a0<a href=\"http:\/\/www.bavariaracing.se\/\">www.bavariaracing.se<\/a><\/figcaption><\/figure>\n<ul class=\"wp-block-gallery columns-3 is-cropped\" data-carousel-extra=\"{&quot;blog_id&quot;:126279965,&quot;permalink&quot;:&quot;https:\\\/\\\/stec.blog\\\/2019\\\/03\\\/03\\\/nytt-nummer-och-nu-ar-vi-inne-i-mars-manad\\\/&quot;}\">\n<li class=\"blocks-gallery-item\">\n<figure><img decoding=\"async\" class=\"wp-image-3968\" src=\"https:\/\/stecbloggen.files.wordpress.com\/2019\/03\/bankgiro.png?w=564\" sizes=\"(max-width: 564px) 100vw, 564px\" srcset=\"https:\/\/stecbloggen.files.wordpress.com\/2019\/03\/bankgiro.png 564w, https:\/\/stecbloggen.files.wordpress.com\/2019\/03\/bankgiro.png?w=150 150w, https:\/\/stecbloggen.files.wordpress.com\/2019\/03\/bankgiro.png?w=300 300w\" alt=\"\" data-attachment-id=\"3968\" data-permalink=\"https:\/\/stec.blog\/bankgiro\/\" data-orig-file=\"https:\/\/stecbloggen.files.wordpress.com\/2019\/03\/bankgiro.png\" data-orig-size=\"564,126\" data-comments-opened=\"1\" data-image-meta=\"{&quot;aperture&quot;:&quot;0&quot;,&quot;credit&quot;:&quot;&quot;,&quot;camera&quot;:&quot;&quot;,&quot;caption&quot;:&quot;&quot;,&quot;created_timestamp&quot;:&quot;0&quot;,&quot;copyright&quot;:&quot;&quot;,&quot;focal_length&quot;:&quot;0&quot;,&quot;iso&quot;:&quot;0&quot;,&quot;shutter_speed&quot;:&quot;0&quot;,&quot;title&quot;:&quot;&quot;,&quot;orientation&quot;:&quot;0&quot;}\" data-image-title=\"bankgiro\" data-image-description=\"\" data-medium-file=\"https:\/\/stecbloggen.files.wordpress.com\/2019\/03\/bankgiro.png?w=300\" data-large-file=\"https:\/\/stecbloggen.files.wordpress.com\/2019\/03\/bankgiro.png?w=564\" data-id=\"3968\" \/><\/figure>\n<\/li>\n<li class=\"blocks-gallery-item\">\n<figure><img decoding=\"async\" class=\"wp-image-3969\" src=\"https:\/\/stecbloggen.files.wordpress.com\/2019\/03\/swish.jpg?w=390\" sizes=\"(max-width: 390px) 100vw, 390px\" srcset=\"https:\/\/stecbloggen.files.wordpress.com\/2019\/03\/swish.jpg 390w, https:\/\/stecbloggen.files.wordpress.com\/2019\/03\/swish.jpg?w=150 150w, https:\/\/stecbloggen.files.wordpress.com\/2019\/03\/swish.jpg?w=300 300w\" alt=\"\" data-attachment-id=\"3969\" data-permalink=\"https:\/\/stec.blog\/swish\/\" data-orig-file=\"https:\/\/stecbloggen.files.wordpress.com\/2019\/03\/swish.jpg\" data-orig-size=\"390,129\" data-comments-opened=\"1\" data-image-meta=\"{&quot;aperture&quot;:&quot;0&quot;,&quot;credit&quot;:&quot;&quot;,&quot;camera&quot;:&quot;&quot;,&quot;caption&quot;:&quot;&quot;,&quot;created_timestamp&quot;:&quot;0&quot;,&quot;copyright&quot;:&quot;&quot;,&quot;focal_length&quot;:&quot;0&quot;,&quot;iso&quot;:&quot;0&quot;,&quot;shutter_speed&quot;:&quot;0&quot;,&quot;title&quot;:&quot;&quot;,&quot;orientation&quot;:&quot;0&quot;}\" data-image-title=\"swish\" data-image-description=\"\" data-medium-file=\"https:\/\/stecbloggen.files.wordpress.com\/2019\/03\/swish.jpg?w=300\" data-large-file=\"https:\/\/stecbloggen.files.wordpress.com\/2019\/03\/swish.jpg?w=390\" data-id=\"3969\" \/><\/figure>\n<\/li>\n<li class=\"blocks-gallery-item\">\n<figure><img decoding=\"async\" class=\"wp-image-3970\" src=\"https:\/\/stecbloggen.files.wordpress.com\/2019\/03\/sedlar.jpg?w=562\" sizes=\"(max-width: 562px) 100vw, 562px\" srcset=\"https:\/\/stecbloggen.files.wordpress.com\/2019\/03\/sedlar.jpg 562w, https:\/\/stecbloggen.files.wordpress.com\/2019\/03\/sedlar.jpg?w=150 150w, https:\/\/stecbloggen.files.wordpress.com\/2019\/03\/sedlar.jpg?w=300 300w\" alt=\"\" data-attachment-id=\"3970\" data-permalink=\"https:\/\/stec.blog\/sedlar\/\" data-orig-file=\"https:\/\/stecbloggen.files.wordpress.com\/2019\/03\/sedlar.jpg\" data-orig-size=\"562,375\" data-comments-opened=\"1\" data-image-meta=\"{&quot;aperture&quot;:&quot;0&quot;,&quot;credit&quot;:&quot;&quot;,&quot;camera&quot;:&quot;&quot;,&quot;caption&quot;:&quot;&quot;,&quot;created_timestamp&quot;:&quot;0&quot;,&quot;copyright&quot;:&quot;&quot;,&quot;focal_length&quot;:&quot;0&quot;,&quot;iso&quot;:&quot;0&quot;,&quot;shutter_speed&quot;:&quot;0&quot;,&quot;title&quot;:&quot;&quot;,&quot;orientation&quot;:&quot;0&quot;}\" data-image-title=\"sedlar\" data-image-description=\"\" data-medium-file=\"https:\/\/stecbloggen.files.wordpress.com\/2019\/03\/sedlar.jpg?w=300\" data-large-file=\"https:\/\/stecbloggen.files.wordpress.com\/2019\/03\/sedlar.jpg?w=562\" data-id=\"3970\" \/><\/figure>\n<\/li>\n<\/ul>\n<p>Man kan betala hur man vill men boka in att ni kommer f\u00f6r att g\u00f6ra allt l\u00e4ttare. Det \u00e4r inte fel att boka in sig och sen ev beh\u00f6va avboka vi vet hur livet inom bilsport kan se ut. Team som splittras , bilar som g\u00e5r s\u00f6nder och d\u00e4rf\u00f6r har vi skapat detta med GT-Open har du bil men inga kompisar kom och k\u00f6r \u00e4nd\u00e5. 2,4,6 Timmars GT Open kommer med stor sannolikhet bli 2020-2022 kunna bli race som \u00e4r 200 , 400 , 600 eller 1000 km l\u00e5nga. Det avg\u00f6r ni team men vi fr\u00e5n organisationen STEC vill kunna erbjuda er aktiva ett bra t\u00e4vlingsformat. och vi vet m\u00e5nga fina bilar i garagen som tyv\u00e4rr inte kommer kunna vara med f\u00f6r teamet \u00e4r splittrat. Men vi hoppas detta format ska kunna passa just ditt team. Som bonus f\u00e5r vi flera vinnare i de olika klasserna och den k\u00e4nslan ska man inte heller f\u00f6rakta att f\u00e5 g\u00e5 upp och f\u00e5 kompisarnas appl\u00e5der och vara b\u00e4st den dagen p\u00e5 banan oavsett om man k\u00f6r klass Standard Klass 1 och klass 2 eller Light. Vi har \u00e4ven pratat med Emelie Moe fd STCC f\u00f6raren som \u00e4r p\u00e5 v\u00e4g tillbaka efter en kr\u00e5nglande h\u00f6ft och det vore j\u00e4ttekul om de kommer tillbaka. Vi har \u00e4ven f\u00e5tt in en j\u00e4tteduktig f\u00f6rare i en av hyrbilarna det \u00e4r David Lef\u00e9vre 16 \u00e5riga son som nu startar sin karri\u00e4r inom Touringbilarna.<\/p>\n<p>Schema den 30 Mars Sviestad \u00f6ppet f\u00f6r alla med fri entre<\/p>\n<p>07,00 Inskrivningen \u00f6ppnar \/ Vagnsboks besiktningen \u00f6ppnar<\/p>\n<p>09,00 Licenskurs teori startar (Stora huvudbyggnaden)<\/p>\n<p>12,00 Informationsm\u00f6te f\u00f6r g\u00e4ster ( Stora huvudbyggnaden )<\/p>\n<p>15,00 Informationsm\u00f6te f\u00f6r Legend gruppen (Stora huvudbyggnaden)<\/p>\n<p>16,00 Informationsm\u00f6te f\u00f6r STEC teamchefer ( stora huvudbyggnaden)<\/p>\n<p>17,00 avslutning f\u00f6r dagen p\u00e5 dep\u00e5omr\u00e5de.<\/p>\n<p>18,00 Middag f\u00f6r de som \u00f6nskar. Mer info kommer om detta men boka g\u00e4rna in detta och bilarna kan st\u00e5 kvar inl\u00e5sta p\u00e5 Sviestad \u00f6ver natten.<\/p>\n<p>08,00-16,00 K\u00f6rning p\u00e5 banan specifikt schema f\u00f6r dagen kommer finnas p\u00e5 tavlan vid inskrivningen. Viktigt detta \u00e4r en \u00f6ppen informationsdag vi alla \u00e4r ambassad\u00f6rer f\u00f6r STEC Motorsport. Vi kommer ha provk\u00f6rning av bilar vi kommer ha utbildning p\u00e5 banan med duktiga f\u00f6rare. Visa respekt f\u00f6r varann och v\u00e5ra G\u00e4ster , Sponsorer , Samverkansgrupper. Bjud g\u00e4rna in v\u00e4nner som \u00e4r intresserade av denna verksamhet.<\/p>\n<figure class=\"wp-block-image\"><img decoding=\"async\" class=\"wp-image-3971\" src=\"https:\/\/stecbloggen.files.wordpress.com\/2019\/03\/sviestad-epc3a5.jpg?w=676\" sizes=\"(max-width: 676px) 100vw, 676px\" srcset=\"https:\/\/stecbloggen.files.wordpress.com\/2019\/03\/sviestad-epc3a5.jpg?w=676 676w, https:\/\/stecbloggen.files.wordpress.com\/2019\/03\/sviestad-epc3a5.jpg?w=150 150w, https:\/\/stecbloggen.files.wordpress.com\/2019\/03\/sviestad-epc3a5.jpg?w=300 300w, https:\/\/stecbloggen.files.wordpress.com\/2019\/03\/sviestad-epc3a5.jpg?w=768 768w, https:\/\/stecbloggen.files.wordpress.com\/2019\/03\/sviestad-epc3a5.jpg 1006w\" alt=\"\" data-attachment-id=\"3971\" data-permalink=\"https:\/\/stec.blog\/sviestad-epc3a5\/\" data-orig-file=\"https:\/\/stecbloggen.files.wordpress.com\/2019\/03\/sviestad-epc3a5.jpg?w=676\" data-orig-size=\"1006,649\" data-comments-opened=\"1\" data-image-meta=\"{&quot;aperture&quot;:&quot;0&quot;,&quot;credit&quot;:&quot;Admin&quot;,&quot;camera&quot;:&quot;&quot;,&quot;caption&quot;:&quot;&quot;,&quot;created_timestamp&quot;:&quot;1551637321&quot;,&quot;copyright&quot;:&quot;&quot;,&quot;focal_length&quot;:&quot;0&quot;,&quot;iso&quot;:&quot;0&quot;,&quot;shutter_speed&quot;:&quot;0&quot;,&quot;title&quot;:&quot;&quot;,&quot;orientation&quot;:&quot;0&quot;}\" data-image-title=\"sviestad-epc3a5\" data-image-description=\"\" data-medium-file=\"https:\/\/stecbloggen.files.wordpress.com\/2019\/03\/sviestad-epc3a5.jpg?w=676?w=300\" data-large-file=\"https:\/\/stecbloggen.files.wordpress.com\/2019\/03\/sviestad-epc3a5.jpg?w=676?w=676\" \/><figcaption>R\u00f6tt Plats f\u00f6r trailers och team bilar som en \u00e4r service fordon.<br \/>\nBl\u00e5tt Dep\u00e5 yta f\u00f6r t\u00e4vlingsbil OBS gl\u00f6m ej Milj\u00f6matta\/presenning samt brandskydd<br \/>\nSvarta bilar \u00e4r infart till dep\u00e5 samt utfart fr\u00e5n dep\u00e5.<br \/>\nStor r\u00f6d markering \u00e4r platsen f\u00f6r vagnbok besiktning.<br \/>\nBl\u00e5 rund markering \u00e4r sekretariat och inskrivning skicka dit teamchefen n\u00e4r ni kommer.<br \/>\nGokartu \u00e4r den stora Huvudbyggnaden ( utanf\u00f6r banan)<br \/>\nDet kommer bli tr\u00e5ngt i dep\u00e5n s\u00e5 inga trailers i dep\u00e5omr\u00e5det<br \/>\n\u00d6nskar man str\u00f6m f\u00f6r husvagn , kompressor , ( ej Svets ) l\u00e4gger man 200 kronor elavgift<br \/>\nsamt respektera ingen kommer till banan f\u00f6re Fredag 18,00 med respekt f\u00f6r LMS verksamhet. Lunch fika osv kommer finnas p\u00e5 omr\u00e5det.<\/figcaption><\/figure>\n<figure class=\"wp-block-image\"><img decoding=\"async\" class=\"wp-image-3975\" src=\"https:\/\/stecbloggen.files.wordpress.com\/2019\/03\/stefan-dannefalk.png?w=676\" sizes=\"(max-width: 676px) 100vw, 676px\" srcset=\"https:\/\/stecbloggen.files.wordpress.com\/2019\/03\/stefan-dannefalk.png?w=676 676w, https:\/\/stecbloggen.files.wordpress.com\/2019\/03\/stefan-dannefalk.png?w=106 106w, https:\/\/stecbloggen.files.wordpress.com\/2019\/03\/stefan-dannefalk.png?w=212 212w, https:\/\/stecbloggen.files.wordpress.com\/2019\/03\/stefan-dannefalk.png?w=768 768w, https:\/\/stecbloggen.files.wordpress.com\/2019\/03\/stefan-dannefalk.png 794w\" alt=\"\" data-attachment-id=\"3975\" data-permalink=\"https:\/\/stec.blog\/stefan-dannefalk\/\" data-orig-file=\"https:\/\/stecbloggen.files.wordpress.com\/2019\/03\/stefan-dannefalk.png?w=676\" data-orig-size=\"794,1123\" data-comments-opened=\"1\" data-image-meta=\"{&quot;aperture&quot;:&quot;0&quot;,&quot;credit&quot;:&quot;&quot;,&quot;camera&quot;:&quot;&quot;,&quot;caption&quot;:&quot;&quot;,&quot;created_timestamp&quot;:&quot;0&quot;,&quot;copyright&quot;:&quot;&quot;,&quot;focal_length&quot;:&quot;0&quot;,&quot;iso&quot;:&quot;0&quot;,&quot;shutter_speed&quot;:&quot;0&quot;,&quot;title&quot;:&quot;&quot;,&quot;orientation&quot;:&quot;0&quot;}\" data-image-title=\"stefan-dannefalk\" data-image-description=\"\" data-medium-file=\"https:\/\/stecbloggen.files.wordpress.com\/2019\/03\/stefan-dannefalk.png?w=676?w=212\" data-large-file=\"https:\/\/stecbloggen.files.wordpress.com\/2019\/03\/stefan-dannefalk.png?w=676?w=676\" \/><\/figure>","protected":false},"excerpt":{"rendered":"<p>2019 \u00e5rs STEC jackor \u00e4r under produktion och Petronas ihop med Lewis Hamilton vann Formel 1 s\u00e5 vi tar rygg p\u00e5 dem och t\u00e4nker l\u00e5ta trycka upp jackor till er f\u00f6rare , team , supporterar , samarbetspartner. Vi kommer g\u00f6ra dem i Softshell som har en bra kvalitet och de kommer bli bl\u00e5 med gul [&hellip;]<\/p>\n","protected":false},"author":2,"featured_media":4721,"comment_status":"open","ping_status":"open","sticky":false,"template":"","format":"standard","meta":{"_et_pb_use_builder":"","_et_pb_old_content":"","footnotes":""},"categories":[1],"tags":[],"class_list":["post-4720","post","type-post","status-publish","format-standard","has-post-thumbnail","hentry","category-uncategorized"],"aioseo_notices":[],"_links":{"self":[{"href":"https:\/\/stec.se\/en\/wp-json\/wp\/v2\/posts\/4720","targetHints":{"allow":["GET"]}}],"collection":[{"href":"https:\/\/stec.se\/en\/wp-json\/wp\/v2\/posts"}],"about":[{"href":"https:\/\/stec.se\/en\/wp-json\/wp\/v2\/types\/post"}],"author":[{"embeddable":true,"href":"https:\/\/stec.se\/en\/wp-json\/wp\/v2\/users\/2"}],"replies":[{"embeddable":true,"href":"https:\/\/stec.se\/en\/wp-json\/wp\/v2\/comments?post=4720"}],"version-history":[{"count":1,"href":"https:\/\/stec.se\/en\/wp-json\/wp\/v2\/posts\/4720\/revisions"}],"predecessor-version":[{"id":4722,"href":"https:\/\/stec.se\/en\/wp-json\/wp\/v2\/posts\/4720\/revisions\/4722"}],"wp:featuredmedia":[{"embeddable":true,"href":"https:\/\/stec.se\/en\/wp-json\/wp\/v2\/media\/4721"}],"wp:attachment":[{"href":"https:\/\/stec.se\/en\/wp-json\/wp\/v2\/media?parent=4720"}],"wp:term":[{"taxonomy":"category","embeddable":true,"href":"https:\/\/stec.se\/en\/wp-json\/wp\/v2\/categories?post=4720"},{"taxonomy":"post_tag","embeddable":true,"href":"https:\/\/stec.se\/en\/wp-json\/wp\/v2\/tags?post=4720"}],"curies":[{"name":"wp","href":"https:\/\/api.w.org\/{rel}","templated":true}]}}