{"id":3882,"date":"2019-01-27T21:45:36","date_gmt":"2019-01-27T20:45:36","guid":{"rendered":"http:\/\/stec.blog\/?p=3882"},"modified":"2019-01-27T21:45:36","modified_gmt":"2019-01-27T20:45:36","slug":"gala-hyrbil-licens-stec-on-ice-och-ny-spannande-vecka-med-fler-team-som-bokar-arskort-i-gt-open","status":"publish","type":"post","link":"https:\/\/stec.se\/en\/gala-hyrbil-licens-stec-on-ice-och-ny-spannande-vecka-med-fler-team-som-bokar-arskort-i-gt-open\/","title":{"rendered":"Gala , hyrbil , Licens , Stec on Ice och ny sp\u00e4nnande vecka med fler team som bokar \u00e5rskort i GT-Open"},"content":{"rendered":"<p>[et_pb_section fb_built=&#8221;1&#8243; admin_label=&#8221;section&#8221; _builder_version=&#8221;3.0.47&#8243;][et_pb_row admin_label=&#8221;row&#8221; _builder_version=&#8221;3.0.48&#8243; background_size=&#8221;initial&#8221; background_position=&#8221;top_left&#8221; background_repeat=&#8221;repeat&#8221;][et_pb_column type=&#8221;4_4&#8243; _builder_version=&#8221;3.0.47&#8243; parallax=&#8221;off&#8221; parallax_method=&#8221;on&#8221;][et_pb_text admin_label=&#8221;Text&#8221; _builder_version=&#8221;3.0.74&#8243; background_size=&#8221;initial&#8221; background_position=&#8221;top_left&#8221; background_repeat=&#8221;repeat&#8221;]<\/p>\n<p>Bilsportsgalan 2019 gick denna g\u00e5ng i Link\u00f6ping och naturligtvis var STEC p\u00e5 plats.\u00a0 Vi hade bord med team EDE som vann RM Endurance och vi bj\u00f6d in dem till den \u00f6ppna SM finalen som STEC arrangerar den 26 Oktober och vi hoppas detta g\u00e4ng fr\u00e5n J\u00e4rf\u00e4lla kommer d\u00e5 de har tidigare k\u00f6rt finalen utan att vinna i STEC men tr\u00e4gen kanske vinner.\u00a0 Annars var det inga skandaler utan en viss Johan Kristoffersson tog hem i princip alla priser och det \u00e4r bara att gratulera till en super- s\u00e4song 2018.\u00a0 \u00a0 Vi tr\u00e4ffade Racing utskottets ordf\u00f6rande\u00a0 och vi har en bra dialog men naturligtvis st\u00e5r vi en bit ifr\u00e5n varann i det politiska spel som existerar och under 2019 kommer vi k\u00f6ra helt utanf\u00f6r FIA och SBF vilket g\u00f6r det hela betydligt l\u00e4ttare och billigare f\u00f6r er aktiva och arrang\u00f6rer.\u00a0 Som detta med utrustning exempelvis\u00a0 handskar 490 kr\u00a0<img loading=\"lazy\" decoding=\"async\" class=\"alignnone size-full wp-image-3884\" src=\"http:\/\/media1.stec.se\/2019\/01\/handskar.jpg\" alt=\"handskar\" width=\"720\" height=\"960\" \/><br \/>Nomex tyget och STEC approved med 8856-2000 m\u00e4rkning likv\u00e4rdiga handskar kostar fr\u00e5n 790 kronor om det st\u00e5r FIA\u00a0 du som f\u00f6rare f\u00e5r v\u00e4lja och det kommer skor underst\u00e4ll overaller osv osv s\u00e5 beh\u00f6ver du grejer skicka ett email.<br \/><img loading=\"lazy\" decoding=\"async\" class=\"alignnone size-full wp-image-3885\" src=\"http:\/\/media1.stec.se\/2019\/01\/fixar-bilen.jpg\" alt=\"fixar bilen\" width=\"960\" height=\"636\" srcset=\"https:\/\/media1.stec.se\/2019\/01\/fixar-bilen.jpg 960w, https:\/\/media1.stec.se\/2019\/01\/fixar-bilen-300x199.jpg 300w, https:\/\/media1.stec.se\/2019\/01\/fixar-bilen-768x509.jpg 768w\" sizes=\"auto, (max-width: 960px) 100vw, 960px\" \/><br \/>P\u00e5 fleras beg\u00e4ran kommer vi nu sl\u00e4ppa \u00e4ven m\u00f6jligheterna att k\u00f6ra med firman eller som ensam f\u00f6rarna b\u00e5de i Light och standard och vid 1 ,2 3 eller alla t\u00e4vlingar 2019.\u00a0 \u00a0Licenskurs utrustning och bil all inclusive paket vilket k\u00e4nns v\u00e4ldigt bra.\u00a0 Vill du\/ni vara med skicka ett email stec@stec.se.<br \/>\u00c5rets resa med STEC resgruppen kommer vara till det gr\u00f6na helvetet.\u00a0 \u00a0Juni m\u00e5nad 20-22 \u00e5ker vi hit\u00a0 <a href=\"https:\/\/www.fiawtcr.com\/event\/wtcr-race-of-germany-2019\/\">https:\/\/www.fiawtcr.com\/event\/wtcr-race-of-germany-2019\/<\/a>\u00a0 Vi kommer med uppl\u00e4gg och mer info under April M\u00e5nad i samband med t\u00e4vlingarna men vill du se internationell bilsport s\u00e5 kommer STEC kunna erbjuda ett kul g\u00e4ng och ni som var med tidigare \u00e5r kommer f\u00e5 en specialinbjudan p\u00e5 email men sj\u00e4lvklart \u00e4r det \u00f6ppet f\u00f6r alla men nu \u00e4r datumet spikat och detta k\u00e4nns bra.<br \/>9-10 Februari 9-10 Mars k\u00f6r vi STEC on Ice i sprintformat l\u00e4s g\u00e4rna mer p\u00e5 inbjudan <a href=\"https:\/\/simplesignup.se\/event\/140806?fbclid=IwAR3XmaGR7WOXy0FUi2wZolrFL58kdDWwNxlKbu2N5Ce8MHLZBLJWLuOilWQ\">https:\/\/simplesignup.se\/event\/140806?fbclid=IwAR3XmaGR7WOXy0FUi2wZolrFL58kdDWwNxlKbu2N5Ce8MHLZBLJWLuOilWQ<\/a>\u00a0Detta brukar vara skitkul och det finns nu 6 boendeplatser kvar i de 3 stugor vi abbonerat.<br \/>Jerry med sin svarta Seat bokar nu \u00e5rskortet och kommer k\u00f6ra 2-4 timmars GT-Open i klass standard vilket \u00e4r kul och v\u00e4lkommen till denna t\u00e4vlingsform d\u00e4r man som team best\u00e4mmer l\u00e4ngden p\u00e5 race efter antal f\u00f6rare i teamet.<br \/><img loading=\"lazy\" decoding=\"async\" class=\"alignnone size-full wp-image-3870\" src=\"http:\/\/media1.stec.se\/2019\/01\/vi-syns-b-hallen-2.png\" alt=\"vi syns b-hallen (2)\" width=\"800\" height=\"800\" srcset=\"https:\/\/media1.stec.se\/2019\/01\/vi-syns-b-hallen-2.png 800w, https:\/\/media1.stec.se\/2019\/01\/vi-syns-b-hallen-2-150x150.png 150w, https:\/\/media1.stec.se\/2019\/01\/vi-syns-b-hallen-2-300x300.png 300w, https:\/\/media1.stec.se\/2019\/01\/vi-syns-b-hallen-2-768x768.png 768w\" sizes=\"auto, (max-width: 800px) 100vw, 800px\" \/><br \/>Licens = Kunskap\u00a0 F\u00f6rs\u00e4kring = F\u00f6rs\u00e4kring\u00a0 \u00a0Detta rekommenderar vi och 30\/3 kommer vi ha en stor Licenskurs men vi vill kalla det utvecklingskurs f\u00f6r detta med utveckling \u00e4r n\u00e5got som aldrig blir inaktuellt.\u00a0 Best\u00e4ll en licenskurs till dig sj\u00e4lv och ta med din kompis 990 kronor f\u00f6r en hel dag p\u00e5 motorstadion med mycket k\u00f6rtid det \u00e4r vi stolta \u00f6ver att kunna erbjuda med sveriges elitf\u00f6rare och kursledare med m\u00e5ng\u00e5rig endurance t\u00e4vlande.\u00a0 \u00a0bokas p\u00e5 stec@stec.se.<br \/>Arbetet med nya hemsidan har startat och kommer ta n\u00e5gra veckor men det k\u00e4nns bra att kunna utveckla serien med diverse tekniska utvecklingar. Vi \u00f6nskar er alla nu en riktigt bra vecka och har du funderingar , tankar , fr\u00e5gor tveka inte stec@stec.se \u00e4r \u00f6ppen dygnet runt.\u00a0 \u00a02019 kalender <a href=\"http:\/\/www.stec.se\/anm%C3%A4lning-blankett-samt-tidsschema-35845618\">http:\/\/www.stec.se\/anm%C3%A4lning-blankett-samt-tidsschema-35845618<\/a>\u00a0 \u00a0Light kan ev f\u00e5 fler race p\u00e5 Bj\u00f6rkvik<br \/>\n\t\t<style type=\"text\/css\">\n\t\t\t#gallery-1 {\n\t\t\t\tmargin: auto;\n\t\t\t}\n\t\t\t#gallery-1 .gallery-item {\n\t\t\t\tfloat: left;\n\t\t\t\tmargin-top: 10px;\n\t\t\t\ttext-align: center;\n\t\t\t\twidth: 33%;\n\t\t\t}\n\t\t\t#gallery-1 img {\n\t\t\t\tborder: 2px solid #cfcfcf;\n\t\t\t}\n\t\t\t#gallery-1 .gallery-caption {\n\t\t\t\tmargin-left: 0;\n\t\t\t}\n\t\t\t\/* see gallery_shortcode() in wp-includes\/media.php *\/\n\t\t<\/style>\n\t\t<div id='gallery-1' class='gallery galleryid-3882 gallery-columns-3 gallery-size-thumbnail'><dl class='gallery-item'>\n\t\t\t<dt class='gallery-icon landscape'>\n\t\t\t\t<a href='https:\/\/stec.se\/en\/gala-hyrbil-licens-stec-on-ice-och-ny-spannande-vecka-med-fler-team-som-bokar-arskort-i-gt-open\/seat\/'><img loading=\"lazy\" decoding=\"async\" width=\"150\" height=\"150\" src=\"https:\/\/media1.stec.se\/2019\/01\/seat-150x150.jpg\" class=\"attachment-thumbnail size-thumbnail\" alt=\"\" \/><\/a>\n\t\t\t<\/dt><\/dl><dl class='gallery-item'>\n\t\t\t<dt class='gallery-icon landscape'>\n\t\t\t\t<a href='https:\/\/stec.se\/en\/gala-hyrbil-licens-stec-on-ice-och-ny-spannande-vecka-med-fler-team-som-bokar-arskort-i-gt-open\/gala-2\/'><img loading=\"lazy\" decoding=\"async\" width=\"150\" height=\"150\" src=\"https:\/\/media1.stec.se\/2019\/01\/gala-1-150x150.jpg\" class=\"attachment-thumbnail size-thumbnail\" alt=\"\" \/><\/a>\n\t\t\t<\/dt><\/dl>\n\t\t\t<br style='clear: both' \/>\n\t\t<\/div>\n<br \/>\u00a0<\/p>\n<p>[\/et_pb_text][\/et_pb_column][\/et_pb_row][\/et_pb_section]<\/p>\n","protected":false},"excerpt":{"rendered":"<p>[et_pb_section fb_built=&#8221;1&#8243; admin_label=&#8221;section&#8221; _builder_version=&#8221;3.0.47&#8243;][et_pb_row admin_label=&#8221;row&#8221; _builder_version=&#8221;3.0.48&#8243; background_size=&#8221;initial&#8221; background_position=&#8221;top_left&#8221; background_repeat=&#8221;repeat&#8221;][et_pb_column type=&#8221;4_4&#8243; _builder_version=&#8221;3.0.47&#8243; parallax=&#8221;off&#8221; parallax_method=&#8221;on&#8221;][et_pb_text admin_label=&#8221;Text&#8221; _builder_version=&#8221;3.0.74&#8243; background_size=&#8221;initial&#8221; background_position=&#8221;top_left&#8221; background_repeat=&#8221;repeat&#8221;] Bilsportsgalan 2019 gick denna g\u00e5ng i Link\u00f6ping och naturligtvis var STEC p\u00e5 plats.\u00a0 Vi hade bord med team EDE som vann RM Endurance och vi bj\u00f6d in dem till den \u00f6ppna SM finalen som STEC arrangerar den [&hellip;]<\/p>\n","protected":false},"author":2,"featured_media":3891,"comment_status":"open","ping_status":"open","sticky":false,"template":"","format":"standard","meta":{"_et_pb_use_builder":"on","_et_pb_old_content":"<img class=\"alignnone size-full wp-image-3883\" src=\"http:\/\/media.husbilskungen.com\/2019\/01\/gala.jpg\" alt=\"gala\" width=\"960\" height=\"720\" \/>\nBilsportsgalan 2019 gick denna g\u00e5ng i Link\u00f6ping och naturligtvis var STEC p\u00e5 plats.\u00a0 Vi hade bord med team EDE som vann RM Endurance och vi bj\u00f6d in dem till den \u00f6ppna SM finalen som STEC arrangerar den 26 Oktober och vi hoppas detta g\u00e4ng fr\u00e5n J\u00e4rf\u00e4lla kommer d\u00e5 de har tidigare k\u00f6rt finalen utan att vinna i STEC men tr\u00e4gen kanske vinner.\u00a0 Annars var det inga skandaler utan en viss Johan Kristoffersson tog hem i princip alla priser och det \u00e4r bara att gratulera till en super- s\u00e4song 2018.\u00a0 \u00a0 Vi tr\u00e4ffade Racing utskottets ordf\u00f6rande\u00a0 och vi har en bra dialog men naturligtvis st\u00e5r vi en bit ifr\u00e5n varann i det politiska spel som existerar och under 2019 kommer vi k\u00f6ra helt utanf\u00f6r FIA och SBF vilket g\u00f6r det hela betydligt l\u00e4ttare och billigare f\u00f6r er aktiva och arrang\u00f6rer.\u00a0 Som detta med utrustning exempelvis\u00a0 handskar 490 kr\u00a0<img class=\"alignnone size-full wp-image-3884\" src=\"http:\/\/media.husbilskungen.com\/2019\/01\/handskar.jpg\" alt=\"handskar\" width=\"720\" height=\"960\" \/>\nNomex tyget och STEC approved med 8856-2000 m\u00e4rkning likv\u00e4rdiga handskar kostar fr\u00e5n 790 kronor om det st\u00e5r FIA\u00a0 du som f\u00f6rare f\u00e5r v\u00e4lja och det kommer skor underst\u00e4ll overaller osv osv s\u00e5 beh\u00f6ver du grejer skicka ett email.\n<img class=\"alignnone size-full wp-image-3885\" src=\"http:\/\/media.husbilskungen.com\/2019\/01\/fixar-bilen.jpg\" alt=\"fixar bilen\" width=\"960\" height=\"636\" \/>\nP\u00e5 fleras beg\u00e4ran kommer vi nu sl\u00e4ppa \u00e4ven m\u00f6jligheterna att k\u00f6ra med firman eller som ensam f\u00f6rarna b\u00e5de i Light och standard och vid 1 ,2 3 eller alla t\u00e4vlingar 2019.\u00a0 \u00a0Licenskurs utrustning och bil all inclusive paket vilket k\u00e4nns v\u00e4ldigt bra.\u00a0 Vill du\/ni vara med skicka ett email stec@stec.se.\n\u00c5rets resa med STEC resgruppen kommer vara till det gr\u00f6na helvetet.\u00a0 \u00a0Juni m\u00e5nad 20-22 \u00e5ker vi hit\u00a0 <a href=\"https:\/\/www.fiawtcr.com\/event\/wtcr-race-of-germany-2019\/\">https:\/\/www.fiawtcr.com\/event\/wtcr-race-of-germany-2019\/<\/a>\u00a0 Vi kommer med uppl\u00e4gg och mer info under April M\u00e5nad i samband med t\u00e4vlingarna men vill du se internationell bilsport s\u00e5 kommer STEC kunna erbjuda ett kul g\u00e4ng och ni som var med tidigare \u00e5r kommer f\u00e5 en specialinbjudan p\u00e5 email men sj\u00e4lvklart \u00e4r det \u00f6ppet f\u00f6r alla men nu \u00e4r datumet spikat och detta k\u00e4nns bra.\n9-10 Februari 9-10 Mars k\u00f6r vi STEC on Ice i sprintformat l\u00e4s g\u00e4rna mer p\u00e5 inbjudan <a href=\"https:\/\/simplesignup.se\/event\/140806?fbclid=IwAR3XmaGR7WOXy0FUi2wZolrFL58kdDWwNxlKbu2N5Ce8MHLZBLJWLuOilWQ\">https:\/\/simplesignup.se\/event\/140806?fbclid=IwAR3XmaGR7WOXy0FUi2wZolrFL58kdDWwNxlKbu2N5Ce8MHLZBLJWLuOilWQ<\/a>\u00a0Detta brukar vara skitkul och det finns nu 6 boendeplatser kvar i de 3 stugor vi abbonerat.\nJerry med sin svarta Seat bokar nu \u00e5rskortet och kommer k\u00f6ra 2-4 timmars GT-Open i klass standard vilket \u00e4r kul och v\u00e4lkommen till denna t\u00e4vlingsform d\u00e4r man som team best\u00e4mmer l\u00e4ngden p\u00e5 race efter antal f\u00f6rare i teamet.\n<img class=\"alignnone size-full wp-image-3870\" src=\"http:\/\/media.husbilskungen.com\/2019\/01\/vi-syns-b-hallen-2.png\" alt=\"vi syns b-hallen (2)\" width=\"800\" height=\"800\" \/>\nLicens = Kunskap\u00a0 F\u00f6rs\u00e4kring = F\u00f6rs\u00e4kring\u00a0 \u00a0Detta rekommenderar vi och 30\/3 kommer vi ha en stor Licenskurs men vi vill kalla det utvecklingskurs f\u00f6r detta med utveckling \u00e4r n\u00e5got som aldrig blir inaktuellt.\u00a0 Best\u00e4ll en licenskurs till dig sj\u00e4lv och ta med din kompis 990 kronor f\u00f6r en hel dag p\u00e5 motorstadion med mycket k\u00f6rtid det \u00e4r vi stolta \u00f6ver att kunna erbjuda med sveriges elitf\u00f6rare och kursledare med m\u00e5ng\u00e5rig endurance t\u00e4vlande.\u00a0 \u00a0bokas p\u00e5 stec@stec.se.\nArbetet med nya hemsidan har startat och kommer ta n\u00e5gra veckor men det k\u00e4nns bra att kunna utveckla serien med diverse tekniska utvecklingar. Vi \u00f6nskar er alla nu en riktigt bra vecka och har du funderingar , tankar , fr\u00e5gor tveka inte stec@stec.se \u00e4r \u00f6ppen dygnet runt.\u00a0 \u00a02019 kalender <a href=\"http:\/\/www.stec.se\/anm%C3%A4lning-blankett-samt-tidsschema-35845618\">http:\/\/www.stec.se\/anm%C3%A4lning-blankett-samt-tidsschema-35845618<\/a>\u00a0 \u00a0Light kan ev f\u00e5 fler race p\u00e5 Bj\u00f6rkvik\n[gallery ids=\"3890,3891\" type=\"rectangular\"]\n&nbsp;","footnotes":""},"categories":[2],"tags":[],"class_list":["post-3882","post","type-post","status-publish","format-standard","has-post-thumbnail","hentry","category-okategoriserade"],"aioseo_notices":[],"_links":{"self":[{"href":"https:\/\/stec.se\/en\/wp-json\/wp\/v2\/posts\/3882","targetHints":{"allow":["GET"]}}],"collection":[{"href":"https:\/\/stec.se\/en\/wp-json\/wp\/v2\/posts"}],"about":[{"href":"https:\/\/stec.se\/en\/wp-json\/wp\/v2\/types\/post"}],"author":[{"embeddable":true,"href":"https:\/\/stec.se\/en\/wp-json\/wp\/v2\/users\/2"}],"replies":[{"embeddable":true,"href":"https:\/\/stec.se\/en\/wp-json\/wp\/v2\/comments?post=3882"}],"version-history":[{"count":0,"href":"https:\/\/stec.se\/en\/wp-json\/wp\/v2\/posts\/3882\/revisions"}],"wp:featuredmedia":[{"embeddable":true,"href":"https:\/\/stec.se\/en\/wp-json\/wp\/v2\/media\/3891"}],"wp:attachment":[{"href":"https:\/\/stec.se\/en\/wp-json\/wp\/v2\/media?parent=3882"}],"wp:term":[{"taxonomy":"category","embeddable":true,"href":"https:\/\/stec.se\/en\/wp-json\/wp\/v2\/categories?post=3882"},{"taxonomy":"post_tag","embeddable":true,"href":"https:\/\/stec.se\/en\/wp-json\/wp\/v2\/tags?post=3882"}],"curies":[{"name":"wp","href":"https:\/\/api.w.org\/{rel}","templated":true}]}}