{"id":3789,"date":"2018-11-25T18:47:39","date_gmt":"2018-11-25T17:47:39","guid":{"rendered":"http:\/\/stec.blog\/?p=3789"},"modified":"2018-11-25T18:47:39","modified_gmt":"2018-11-25T17:47:39","slug":"mandagsbloggen-med-inslag-av-baofeng-inslag-av-denver-rent-a-racing-car-malmomassan-och-9-10-februari","status":"publish","type":"post","link":"https:\/\/stec.se\/en\/mandagsbloggen-med-inslag-av-baofeng-inslag-av-denver-rent-a-racing-car-malmomassan-och-9-10-februari\/","title":{"rendered":"M\u00e5ndagsbloggen med inslag av Baofeng ?  Inslag av Denver ?Rent a Racing car ?  Malm\u00f6m\u00e4ssan och 9-10 Februari."},"content":{"rendered":"<p>&nbsp;<\/p>\n<h2><\/h2>\n<h2 style=\"text-align: center;\"><strong>STEC st\u00e4ller ut p\u00e5 Malm\u00f6m\u00e4ssan ?<\/strong><\/h2>\n<p>STEC s\u00e4songen p\u00e5g\u00e5r hela \u00e5ret runt f\u00f6r de som tror n\u00e5got annat.\u00a0 Marknadsf\u00f6ra Serien och de t\u00e4vlande \u00e4r n\u00e5got som hela tiden p\u00e5g\u00e5r f\u00f6r det \u00e4r viktigt d\u00e5 det hela tiden ramlar bort team som inte orkar k\u00f6ra en hel s\u00e4song.\u00a0 Oftast \u00e4r det Pengar som det stavas till och d\u00e4rf\u00f6r har STEC nu s\u00e4nkt priset inf\u00f6r 2019 till 3990 kronor f\u00f6r de f\u00f6rsta 5 racen och erbjuder b\u00e5de 2,4,6 timmars t\u00e4vlingar f\u00f6r att fler f\u00f6rare ska kunna f\u00e5 vara med.\u00a0 Att priset sjunker ist\u00e4llet f\u00f6r h\u00f6js beror p\u00e5 att vi f\u00e5r in fler f\u00f6rare i Serien och samverkan med Legend V-8 som kommer tillf\u00f6ra bilar p\u00e5 startplattan vilket gynnar alla inblandade. S\u00e5 2019 kommer STEC Motorsport kunna erbjuda Sveriges billigaste l\u00e5nglopp och Legend racing.\u00a0 \u00a0 \u00a0S\u00e5 att vi marknadsf\u00f6r oss p\u00e5 m\u00e4ssorna ligger helt i linjen med uppdraget att arrangera Svenska M\u00e4sterskapet i Endurance.\u00a0 Kom g\u00e4rna till Montern och prata om 2019.<br \/>\nBaofeng 888s ??\u00a0 \u00a0Vad \u00e4r detta f\u00f6r n\u00e5got och varf\u00f6r k\u00f6per STEC in s\u00e5dant till 2019<br \/>\n<img loading=\"lazy\" decoding=\"async\" class=\"alignnone size-full wp-image-3791\" src=\"http:\/\/media1.stec.se\/2018\/11\/baofeng.jpg\" alt=\"baofeng.JPG\" width=\"502\" height=\"751\" srcset=\"https:\/\/media1.stec.se\/2018\/11\/baofeng.jpg 502w, https:\/\/media1.stec.se\/2018\/11\/baofeng-201x300.jpg 201w\" sizes=\"auto, (max-width: 502px) 100vw, 502px\" \/><br \/>\nSTEC kommer nu inf\u00f6ra\u00a0 Radio kontakt med samtliga team inf\u00f6r 2019. Och detta f\u00f6r att h\u00e5lla en riktig h\u00f6g s\u00e4kerhetsklass inom STEC.\u00a0 \u00a0Det kommer g\u00e5 till s\u00e5 att alla bilar blir utrustade med en baofeng som monteras med eller utan h\u00f6rselsn\u00e4cka.\u00a0 Vissa av er team har redan radiokontakt och det \u00e4r s\u00e5 klart okey att ni anv\u00e4nder den \u00e4ven i framtiden utan detta skall ses som en \u00f6ppen radio d\u00e4r t\u00e4vlingsledaren kan direkt anropa samtliga team f\u00f6r\u00a0 code 60 , Pace car , Oljespill , Yellow Flagg , Red Flag , Fire ,\u00a0 Och ni f\u00f6rare kan anropa tillbaka vid emergency situations.\u00a0 \u00a0Absolut inget snack om d\u00e4cksbyte , f\u00f6rarbyten eller \u00e5sikter om teamkamrater eller funktion\u00e4rsinsatser. Utan bara vid varning f\u00f6r fara.\u00a0 \u00a0Detta s\u00e4kerhetsh\u00f6jning kostar inte ert team n\u00e5gonting utan kostnaderna hoppas vi kan betalas genom att fler team vill k\u00f6ra STEC.<br \/>\nS\u00e5 h\u00e4r kan det se ut fr\u00e5n serier som har \u00f6ppen radio<br \/>\nhttps:\/\/www.youtube.com\/watch?v=SOf6ZoNJfbc<br \/>\n<iframe loading=\"lazy\" width=\"1080\" height=\"608\" src=\"https:\/\/www.youtube.com\/embed\/OAuo6lQDUiw?feature=oembed\" frameborder=\"0\" allow=\"accelerometer; autoplay; encrypted-media; gyroscope; picture-in-picture\" allowfullscreen><\/iframe><br \/>\n<strong>Denver\u00a0 \u00a0Vad \u00e4r detta f\u00f6r nytt p\u00e5hitt ?\u00a0<\/strong><br \/>\nStec f\u00f6rs\u00f6ker ju hela tiden som vi ofta tjatar om den p\u00e5g\u00e5ende f\u00f6rb\u00e4ttringen inom Svensk Racing och nu kommer vi ed \u00e4nnu ett inslag som vi kallar Denver ? <img decoding=\"async\" class=\"alignnone size-full wp-image-3792\" src=\"http:\/\/media1.stec.se\/2018\/11\/denver.jpg\" alt=\"denver\" \/><br \/>\nDenver har vi nu k\u00f6pt in 30 stycken sk Dashcams in till serien 2019.\u00a0 Detta f\u00f6r 2 anledningar\u00a0 \u00a01 Det kommer kunna bli v\u00e4ldigt grymma filmer efter t\u00e4vlingarna som vi kommer kunna ha p\u00e5 Youtube och facebook mm som marknadsf\u00f6rning av STEC.\u00a0 Nummer 2\u00a0 Videogranskning vid f\u00f6rseelser som vi inte har kunnat avg\u00f6ra direkt ute p\u00e5 banan.\u00a0 \u00a0Mantorp \u00e4r \u00f6ver 3.200 meter l\u00e5ng\u00a0 8 stycken funktion\u00e4rer\u00a0 ute p\u00e5 banan och 1 i domartornet. Det finns inte en chans att vi kan syna av banan. Vi kommer ha 4-6 kameror ute och 30 stycken fr\u00e5n teamen. Vi kommer \u00e4nd\u00e5 missa men vi vill kunna erbjuda de aktiva teamen en s\u00e5 god \u00e4rlig r\u00e4ttvis bed\u00f6mning som m\u00f6jligt.\u00a0 \u00a0Och kommer kunna granska situationer i efterhand f\u00f6r att \u00f6ka proffsigheten och inte k\u00f6ra p\u00e5 den st\u00e4ndiga kommentaren &#8221; Det vi inte ser kan vi inte d\u00f6ma p\u00e5 &#8221;\u00a0 \u00a0Nu f\u00e5r vi \u00f6gon \u00e4ven fr\u00e5n ert perspektiv genom denna Denver modell.\u00a0 \u00a0Vi kommer f\u00f6rs\u00f6ka finansiera dessa kameror genom att erbjuda f\u00f6retag att synas med i filmerna med reklam och sprid g\u00e4rna detta. Det kostar blygsamma 6000 kronor plus moms f\u00f6r ett f\u00f6retag att synas p\u00e5 samtliga race 2019.\u00a0 \u00a0 be dem kontakt oss f\u00f6r detta.\u00a0 070-798 23 78.<br \/>\n<strong>Rent A Racing car 2019<\/strong><br \/>\nSTEC s\u00f6ker 6 f\u00f6rare inf\u00f6r 2019 eller f\u00f6retag som vill k\u00f6ra Audi. Konceptet bygger p\u00e5 att f\u00f6rarna g\u00e5r med i ett racing team d\u00e4r allt \u00e4r klart n\u00e4r man kommer till banan.<br \/>\nF\u00f6rst genomg\u00e5ng och f\u00f6rarindelning i detta 6 timmar l\u00e5nga race som ing\u00e5r i Svenska M\u00e4sterskapet i L\u00e5nglopp.<br \/>\n6 Timmar l\u00e5nga s\u00e5 6 f\u00f6rare beh\u00f6ver i varje team. prisbilden \u00e4r blygsamma 19,900 per f\u00f6rare f\u00f6r hela s\u00e4songen inklusive racing licens och f\u00f6rarcoachning. F\u00f6r mer info kika p\u00e5\u00a0<a href=\"https:\/\/stec.se\/en\/samarbetspartners\/sponsorer-samverkande-f%C3%B6retag-38455286\/?fbclid=IwAR0Tzt9rtYohY0XUVF98fky5dD0PiBtccZ0Pa6OIpeQBgjWoNQrHXsa15ug\" target=\"_blank\" rel=\"noopener nofollow\">http:\/\/www.stec.se\/\u2026\/s<span class=\"text_exposed_show\">ponsorer-samverkande-f%C3%B6retag-384\u2026<\/span><\/a><\/p>\n<div class=\"text_exposed_show\">V\u00e4lkommen till STEC 2019 dela g\u00e4rna till gasglada v\u00e4nner och snabbt till kvarn f\u00f6r det \u00e4r max 8 bilar kommande \u00e5r som f\u00e5r vara med i detta Rent a Racing car koncept. Audi A3 byggs bilarna p\u00e5\u00a0 6 F\u00f6rare per bil v\u00e4lkommen med ert email <a href=\"mailto:STEC@STEC.SE\">STEC@STEC.SE<\/a> g\u00e4rna med en motivering om varf\u00f6r just du ska f\u00e5 en plats i teamet<br \/>\n<img loading=\"lazy\" decoding=\"async\" class=\"alignnone size-full wp-image-3793\" src=\"http:\/\/media1.stec.se\/2018\/11\/yokohama-bil-21.png\" alt=\"yokohama bil 2.png\" width=\"1915\" height=\"1079\" srcset=\"https:\/\/media1.stec.se\/2018\/11\/yokohama-bil-21.png 1915w, https:\/\/media1.stec.se\/2018\/11\/yokohama-bil-21-300x169.png 300w, https:\/\/media1.stec.se\/2018\/11\/yokohama-bil-21-768x433.png 768w, https:\/\/media1.stec.se\/2018\/11\/yokohama-bil-21-1024x577.png 1024w, https:\/\/media1.stec.se\/2018\/11\/yokohama-bil-21-1080x609.png 1080w\" sizes=\"auto, (max-width: 1915px) 100vw, 1915px\" \/><br \/>\n<img loading=\"lazy\" decoding=\"async\" class=\"alignnone size-full wp-image-3794\" src=\"http:\/\/media1.stec.se\/2018\/11\/ahsell.png\" alt=\"ahsell.png\" width=\"1915\" height=\"1077\" srcset=\"https:\/\/media1.stec.se\/2018\/11\/ahsell.png 1915w, https:\/\/media1.stec.se\/2018\/11\/ahsell-300x169.png 300w, https:\/\/media1.stec.se\/2018\/11\/ahsell-768x432.png 768w, https:\/\/media1.stec.se\/2018\/11\/ahsell-1024x576.png 1024w, https:\/\/media1.stec.se\/2018\/11\/ahsell-1080x607.png 1080w\" sizes=\"auto, (max-width: 1915px) 100vw, 1915px\" \/><br \/>\nJuniorer 2019 Ta chansen att b\u00f6rja med bilsport inom STEC<br \/>\n<a href=\"https:\/\/stec.se\/en\/samarbetspartners\/stec-junior-satsningen-41015920\/\">http:\/\/www.stec.se\/samarbetspartners\/stec-junior-satsningen-41015920<\/a><br \/>\nDela bil med pappa morfar eller va med i juniorteamet.\u00a0 Vi kommer erbjuda ungdomstr\u00e4ningsdagar p\u00e5 Malmby och rena tjejteam.\u00a0 kan detta vara \u00e5rets julklapp till din racing intresserade ton\u00e5ring. l\u00e4s fundera best\u00e4ll.<br \/>\nSTEC 9-10 Februari V\u00e4rmland Torsby.<br \/>\nVi startar s\u00e4songen med isk\u00f6rning detta kommer bli riktigt kul att se STEC teamen sladda ute p\u00e5 V\u00e4rmlands isar.\u00a0 Vi k\u00f6r sprint str\u00e4ckor ungef\u00e4r som i Rally och har bokat boende i Torsby f\u00f6r 400 kronor per s\u00e4ng och natt.\u00a0 \u00a0Vill ni g\u00f6ra n\u00e5got kul i v\u00e4ntan p\u00e5 s\u00e4songen s\u00e5 kom och pr\u00f6va bilen p\u00e5 isen.\u00a0 \u00a0Licenskursen \u00f6ppnar den 30\/3 Sviestad och <a href=\"http:\/\/www.lms.se\">www.lms.se<\/a>\u00a0Men i v\u00e4ntan p\u00e5 asfalts\u00e4songen s\u00e5 pr\u00f6var vi lite annat ocks\u00e5.\u00a0 Vi k\u00f6r \u00e4ven race ihop med <a href=\"http:\/\/www.enkelbilsport.se\">www.enkelbilsport.se<\/a>\u00a0Det kan vi tipsa om f\u00f6r alla \u00e5ldrar och alla f\u00f6rkunskaper n\u00e4sta race g\u00e5r den 8 December hyr en bil eller k\u00f6r med egen och full k\u00f6rgl\u00e4dje garanteras bakom ratten.\u00a0 <a href=\"https:\/\/www.youtube.com\/watch?v=CQm06tnoG_g\">https:\/\/www.youtube.com\/watch?v=CQm06tnoG_g<\/a><br \/>\nNu \u00f6nskar vi er en riktigt bra vecka som inneh\u00e5ller \u00e4ven starten av December\u00a0 mindre \u00e4n 1 m\u00e5nad till julafton\u00a0 \u00a0k\u00f6p dina julklappar av oss p\u00e5 STEC\u00a0 med racing inslag \u00e4ven presentkort f\u00f6r 2019.<\/div>","protected":false},"excerpt":{"rendered":"<p>&nbsp; STEC st\u00e4ller ut p\u00e5 Malm\u00f6m\u00e4ssan ? STEC s\u00e4songen p\u00e5g\u00e5r hela \u00e5ret runt f\u00f6r de som tror n\u00e5got annat.\u00a0 Marknadsf\u00f6ra Serien och de t\u00e4vlande \u00e4r n\u00e5got som hela tiden p\u00e5g\u00e5r f\u00f6r det \u00e4r viktigt d\u00e5 det hela tiden ramlar bort team som inte orkar k\u00f6ra en hel s\u00e4song.\u00a0 Oftast \u00e4r det Pengar som det stavas [&hellip;]<\/p>\n","protected":false},"author":2,"featured_media":3790,"comment_status":"open","ping_status":"open","sticky":false,"template":"","format":"standard","meta":{"_et_pb_use_builder":"","_et_pb_old_content":"","footnotes":""},"categories":[2],"tags":[],"class_list":["post-3789","post","type-post","status-publish","format-standard","has-post-thumbnail","hentry","category-okategoriserade"],"aioseo_notices":[],"_links":{"self":[{"href":"https:\/\/stec.se\/en\/wp-json\/wp\/v2\/posts\/3789","targetHints":{"allow":["GET"]}}],"collection":[{"href":"https:\/\/stec.se\/en\/wp-json\/wp\/v2\/posts"}],"about":[{"href":"https:\/\/stec.se\/en\/wp-json\/wp\/v2\/types\/post"}],"author":[{"embeddable":true,"href":"https:\/\/stec.se\/en\/wp-json\/wp\/v2\/users\/2"}],"replies":[{"embeddable":true,"href":"https:\/\/stec.se\/en\/wp-json\/wp\/v2\/comments?post=3789"}],"version-history":[{"count":0,"href":"https:\/\/stec.se\/en\/wp-json\/wp\/v2\/posts\/3789\/revisions"}],"wp:featuredmedia":[{"embeddable":true,"href":"https:\/\/stec.se\/en\/wp-json\/wp\/v2\/media\/3790"}],"wp:attachment":[{"href":"https:\/\/stec.se\/en\/wp-json\/wp\/v2\/media?parent=3789"}],"wp:term":[{"taxonomy":"category","embeddable":true,"href":"https:\/\/stec.se\/en\/wp-json\/wp\/v2\/categories?post=3789"},{"taxonomy":"post_tag","embeddable":true,"href":"https:\/\/stec.se\/en\/wp-json\/wp\/v2\/tags?post=3789"}],"curies":[{"name":"wp","href":"https:\/\/api.w.org\/{rel}","templated":true}]}}