{"id":3321,"date":"2018-06-08T22:24:18","date_gmt":"2018-06-08T20:24:18","guid":{"rendered":"http:\/\/stec.blog\/?p=3321"},"modified":"2018-06-08T22:24:18","modified_gmt":"2018-06-08T20:24:18","slug":"16-17-juni-happy-racing","status":"publish","type":"post","link":"https:\/\/stec.se\/en\/16-17-juni-happy-racing\/","title":{"rendered":"16-17 Juni Happy Racing"},"content":{"rendered":"<p><img loading=\"lazy\" decoding=\"async\" class=\"alignnone size-full wp-image-3322\" src=\"http:\/\/media1.stec.se\/2018\/06\/happy.jpg\" alt=\"happy\" width=\"636\" height=\"382\" srcset=\"https:\/\/media1.stec.se\/2018\/06\/happy.jpg 636w, https:\/\/media1.stec.se\/2018\/06\/happy-300x180.jpg 300w\" sizes=\"auto, (max-width: 636px) 100vw, 636px\" \/><br \/>\nNu kommer inbjudan till Sviestad och vi har arbetat mycket f\u00f6r att det vi kallar st\u00e4ndigt f\u00f6rb\u00e4ttringsomr\u00e5de f\u00f6r ni t\u00e4vlande inom STEC\u00a0 ska gilla verksamheten.<br \/>\nBrandman kommer sitta oavsett 30 grader i tankdep\u00e5n\u00a0 och dels hj\u00e4lpa teamen men framf\u00f6r allt finnas som en trygghet om olyckan \u00e4r framme.\u00a0 Ge honom g\u00e4rna ber\u00f6m f\u00f6r han \u00e4r d\u00e4r av en enda anledning det \u00e4r f\u00f6r er aktivas skull.<br \/>\nBilb\u00e4rgning\u00a0 idag tecknade STEC ett avtal med killar fr\u00e5n Assistancek\u00e5ren\u00a0 som har en l\u00e5ng erfarenhet av att b\u00e4rga bilar och detta f\u00f6r att snabbare kunna f\u00e5 undan bilar med problem p\u00e5 banan.\u00a0 vi \u00e4r mycket glada f\u00f6r denna samverkan.<br \/>\nTeam Kummerling som vanligtvis t\u00e4vlar i Tyska ADAC serien kommer till Sverige och STEC. Detta \u00e4r mycket bra d\u00e5 vi f\u00e5r in internationell kompetens och Thomas kommer \u00e4ven hj\u00e4lpa till med vissa organisatoriska delar inf\u00f6r t\u00e4vlingen den 16 Juni.<br \/>\nDet \u00e4r massor med bilsport och student firande som sker nu och det ska bli bra med ett sommaruppeh\u00e5ll efter delt\u00e4vling 3.<br \/>\nJag kommer \u00e4ven ringa till er teamchefer under kommande vecka f\u00f6r att dels h\u00f6ra hur teamet m\u00e5r och framf\u00f6r allt lyssna av om det finns n\u00e5got som vi fr\u00e5n t\u00e4vlingsledningen ska fundera\u00a0 och t\u00e4nka om p\u00e5.<br \/>\nN\u00e5gra saker som kommer ske i sommar \u00e4r en ny hemsida d\u00e4r det nu k\u00e4nns r\u00f6rigt och s\u00e5 f\u00e5r det inte vara men vi byter i sommaruppeh\u00e5llet.<br \/>\nVi kommer \u00e4ven ta kontakt med en duktig s\u00e4ljare f\u00f6r att kunna hj\u00e4lpa oss med marknad f\u00f6r \u00e4ven om STEC fortfarande \u00e4r den billigaste serien att t\u00e4vla inom 2018. Men kostnaderna \u00e4r h\u00f6ga och nu har vi investerat mycket inom r\u00e4ddning men det var \u00e4r n\u00e5got som m\u00e5ste f\u00e5 kosta f\u00f6r f\u00f6rarnas \/ funktion\u00e4rernas s\u00e4kerhet\u00a0 \u00e4r viktig.\u00a0 S\u00e5 detta med ink\u00f6pt bla klipputrustning\u00a0 och nu till Sviestad \u00e4nnu en till Rescuebil g\u00f6r att STEC kan med h\u00f6g svansf\u00f6rning v\u00e4rna om s\u00e4kerheten och nu skall f\u00f6rarna och funktion\u00e4rernas skolas in s\u00e5 det inte blir diskussion om ex tankning.\u00a0 \u00a0Vi kommer ha utbildning f\u00f6r funktion\u00e4rer b\u00e5de Fredag och L\u00f6rdag kv\u00e4ll p\u00e5 Sviestad . Vi har nu \u00e4ven b\u00f6rjat hyra ut r\u00e4ddning s\u00e5 vi har varit p\u00e5 Rally , Dragracing\u00a0 med personalen vilket \u00e4r kul att fler arrang\u00f6rer gillar detta.<br \/>\n<img loading=\"lazy\" decoding=\"async\" class=\"alignnone size-full wp-image-3323\" src=\"http:\/\/media1.stec.se\/2018\/06\/golf.jpg\" alt=\"golf\" width=\"729\" height=\"425\" srcset=\"https:\/\/media1.stec.se\/2018\/06\/golf.jpg 729w, https:\/\/media1.stec.se\/2018\/06\/golf-300x175.jpg 300w\" sizes=\"auto, (max-width: 729px) 100vw, 729px\" \/><br \/>\nBilden fr\u00e5n ADAC Germany.<br \/>\nSTEC vill ocks\u00e5 \u00f6nska alla team t\u00e4vlande en riktigt sk\u00f6n helg\u00a0 och Viking Line g\u00e5r in som sponsor\u00a0 inf\u00f6r Sviestad\u00a0 s\u00e5 alla t\u00e4vlande team \/ Funktion\u00e4rer publik kommer erh\u00e5lla presentkort p\u00e5 kryssningar i sommar.\u00a0 Tack Viking Line f\u00f6r den gesten.<br \/>\nKommer finnas i restaurangen som Sviestad driver sj\u00e4lva under helgen.<br \/>\nF\u00f6r de team som \u00f6nskar s\u00e5 rullar vi in p\u00e5 omr\u00e5det 18,00 p\u00e5 Fredag och med de orden vill jag s\u00e4ga stort lycka till kommande helg\u00a0 mvh Hasse T\u00e4vlingsledaren 16+17 Juni<br \/>\nTider och L\u00e4nkar<br \/>\n<a href=\"https:\/\/stec.se\/en\/anm%C3%A4lning-blankett-samt-tidsschema-35845618\/\">http:\/\/www.stec.se\/anm%C3%A4lning-blankett-samt-tidsschema-35845618<\/a><br \/>\nAnm\u00e4lan<br \/>\n<a href=\"https:\/\/simplesignup.se\/event\/130563\">https:\/\/simplesignup.se\/event\/130563<\/a><br \/>\nBaninformation<br \/>\n<a href=\"http:\/\/lms.se\/\">http:\/\/lms.se\/<\/a><br \/>\nTidigare race p\u00e5 banan<br \/>\n<iframe loading=\"lazy\" width=\"1080\" height=\"608\" src=\"https:\/\/www.youtube.com\/embed\/EPDEQOkDxBU?start=53&#038;feature=oembed\" frameborder=\"0\" allow=\"accelerometer; autoplay; encrypted-media; gyroscope; picture-in-picture\" allowfullscreen><\/iframe><br \/>\n<iframe loading=\"lazy\" width=\"1080\" height=\"608\" src=\"https:\/\/www.youtube.com\/embed\/-Rt5sWD5lWc?start=67&#038;feature=oembed\" frameborder=\"0\" allow=\"accelerometer; autoplay; encrypted-media; gyroscope; picture-in-picture\" allowfullscreen><\/iframe><br \/>\n<iframe loading=\"lazy\" width=\"1080\" height=\"608\" src=\"https:\/\/www.youtube.com\/embed\/RvpfwNp7GPo?feature=oembed\" frameborder=\"0\" allow=\"accelerometer; autoplay; encrypted-media; gyroscope; picture-in-picture\" allowfullscreen><\/iframe><br \/>\n( Pelle fotografen ) Sandberg kommer till start med sin fina Volvo S 60\u00a0 \u00e5rsdebut.\u00a0 )<br \/>\n&nbsp;<br \/>\n&nbsp;<\/p>","protected":false},"excerpt":{"rendered":"<p>Nu kommer inbjudan till Sviestad och vi har arbetat mycket f\u00f6r att det vi kallar st\u00e4ndigt f\u00f6rb\u00e4ttringsomr\u00e5de f\u00f6r ni t\u00e4vlande inom STEC\u00a0 ska gilla verksamheten. Brandman kommer sitta oavsett 30 grader i tankdep\u00e5n\u00a0 och dels hj\u00e4lpa teamen men framf\u00f6r allt finnas som en trygghet om olyckan \u00e4r framme.\u00a0 Ge honom g\u00e4rna ber\u00f6m f\u00f6r han \u00e4r [&hellip;]<\/p>\n","protected":false},"author":2,"featured_media":0,"comment_status":"open","ping_status":"open","sticky":false,"template":"","format":"standard","meta":{"_et_pb_use_builder":"","_et_pb_old_content":"","footnotes":""},"categories":[2],"tags":[],"class_list":["post-3321","post","type-post","status-publish","format-standard","hentry","category-okategoriserade"],"aioseo_notices":[],"_links":{"self":[{"href":"https:\/\/stec.se\/en\/wp-json\/wp\/v2\/posts\/3321","targetHints":{"allow":["GET"]}}],"collection":[{"href":"https:\/\/stec.se\/en\/wp-json\/wp\/v2\/posts"}],"about":[{"href":"https:\/\/stec.se\/en\/wp-json\/wp\/v2\/types\/post"}],"author":[{"embeddable":true,"href":"https:\/\/stec.se\/en\/wp-json\/wp\/v2\/users\/2"}],"replies":[{"embeddable":true,"href":"https:\/\/stec.se\/en\/wp-json\/wp\/v2\/comments?post=3321"}],"version-history":[{"count":0,"href":"https:\/\/stec.se\/en\/wp-json\/wp\/v2\/posts\/3321\/revisions"}],"wp:attachment":[{"href":"https:\/\/stec.se\/en\/wp-json\/wp\/v2\/media?parent=3321"}],"wp:term":[{"taxonomy":"category","embeddable":true,"href":"https:\/\/stec.se\/en\/wp-json\/wp\/v2\/categories?post=3321"},{"taxonomy":"post_tag","embeddable":true,"href":"https:\/\/stec.se\/en\/wp-json\/wp\/v2\/tags?post=3321"}],"curies":[{"name":"wp","href":"https:\/\/api.w.org\/{rel}","templated":true}]}}