{"id":3313,"date":"2018-06-04T00:37:05","date_gmt":"2018-06-03T22:37:05","guid":{"rendered":"http:\/\/stec.blog\/?p=3313"},"modified":"2018-06-04T00:37:05","modified_gmt":"2018-06-03T22:37:05","slug":"resultaten-ar-utlagda","status":"publish","type":"post","link":"https:\/\/stec.se\/en\/resultaten-ar-utlagda\/","title":{"rendered":"Resultaten \u00e4r utlagda"},"content":{"rendered":"<p><img loading=\"lazy\" decoding=\"async\" class=\"alignnone size-full wp-image-3314\" src=\"http:\/\/media1.stec.se\/2018\/06\/bana1.jpg\" alt=\"bana1\" width=\"274\" height=\"184\" \/><br \/>\n&nbsp;<br \/>\nNu redan dagen efter precis som \u00e4r v\u00e5r ambition ligger resultaten utlagda\u00a0 med varvtider osv\u00a0 \u00a0Nu laddar vi stenh\u00e5rt f\u00f6r den 16-17 Juni<br \/>\nJag vill tacka alla som varit med denna helg och beklagar verkligen att det blev tidstight p\u00e5 Mantorp.<br \/>\n<a href=\"https:\/\/stec.se\/en\/resultat-varvtider-37510004\/\">http:\/\/www.stec.se\/resultat-varvtider-37510004<\/a><br \/>\nJag har f\u00f6rst\u00e5tt att 7 Timmar \u00e4r inte vad man vill k\u00f6ra vilket var min spontana reaktion\u00a0 efter racet som blev kort.\u00a0 Men jag vill ni som anser att ni inte fick valuta f\u00f6r 6 timmars k\u00f6rtid i L\u00f6rdags kan Vi bjuda p\u00e5 lunch till f\u00f6rarna p\u00e5 Sviestad den 16 Juni f\u00f6r Jag som ordf\u00f6rande i klubben ser er b\u00e5de som flera av er privata v\u00e4nner men \u00e4ven som kunder till STEC d\u00e5 vi har samma bilsportintresse.\u00a0 S\u00e5 k\u00e4nns det okey att STEC bjuder f\u00f6rarna p\u00e5 lunch den 16 Juni s\u00e5 g\u00f6r vi g\u00e4rna det i restaurangen\u00a0 p\u00e5 Sviestad\u00a0 h\u00f6r av er till mig p\u00e5 stec@stec.se\u00a0 s\u00e5 fixar vi detta .\u00a0 \u00a0 Mvh Hasse\u00a0 som ej kunde vara med p\u00e5 plats denna g\u00e5ng\u00a0 Jag hoppas vi ses p\u00e5 Svietad\u00a0 \u00a0allt finns p\u00e5 hemsidan<br \/>\n&nbsp;<br \/>\n&nbsp;<br \/>\n&nbsp;<br \/>\n&nbsp;<\/p>","protected":false},"excerpt":{"rendered":"<p>&nbsp; Nu redan dagen efter precis som \u00e4r v\u00e5r ambition ligger resultaten utlagda\u00a0 med varvtider osv\u00a0 \u00a0Nu laddar vi stenh\u00e5rt f\u00f6r den 16-17 Juni Jag vill tacka alla som varit med denna helg och beklagar verkligen att det blev tidstight p\u00e5 Mantorp. http:\/\/www.stec.se\/resultat-varvtider-37510004 Jag har f\u00f6rst\u00e5tt att 7 Timmar \u00e4r inte vad man vill k\u00f6ra [&hellip;]<\/p>\n","protected":false},"author":2,"featured_media":0,"comment_status":"open","ping_status":"open","sticky":false,"template":"","format":"standard","meta":{"_et_pb_use_builder":"","_et_pb_old_content":"","footnotes":""},"categories":[2],"tags":[],"class_list":["post-3313","post","type-post","status-publish","format-standard","hentry","category-okategoriserade"],"aioseo_notices":[],"_links":{"self":[{"href":"https:\/\/stec.se\/en\/wp-json\/wp\/v2\/posts\/3313","targetHints":{"allow":["GET"]}}],"collection":[{"href":"https:\/\/stec.se\/en\/wp-json\/wp\/v2\/posts"}],"about":[{"href":"https:\/\/stec.se\/en\/wp-json\/wp\/v2\/types\/post"}],"author":[{"embeddable":true,"href":"https:\/\/stec.se\/en\/wp-json\/wp\/v2\/users\/2"}],"replies":[{"embeddable":true,"href":"https:\/\/stec.se\/en\/wp-json\/wp\/v2\/comments?post=3313"}],"version-history":[{"count":0,"href":"https:\/\/stec.se\/en\/wp-json\/wp\/v2\/posts\/3313\/revisions"}],"wp:attachment":[{"href":"https:\/\/stec.se\/en\/wp-json\/wp\/v2\/media?parent=3313"}],"wp:term":[{"taxonomy":"category","embeddable":true,"href":"https:\/\/stec.se\/en\/wp-json\/wp\/v2\/categories?post=3313"},{"taxonomy":"post_tag","embeddable":true,"href":"https:\/\/stec.se\/en\/wp-json\/wp\/v2\/tags?post=3313"}],"curies":[{"name":"wp","href":"https:\/\/api.w.org\/{rel}","templated":true}]}}