{"id":3245,"date":"2018-03-31T00:31:51","date_gmt":"2018-03-30T22:31:51","guid":{"rendered":"http:\/\/stec.blog\/?p=3245"},"modified":"2018-03-31T00:31:51","modified_gmt":"2018-03-30T22:31:51","slug":"snart-ar-det-dags-har-kommer-lite-reminders","status":"publish","type":"post","link":"https:\/\/stec.se\/en\/snart-ar-det-dags-har-kommer-lite-reminders\/","title":{"rendered":"Snart \u00e4r det dags h\u00e4r kommer lite    &#8221; Reminders&#8221;"},"content":{"rendered":"<p><strong>Snart \u00e4r det dags och klockan har b\u00f6rjar r\u00e4kna ner .\u00a0 \u00a0 \u00a0Kika g\u00e4rna igenom dessa sm\u00e5 youtube flikar\u00a0 och framf\u00f6r allt har ni \u00e4nnu inte bokat boxplats , startanm\u00e4lan osv s\u00e5 \u00e4r det mycket h\u00f6g tid\u00a0 och idag hade vi snack ned SM segrarna p\u00e5 Elmia i Klass 1\u00a0 som k\u00e4ndes mycket laddade\u00a0 Team 1 kommer g\u00f6ra allt f\u00f6r att f\u00f6rsvara sin titel 2018.\u00a0<\/strong><br \/>\nBra filmklipp\u00a0 och mina stalltips \u00e4r att i Endurance \u00e4r<br \/>\n1\u00a0 &#8221;Motorbromsen&#8221; min b\u00e4sta v\u00e4n?\u00a0 Alldeles f\u00f6r m\u00e5nga team f\u00e5r bromsproblem egentligen i on\u00f6dan s\u00e5 bli kompis med motorbromsen.<br \/>\n2\u00a0 \u00a0&#8221;Sightseeing\u00a0 laps&#8221; ? N\u00e4r ni \u00e5ker ut p\u00e5 banan nu 2018 s\u00e5 k\u00f6r n\u00e5gra varv \u00e4r den lika sen f\u00f6rra g\u00e5ngen ?\u00a0 Har STEC\u00a0 gjort n\u00e5got p\u00e5 banan?\u00a0 \u00a0koner f\u00f6r asfaltsskador , chikaner\u00a0 eller n\u00e5got annat l\u00e5t \u00e4ven f\u00e5 tempen i d\u00e4cken speciellt nu n\u00e4r det \u00e4r kallt ute ingen tycker det \u00e4r sp\u00e4nnande med team som k\u00f6r av och orsakar pace cars situationer under Warm up laps.\u00a0 S\u00e5 ta det cool finn din Apex\u00a0 och Raceline s\u00e5 kommer det g\u00e5 perfekt och det \u00e4r inget fel att g\u00e5 banan som morgon runda.<br \/>\n3 &#8221;De 5 FFFFF&#8221;\u00a0 mycket viktigt inom Racing och \u00e4nnu viktigare n\u00e4r vi pratar l\u00e5nglopp. 5 F st\u00e5r f\u00f6r Fokus\u00a0 Fokus\u00a0 Fokus F\u00f6r Fan. Kom inte utan planering utan g\u00f6r en checklista.\u00a0 Har vi med oss milj\u00f6matta , Brandsl\u00e4ckare , verktygen\u00a0 elsladdar osv? Har vi printat ut och fyllt i\u00a0 t\u00e4vlingsanm\u00e4lan\u00a0 , Teamchefs underskrift\u00a0 etc\u00a0 finns h\u00e4r <a href=\"https:\/\/stec.se\/en\/anm%C3%A4lning-blankett-samt-tidsschema-35845618\/\">click\u00a0<\/a>\u00a0 STEC har nu haft 2 \u00e5r av ink\u00f6rning\u00a0 nu m\u00e5ste det b\u00f6rja sitta.\u00a0 \u00a0Har teamet bokat sovplats , boxplats , str\u00f6m , transponder\u00a0 , D\u00e4ck , matkuponger ?\u00a0 \u00a0STEC f\u00f6rs\u00f6ker hj\u00e4lpa alla t\u00e4vlande men nu \u00e4r det\u00a0 knappt 8 dagar kvar och tiden \u00e4r v\u00e5r v\u00e4rsta fiende n\u00e4r det g\u00e4ller racing.\u00a0 \u00a0 \u00a0Nu \u00e4r det dags\u00a0 1 April h\u00f6js priset p\u00e5 startanm\u00e4lan\u00a0 3 team har bokat box ???\u00a0 \u00a0Jag vet att det kommer vara skitkallt p\u00e5 Mantorp Park den 7-8 April\u00a0 S\u00e5 ett sista stalltips\u00a0 boka boxplats.<br \/>\nall bokning sker h\u00e4r eller fakturering\u00a0 <a href=\"https:\/\/simplesignup.se\/event\/102672-stec-2018-6-timmars\">boka online\u00a0<\/a>\u00a0 <a href=\"mailto:stec@stec.se\">email\u00a0<\/a>\u00a0 Ring helst inte d\u00e5 jag \u00e4r nu inne i bubblan av de 5 FFFFF\u00a0 \u00a0 Och jag vill alla ska f\u00e5 en riktigt bra premi\u00e4r s\u00e5 ta allt i v\u00e4lmening f\u00f6r jag har sj\u00e4lv kommit till t\u00e4vlingsbanan\u00a0 utan bensindunkarna ,\u00a0 racing handskarna ,\u00a0 utan extra t\u00e4ndstift etc<br \/>\nLite skvaller\u00a0 fr\u00e5n bilsportsm\u00e4ssan\u00a0 mycket meriterande teamet bokande in sig idag med Teamchef\u00a0 Anders Fridh\u00a0 mycket gl\u00e4djande att det teamet v\u00e4ljer STEC\u00a0 Ni som vet om Svensk Endurance\u00a0 vet vem Anders \u00e4r\u00a0 Vet ni inte vem det \u00e4r kommer veta det efter m\u00e5lg\u00e5ng den 8 April. Teamet st\u00e4ller upp i klass 2\u00a0 och fr\u00e5gade lite om Team 1 har sakerna i ordning f\u00f6r det kommer bli \u00e5ka av.<br \/>\nTeam Beattle med Robban som teamchef\u00a0 fr\u00e5n Uppsala skvallret g\u00e5r att de i skrivande stund \u00e4r i Tyskland och h\u00e4mtar hem den nya t\u00e4vlingsbilen som tidigare k\u00f6rt 24 timmars loppen i det gr\u00f6na helvetet.<br \/>\nPorsche klubbens ordf\u00f6rande Mr Dannefalk\u00a0 kom till montern idag och pratade och imponerades av STEC\u00a0 15 meter l\u00e5nga monter.\u00a0 Racing Porschen st\u00e5r klar i garaget vill han l\u00e5ta er h\u00e4lsa.\u00a0 \u00a0 2 Team som tidigare k\u00f6rt NSHC\u00a0 och ledsnat p\u00e5 de sm\u00e5 startf\u00e4lten kom ocks\u00e5 f\u00f6rbi och var nyfikna p\u00e5 ett seriebyte.\u00a0 \u00a0Nej nu blev klockan \u00f6ver Midnatt igen.\u00a0 \u00a0 Hej p\u00e5 er mvh Hasse<br \/>\n<iframe loading=\"lazy\" width=\"1080\" height=\"608\" src=\"https:\/\/www.youtube.com\/embed\/tlJai8hlRkc?feature=oembed\" frameborder=\"0\" allow=\"accelerometer; autoplay; encrypted-media; gyroscope; picture-in-picture\" allowfullscreen><\/iframe><br \/>\n<iframe loading=\"lazy\" width=\"1080\" height=\"608\" src=\"https:\/\/www.youtube.com\/embed\/JAS1F3dWTYk?feature=oembed\" frameborder=\"0\" allow=\"accelerometer; autoplay; encrypted-media; gyroscope; picture-in-picture\" allowfullscreen><\/iframe><br \/>\n<iframe loading=\"lazy\" width=\"1080\" height=\"608\" src=\"https:\/\/www.youtube.com\/embed\/unL7MAiXdXM?feature=oembed\" frameborder=\"0\" allow=\"accelerometer; autoplay; encrypted-media; gyroscope; picture-in-picture\" allowfullscreen><\/iframe><br \/>\n<img loading=\"lazy\" decoding=\"async\" class=\"alignnone size-full wp-image-3246\" src=\"http:\/\/media1.stec.se\/2018\/03\/bredd.jpg\" alt=\"bredd\" width=\"180\" height=\"255\" \/><br \/>\n&nbsp;<br \/>\n&nbsp;<br \/>\n&nbsp;<\/p>","protected":false},"excerpt":{"rendered":"<p>Snart \u00e4r det dags och klockan har b\u00f6rjar r\u00e4kna ner .\u00a0 \u00a0 \u00a0Kika g\u00e4rna igenom dessa sm\u00e5 youtube flikar\u00a0 och framf\u00f6r allt har ni \u00e4nnu inte bokat boxplats , startanm\u00e4lan osv s\u00e5 \u00e4r det mycket h\u00f6g tid\u00a0 och idag hade vi snack ned SM segrarna p\u00e5 Elmia i Klass 1\u00a0 som k\u00e4ndes mycket laddade\u00a0 Team [&hellip;]<\/p>\n","protected":false},"author":2,"featured_media":0,"comment_status":"open","ping_status":"open","sticky":false,"template":"","format":"standard","meta":{"_et_pb_use_builder":"","_et_pb_old_content":"","footnotes":""},"categories":[2],"tags":[],"class_list":["post-3245","post","type-post","status-publish","format-standard","hentry","category-okategoriserade"],"aioseo_notices":[],"_links":{"self":[{"href":"https:\/\/stec.se\/en\/wp-json\/wp\/v2\/posts\/3245","targetHints":{"allow":["GET"]}}],"collection":[{"href":"https:\/\/stec.se\/en\/wp-json\/wp\/v2\/posts"}],"about":[{"href":"https:\/\/stec.se\/en\/wp-json\/wp\/v2\/types\/post"}],"author":[{"embeddable":true,"href":"https:\/\/stec.se\/en\/wp-json\/wp\/v2\/users\/2"}],"replies":[{"embeddable":true,"href":"https:\/\/stec.se\/en\/wp-json\/wp\/v2\/comments?post=3245"}],"version-history":[{"count":0,"href":"https:\/\/stec.se\/en\/wp-json\/wp\/v2\/posts\/3245\/revisions"}],"wp:attachment":[{"href":"https:\/\/stec.se\/en\/wp-json\/wp\/v2\/media?parent=3245"}],"wp:term":[{"taxonomy":"category","embeddable":true,"href":"https:\/\/stec.se\/en\/wp-json\/wp\/v2\/categories?post=3245"},{"taxonomy":"post_tag","embeddable":true,"href":"https:\/\/stec.se\/en\/wp-json\/wp\/v2\/tags?post=3245"}],"curies":[{"name":"wp","href":"https:\/\/api.w.org\/{rel}","templated":true}]}}