{"id":3114,"date":"2018-01-16T23:01:22","date_gmt":"2018-01-16T22:01:22","guid":{"rendered":"http:\/\/stec.blog\/?p=3114"},"modified":"2018-01-16T23:01:22","modified_gmt":"2018-01-16T22:01:22","slug":"talt-snostorm-e-racing-gt-open-hur-hanger-detta-ihop","status":"publish","type":"post","link":"https:\/\/stec.se\/en\/talt-snostorm-e-racing-gt-open-hur-hanger-detta-ihop\/","title":{"rendered":"T\u00e4lt , Sn\u00f6storm , E Racing , GT Open  hur h\u00e4nger detta ihop ?"},"content":{"rendered":"<p><img loading=\"lazy\" decoding=\"async\" class=\"alignnone size-full wp-image-3115\" src=\"http:\/\/media1.stec.se\/2018\/01\/gt-open.jpg\" alt=\"gt open\" width=\"1697\" height=\"1478\" srcset=\"https:\/\/media1.stec.se\/2018\/01\/gt-open.jpg 1697w, https:\/\/media1.stec.se\/2018\/01\/gt-open-300x261.jpg 300w, https:\/\/media1.stec.se\/2018\/01\/gt-open-768x669.jpg 768w, https:\/\/media1.stec.se\/2018\/01\/gt-open-1024x892.jpg 1024w, https:\/\/media1.stec.se\/2018\/01\/gt-open-1080x941.jpg 1080w\" sizes=\"auto, (max-width: 1697px) 100vw, 1697px\" \/><br \/>\nVad \u00e4r stec GT Open vi f\u00e5r fr\u00e5gor och kanske en f\u00f6rklaring kan vara p\u00e5 sin plats.<br \/>\nSTEC Endurance \u00e4r 6 timmar h\u00e5rd racing med en stor p\u00e5frestning b\u00e5de f\u00f6r f\u00f6rare och fordon. \u00a0och teamen \u00e4r ofta 3-6 f\u00f6rare. \u00a0 GT Open \u00e4r inte heller en l\u00e4tt t\u00e4vlingsform men jag tror det \u00e4r en mycket bra klass f\u00f6r f\u00f6rare som \u00e4r 1-2 f\u00f6rare och som gillar och klarar l\u00e5nga k\u00f6rningar. \u00a0 T\u00e4vlingarna har samma tekniska regelverk som \u00f6vriga STEC men k\u00f6r kortare race 60-120 minuters lopp.<br \/>\nIbland k\u00f6r de samtidigt som <a href=\"http:\/\/www.bavariaracing.se\">www.bavariaracing.se<\/a> och ibland med stec kalender finns uppe\u00a0\u00a0\u00a0<a href=\"https:\/\/stec.se\/en\/stec-gt-open-35952059\/\">Click<\/a>\u00a0och detta kan ocks\u00e5 vara ett komplement till de team som vill testa och utv\u00e4rdera sin bil efter exempelvis uppdateringar eller motorbyten osv. \u00a0Tycker ni detta verkar sp\u00e4nnande s\u00e5 skriv en intresse anm\u00e4lan ej bindande till oss p\u00e5 <a href=\"mailto:stec@stec.se\">email\u00a0<\/a><br \/>\n<img loading=\"lazy\" decoding=\"async\" class=\"alignnone size-full wp-image-3116\" src=\"http:\/\/media1.stec.se\/2018\/01\/master-tent.jpg\" alt=\"master tent\" width=\"1046\" height=\"589\" srcset=\"https:\/\/media1.stec.se\/2018\/01\/master-tent.jpg 1046w, https:\/\/media1.stec.se\/2018\/01\/master-tent-300x169.jpg 300w, https:\/\/media1.stec.se\/2018\/01\/master-tent-768x432.jpg 768w, https:\/\/media1.stec.se\/2018\/01\/master-tent-1024x577.jpg 1024w\" sizes=\"auto, (max-width: 1046px) 100vw, 1046px\" \/><br \/>\nSTEC \u00e4r glada \u00f6ver det samarbete som vi skapar ihop med Mastertent. \u00a0Hur m\u00e5nga g\u00e5nger har man inte svurit \u00f6ver att man st\u00e5tt i bl\u00f6tan eller att bl\u00e5sten tagit det billiga skit \u00d6B t\u00e4ltet eller biltema som man tyckte var en s\u00e5 bra ide f\u00f6r 599 kronor och h\u00f6ll 1 t\u00e4vling. \u00a0Med Mastertent kommer alla inom STEC kunna k\u00f6pa dessa proffst\u00e4lt till ett riktigt bra pris. \u00a0Vi kommer visa upp detta p\u00e5 \u00e5rsm\u00f6tet den 18 Februari s\u00e5 ett tips k\u00f6p inget nu utan best\u00e4ll det med grym rabatt direkt fr\u00e5n STEC.<br \/>\n<img loading=\"lazy\" decoding=\"async\" class=\"alignnone size-full wp-image-3117\" src=\"http:\/\/media1.stec.se\/2018\/01\/felix.jpg\" alt=\"felix\" width=\"950\" height=\"600\" srcset=\"https:\/\/media1.stec.se\/2018\/01\/felix.jpg 950w, https:\/\/media1.stec.se\/2018\/01\/felix-300x189.jpg 300w, https:\/\/media1.stec.se\/2018\/01\/felix-768x485.jpg 768w\" sizes=\"auto, (max-width: 950px) 100vw, 950px\" \/><br \/>\nFelix Rosenqvist denna grymma Sm\u00e5l\u00e4nning vinner i Marrakech och det \u00e4r otroligt kul n\u00e4r Svensk bilsport vinner segrar oavsett vilken bilsportgren. \u00a0Jag var nere i Marrakech och studerade detta p\u00e5 plats och vill de sig v\u00e4l s\u00e5 kommer STEC \u00a0travel g\u00e4nget att arrangera en resa 2019 till Marrakech i Januari mer om detta n\u00e4r kalendern ligger fast men detta gav verkligen mersmak att se detta p\u00e5 plats utan h\u00f6rselk\u00e5por.<br \/>\n<img loading=\"lazy\" decoding=\"async\" class=\"alignnone size-full wp-image-3118\" src=\"http:\/\/media1.stec.se\/2018\/01\/snc3b6storm.jpg\" alt=\"sn\u00f6storm\" width=\"992\" height=\"558\" srcset=\"https:\/\/media1.stec.se\/2018\/01\/snc3b6storm.jpg 992w, https:\/\/media1.stec.se\/2018\/01\/snc3b6storm-300x169.jpg 300w, https:\/\/media1.stec.se\/2018\/01\/snc3b6storm-768x432.jpg 768w\" sizes=\"auto, (max-width: 992px) 100vw, 992px\" \/><br \/>\nSn\u00f6storm ute d\u00e5 bjuder vi p\u00e5 n\u00e5gra filmtips som v\u00e4rmer bilsporthj\u00e4rtat.<br \/>\nSvenska filmer<br \/>\n<a href=\"https:\/\/www.youtube.com\/watch?v=nyGfQiZm1DY&amp;t=292s\">click\u00a0<\/a>\u00a0 \u00a0 \u00a0 <a href=\"https:\/\/www.youtube.com\/watch?v=-Rt5sWD5lWc\">click\u00a0<\/a>\u00a0 \u00a0<a href=\"https:\/\/www.youtube.com\/watch?v=7g1LciKqqBU\">click<\/a><br \/>\n3 grymma f\u00f6rare.<br \/>\n<a href=\"https:\/\/www.youtube.com\/watch?v=Bdb_-cjZbyo\">klicka. <\/a>\u00a0 <a href=\"https:\/\/www.youtube.com\/watch?v=AzDMMj0Dmj0\">klicka. <\/a>\u00a0<a href=\"https:\/\/www.youtube.com\/watch?v=KJXJ5BBf5Mg\">klicka.\u00a0<\/a><br \/>\nSista nyheten i veckans Blogg<br \/>\n1 Klart att STEC k\u00f6r Gotland Ring 22-23 September 2018. \u00a0mer info kommer<br \/>\n2 Klart att STEC kommer ha monter p\u00e5 bilsportsm\u00e4ssan p\u00e5 Elmia p\u00e5sken.<br \/>\n3 \u00a0Klart att STEC har alla f\u00f6ruts\u00e4ttningar till en mycket bra 2018 s\u00e4song \u00a0V\u00e4lkommen och bidra med ditt engagemang , kunskap , kontaktn\u00e4t osv Vi g\u00f6r detta bra ihop &#8230;<br \/>\nkontakta oss g\u00e4rna med det du k\u00e4nner \u00e4r viktigt inf\u00f6r s\u00e4songen f\u00f6r vi vill alla detta ska bli bra och best\u00e4ll ert \u00e5rskort Januari ut f\u00f6r 24,000 \u00a0alla t\u00e4vlingar inkluderade \u00a0och vill ni k\u00f6ra p\u00e5 is ta kontakt med <a href=\"http:\/\/www.enkelbilsport.se\">www.enkelbilsport.se<\/a>. Och tipsa g\u00e4rna era v\u00e4nner om STEC \u00a0och \u00e4r de nya t\u00e4vlande skicka dem till Light serien d\u00e4r l\u00e4gger vi grunden f\u00f6r ett bra t\u00e4vlande och har de ingen bil s\u00e5 var med i STEC Women team om de \u00e4r tjejer ,ungdomar<br \/>\n<a href=\"https:\/\/stec.se\/en\/tjejracing-38546093\/\">klicka alla tjejer\u00a0<\/a>\u00a0 \u00a0 <a href=\"https:\/\/stec.se\/en\/ungdomsprojekt-38455286\/\">klicka alla ungdomar\u00a0<\/a>\u00a0 <a href=\"https:\/\/stec.se\/en\/hyrbilsteam-38131208\/\">Klicka alla andra\u00a0<\/a><br \/>\n&nbsp;<br \/>\n<img loading=\"lazy\" decoding=\"async\" class=\"alignnone size-full wp-image-2697\" src=\"http:\/\/media1.stec.se\/2017\/10\/roll-up.jpg\" alt=\"roll up\" width=\"180\" height=\"255\" \/><img loading=\"lazy\" decoding=\"async\" class=\"alignnone size-full wp-image-1568\" src=\"http:\/\/media1.stec.se\/2017\/07\/stec-1.png\" alt=\"stec 1\" width=\"1683\" height=\"361\" srcset=\"https:\/\/media1.stec.se\/2017\/07\/stec-1.png 1683w, https:\/\/media1.stec.se\/2017\/07\/stec-1-300x64.png 300w, https:\/\/media1.stec.se\/2017\/07\/stec-1-768x165.png 768w, https:\/\/media1.stec.se\/2017\/07\/stec-1-1024x220.png 1024w, https:\/\/media1.stec.se\/2017\/07\/stec-1-1080x232.png 1080w\" sizes=\"auto, (max-width: 1683px) 100vw, 1683px\" \/><img loading=\"lazy\" decoding=\"async\" class=\"alignnone size-full wp-image-514\" src=\"http:\/\/media1.stec.se\/2017\/04\/elmia-3.jpg\" alt=\"elmia 3\" width=\"960\" height=\"720\" srcset=\"https:\/\/media1.stec.se\/2017\/04\/elmia-3.jpg 960w, https:\/\/media1.stec.se\/2017\/04\/elmia-3-300x225.jpg 300w, https:\/\/media1.stec.se\/2017\/04\/elmia-3-768x576.jpg 768w, https:\/\/media1.stec.se\/2017\/04\/elmia-3-510x382.jpg 510w\" sizes=\"auto, (max-width: 960px) 100vw, 960px\" \/><img loading=\"lazy\" decoding=\"async\" class=\"alignnone size-full wp-image-2547\" src=\"http:\/\/media1.stec.se\/2017\/10\/bmw-elbil.jpg\" alt=\"bmw elbil\" width=\"720\" height=\"960\" srcset=\"https:\/\/media1.stec.se\/2017\/10\/bmw-elbil.jpg 720w, https:\/\/media1.stec.se\/2017\/10\/bmw-elbil-225x300.jpg 225w\" sizes=\"auto, (max-width: 720px) 100vw, 720px\" \/><br \/>\n&nbsp;<br \/>\n&nbsp;<\/p>","protected":false},"excerpt":{"rendered":"<p>Vad \u00e4r stec GT Open vi f\u00e5r fr\u00e5gor och kanske en f\u00f6rklaring kan vara p\u00e5 sin plats. STEC Endurance \u00e4r 6 timmar h\u00e5rd racing med en stor p\u00e5frestning b\u00e5de f\u00f6r f\u00f6rare och fordon. \u00a0och teamen \u00e4r ofta 3-6 f\u00f6rare. \u00a0 GT Open \u00e4r inte heller en l\u00e4tt t\u00e4vlingsform men jag tror det \u00e4r en mycket [&hellip;]<\/p>\n","protected":false},"author":2,"featured_media":0,"comment_status":"open","ping_status":"open","sticky":false,"template":"","format":"standard","meta":{"_et_pb_use_builder":"","_et_pb_old_content":"","footnotes":""},"categories":[2],"tags":[],"class_list":["post-3114","post","type-post","status-publish","format-standard","hentry","category-okategoriserade"],"aioseo_notices":[],"_links":{"self":[{"href":"https:\/\/stec.se\/en\/wp-json\/wp\/v2\/posts\/3114","targetHints":{"allow":["GET"]}}],"collection":[{"href":"https:\/\/stec.se\/en\/wp-json\/wp\/v2\/posts"}],"about":[{"href":"https:\/\/stec.se\/en\/wp-json\/wp\/v2\/types\/post"}],"author":[{"embeddable":true,"href":"https:\/\/stec.se\/en\/wp-json\/wp\/v2\/users\/2"}],"replies":[{"embeddable":true,"href":"https:\/\/stec.se\/en\/wp-json\/wp\/v2\/comments?post=3114"}],"version-history":[{"count":0,"href":"https:\/\/stec.se\/en\/wp-json\/wp\/v2\/posts\/3114\/revisions"}],"wp:attachment":[{"href":"https:\/\/stec.se\/en\/wp-json\/wp\/v2\/media?parent=3114"}],"wp:term":[{"taxonomy":"category","embeddable":true,"href":"https:\/\/stec.se\/en\/wp-json\/wp\/v2\/categories?post=3114"},{"taxonomy":"post_tag","embeddable":true,"href":"https:\/\/stec.se\/en\/wp-json\/wp\/v2\/tags?post=3114"}],"curies":[{"name":"wp","href":"https:\/\/api.w.org\/{rel}","templated":true}]}}