{"id":3065,"date":"2017-12-14T14:01:41","date_gmt":"2017-12-14T13:01:41","guid":{"rendered":"http:\/\/stec.blog\/?p=3065"},"modified":"2017-12-14T14:01:41","modified_gmt":"2017-12-14T13:01:41","slug":"3065-2","status":"publish","type":"post","link":"https:\/\/stec.se\/en\/3065-2\/","title":{"rendered":"H\u00e4nder mycket nu inf\u00f6r 2018 vi ses p\u00e5 banan"},"content":{"rendered":"<p>Just nu vet vi att Svenska Racing f\u00f6rarna planerar f\u00f6r vad som ska ske 2018.<br \/>\nVilken klass ska man t\u00e4vla i ??<br \/>\nVilket fordon ska vi anv\u00e4nda\u00a0 &#8221;gamla bettan&#8221; eller uppdatera till n\u00e5got nytt vasst ?<br \/>\nVilka banor vill man \u00e5ka p\u00e5 kommande \u00e5r.<br \/>\nVi fr\u00e5n STEC vill sl\u00e4nga in \u00e4nnu mer tankar.<br \/>\n&nbsp;<br \/>\nKolla GT OPEN\u00a0 60-120 Minuters race\u00a0\u00a0<a href=\"https:\/\/stec.se\/en\/stec-gt-open-35952059\/\">http:\/\/www.stec.se\/stec-gt-open-35952059<\/a><br \/>\nperfekt f\u00f6r team p\u00e5 1-3 f\u00f6rare eller f\u00f6r de team som vill k\u00f6ra mer race 2018<br \/>\n&nbsp;<br \/>\n<img loading=\"lazy\" decoding=\"async\" class=\"alignnone size-full wp-image-3064\" src=\"https:\/\/stecbloggen.files.wordpress.com\/2017\/12\/gt-open.jpg\" alt=\"GT OPEN\" width=\"853\" height=\"412\" \/><br \/>\n<img loading=\"lazy\" decoding=\"async\" class=\"alignnone size-full wp-image-3068\" src=\"http:\/\/media1.stec.se\/2017\/12\/v8-logga.jpg\" alt=\"V8 LOGGA\" width=\"488\" height=\"486\" srcset=\"https:\/\/media1.stec.se\/2017\/12\/v8-logga.jpg 488w, https:\/\/media1.stec.se\/2017\/12\/v8-logga-150x150.jpg 150w, https:\/\/media1.stec.se\/2017\/12\/v8-logga-300x300.jpg 300w\" sizes=\"auto, (max-width: 488px) 100vw, 488px\" \/><br \/>\nV8. Stock\u00a0 car<br \/>\nDetta \u00e4r i linje med Legend bilarna\u00a0 Amerikansk tufft stuk\u00a0 med V8 under huven finns i flera olika modeller som pick up och Mponte Carlo bla.<br \/>\nFreddy \u00e4r i Amerika nu och tar emot best\u00e4llningar p\u00e5 t\u00e4vlingsbilar<br \/>\nkolla detta riktigt sp\u00e4nnande koncept\u00a0<a href=\"https:\/\/stec.se\/en\/v8-street-stock-37940510\/\">http:\/\/www.stec.se\/v8-street-stock-37940510<\/a><br \/>\n&nbsp;<br \/>\nKalendrarna b\u00f6rjar komma fram p\u00e5 hemsidan och \u00e5rskorten har b\u00f6rjat s\u00e4ljas<br \/>\n&nbsp;<br \/>\nwww.stec.se\u00a0 \u00a0 \u00a02018 kommer bli riktigt sp\u00e4nnande bilsport med STEC<br \/>\n<img loading=\"lazy\" decoding=\"async\" class=\"alignnone size-full wp-image-1568\" src=\"http:\/\/media1.stec.se\/2017\/07\/stec-1.png\" alt=\"stec 1\" width=\"1683\" height=\"361\" srcset=\"https:\/\/media1.stec.se\/2017\/07\/stec-1.png 1683w, https:\/\/media1.stec.se\/2017\/07\/stec-1-300x64.png 300w, https:\/\/media1.stec.se\/2017\/07\/stec-1-768x165.png 768w, https:\/\/media1.stec.se\/2017\/07\/stec-1-1024x220.png 1024w, https:\/\/media1.stec.se\/2017\/07\/stec-1-1080x232.png 1080w\" sizes=\"auto, (max-width: 1683px) 100vw, 1683px\" \/><br \/>\nJulklappstips\u00a0 k\u00f6p g\u00e4rna boken med STEC\u00a0 f\u00f6raren\u00a0 Annie Seel\u00a0 \u00a0riktihgt bra l\u00e4sning om hur hennes fantastiska karri\u00e4r startade och blev bla v\u00e4rldsm\u00e4stare och guinnes rekordbok inskriven\u00a0 STEC har 10 exemplar f\u00f6r 495 styck signerade<br \/>\nbest\u00e4ll p\u00e5 stec@stec.se<br \/>\n<img loading=\"lazy\" decoding=\"async\" class=\"alignnone size-full wp-image-1491\" src=\"http:\/\/media1.stec.se\/2017\/07\/fegis.jpg\" alt=\"fegis\" width=\"663\" height=\"762\" srcset=\"https:\/\/media1.stec.se\/2017\/07\/fegis.jpg 663w, https:\/\/media1.stec.se\/2017\/07\/fegis-261x300.jpg 261w\" sizes=\"auto, (max-width: 663px) 100vw, 663px\" \/><\/p>","protected":false},"excerpt":{"rendered":"<p>Just nu vet vi att Svenska Racing f\u00f6rarna planerar f\u00f6r vad som ska ske 2018. Vilken klass ska man t\u00e4vla i ?? Vilket fordon ska vi anv\u00e4nda\u00a0 &#8221;gamla bettan&#8221; eller uppdatera till n\u00e5got nytt vasst ? Vilka banor vill man \u00e5ka p\u00e5 kommande \u00e5r. Vi fr\u00e5n STEC vill sl\u00e4nga in \u00e4nnu mer tankar. &nbsp; Kolla [&hellip;]<\/p>\n","protected":false},"author":2,"featured_media":0,"comment_status":"open","ping_status":"open","sticky":false,"template":"","format":"standard","meta":{"_et_pb_use_builder":"","_et_pb_old_content":"","footnotes":""},"categories":[2],"tags":[],"class_list":["post-3065","post","type-post","status-publish","format-standard","hentry","category-okategoriserade"],"aioseo_notices":[],"_links":{"self":[{"href":"https:\/\/stec.se\/en\/wp-json\/wp\/v2\/posts\/3065","targetHints":{"allow":["GET"]}}],"collection":[{"href":"https:\/\/stec.se\/en\/wp-json\/wp\/v2\/posts"}],"about":[{"href":"https:\/\/stec.se\/en\/wp-json\/wp\/v2\/types\/post"}],"author":[{"embeddable":true,"href":"https:\/\/stec.se\/en\/wp-json\/wp\/v2\/users\/2"}],"replies":[{"embeddable":true,"href":"https:\/\/stec.se\/en\/wp-json\/wp\/v2\/comments?post=3065"}],"version-history":[{"count":0,"href":"https:\/\/stec.se\/en\/wp-json\/wp\/v2\/posts\/3065\/revisions"}],"wp:attachment":[{"href":"https:\/\/stec.se\/en\/wp-json\/wp\/v2\/media?parent=3065"}],"wp:term":[{"taxonomy":"category","embeddable":true,"href":"https:\/\/stec.se\/en\/wp-json\/wp\/v2\/categories?post=3065"},{"taxonomy":"post_tag","embeddable":true,"href":"https:\/\/stec.se\/en\/wp-json\/wp\/v2\/tags?post=3065"}],"curies":[{"name":"wp","href":"https:\/\/api.w.org\/{rel}","templated":true}]}}