{"id":3049,"date":"2017-12-03T17:22:14","date_gmt":"2017-12-03T16:22:14","guid":{"rendered":"http:\/\/stec.blog\/?p=3049"},"modified":"2017-12-03T17:22:14","modified_gmt":"2017-12-03T16:22:14","slug":"vm-guld-is-korning-formel-1-besok","status":"publish","type":"post","link":"https:\/\/stec.se\/en\/vm-guld-is-korning-formel-1-besok\/","title":{"rendered":"VM Guld , IS k\u00f6rning , Formel 1 bes\u00f6k."},"content":{"rendered":"<p><img loading=\"lazy\" decoding=\"async\" class=\"alignnone size-full wp-image-1568\" src=\"http:\/\/media1.stec.se\/2017\/07\/stec-1.png\" alt=\"stec 1\" width=\"1683\" height=\"361\" srcset=\"https:\/\/media1.stec.se\/2017\/07\/stec-1.png 1683w, https:\/\/media1.stec.se\/2017\/07\/stec-1-300x64.png 300w, https:\/\/media1.stec.se\/2017\/07\/stec-1-768x165.png 768w, https:\/\/media1.stec.se\/2017\/07\/stec-1-1024x220.png 1024w, https:\/\/media1.stec.se\/2017\/07\/stec-1-1080x232.png 1080w\" sizes=\"auto, (max-width: 1683px) 100vw, 1683px\" \/><br \/>\nNyss hemkommen fr\u00e5n ett bes\u00f6k i Ungern inf\u00f6r 29 Juli 2018 ?<br \/>\nMarcus Ericsson skriver kontrakt med Alfa \/ Sauber vilket \u00e4r j\u00e4ttekul och viktigt att Media riktar fokus p\u00e5 bilsporten och d\u00e5 kan vi hoppas att vi inom STEC f\u00e5r draghj\u00e4lp ocks\u00e5 av detta \u00f6kade bilsport intresse. \u00a0 \u00a0 Vi kan garanterat s\u00e4ga att\u00a0Thed Bj\u00f6rk Bang-Melchior WTCC seger kommer \u00f6ka intresset d\u00e5 jag fick ett email med fr\u00e5gan om att sonen vill sluta med gokart och nu b\u00f6rja med Touring och STEC \u00e4r det naturliga steget.<br \/>\nTack Thed f\u00f6r du \u00e4r v\u00e4rldens b\u00e4sta Touring f\u00f6rare och grattis i f\u00f6rskott ( fyller \u00e5r om 10 dagar ) \u00a0Vi ska f\u00f6rs\u00f6ka vid tillf\u00e4lle bjuda in dig till ngn t\u00e4vling 2018.<br \/>\n<img loading=\"lazy\" decoding=\"async\" class=\"alignnone size-full wp-image-3050\" src=\"http:\/\/media1.stec.se\/2017\/12\/istc3a4vling.jpg\" alt=\"ist\u00e4vling\" width=\"525\" height=\"276\" srcset=\"https:\/\/media1.stec.se\/2017\/12\/istc3a4vling.jpg 525w, https:\/\/media1.stec.se\/2017\/12\/istc3a4vling-300x158.jpg 300w\" sizes=\"auto, (max-width: 525px) 100vw, 525px\" \/><br \/>\nMen i v\u00e4ntan p\u00e5 s\u00e4songsm\u00f6te s\u00e5 kommer STEC k\u00f6ra 2 t\u00e4vlingar med IS race. \u00a0Vansinnigt kul ihop med gruppen<a href=\"http:\/\/www.enkelbilsport.se\"> www.enkelbilsport.se<\/a>. och Facebook tr\u00e5den\u00a0.<br \/>\n<a href=\"https:\/\/www.facebook.com\/events\/382851152143929\/\">https:\/\/www.facebook.com\/events\/382851152143929\/<\/a>. F\u00f6r de som saknar bil t\u00e4nkte vi skr\u00e4mma upp 2 Subarubilar som du kan f\u00e5 vara med och t\u00e4vla i \u00a0skicka oss en intresseanm\u00e4lan s\u00e5 f\u00e5r du vara med p\u00e5 n\u00e5got riktigt kul i Februari och Mars.<br \/>\n<a href=\"http:\/\/simplesignup.se\/event\/122315-iscupen-2018-11-2-och-17-3\">http:\/\/simplesignup.se\/event\/122315-iscupen-2018-11-2-och-17-3<\/a><br \/>\nDet h\u00e4nder massor nu i garagen och bilar finns det f\u00f6rs\u00e4ljning till alla klasserna \u00a0och m\u00e5nga team fr\u00e5n Light vill in i Racing och m\u00e5nga team fr\u00e5n Krutcupen vill in i Light serien s\u00e5 detta med trappstegsmodellen fungerar och vi ser fler bra samarbeten inf\u00f6r 2018. \u00a0 \u00a0Men vi vill inte heller dra p\u00e5 oss v\u00e4xtv\u00e4rk inf\u00f6r kommande \u00e5r och vi jobbar i styrgruppen mycket aktivt med dessa fr\u00e5gor som vi samlar upp inf\u00f6r kommande \u00e5r.<br \/>\nTommes Pack gjorde en fin exel fil tack Tomas som vi har arbetat med och ser vissa positiva saker med. \u00a0 vi kommer inte \u00e4ndra p\u00e5 Tekniska regler under denna 3 \u00e5rs period men T\u00e4vlingsfr\u00e5gor \u00e4r en annan sak och n\u00e5gra nyheter som vi vill ta upp p\u00e5 m\u00f6tet 18 Februari \u00e4r<br \/>\nPARC FERME \u00a0segrarna i varje klass plus ev 1-3 &#8221;slumpvalda&#8221; team kommer f\u00e5 genomg\u00e5 en 10 minuters extra besiktning direkt efter m\u00e5lg\u00e5ng \u00a0d\u00e4r vi kollar vissa saker innan prisutdelning genomf\u00f6r ca 15 minuter efter checkflagg.<br \/>\nKVAL i samband med testk\u00f6rningen kommer kunna inf\u00f6ras att under hela 35-45 minuter kunna k\u00f6ra kval som en extra krydda inf\u00f6r line upp. \u00a0Synpunkter \u00f6nskas om detta.<\/p>\n<blockquote><p>Nya banor javisst detta har vi haft hela tiden en tanke att kunna variera bankalendern med 1-2 byten varje \u00e5r och vi har b\u00f6rjat l\u00e4gga ut testkalendrar p\u00e5 hemsidan f\u00f6r unders\u00f6kning finns under kalender p\u00e5 <a href=\"https:\/\/stec.se\/en\/\">www.stec.se<\/a><\/p><\/blockquote>\n<p>N\u00e5gra viktiga datum f\u00f6r de som vill vara med<br \/>\n7 December Politikerm\u00f6te i Sollentuna f\u00f6r bilsporten i Stockholm med gokartbana som fokus.<br \/>\n9 December Final med julbord p\u00e5 Tickstbanan i Rimbo <a href=\"http:\/\/www.krutcupen.se\">www.krutcupen.se<\/a><br \/>\n24 Julafton med filmer fr\u00e5n STEC under s\u00e4songen<br \/>\n16 Januari Idrottsgalan Globen \u00a0STEC har f\u00e5tt biljetter och inbjudan.<br \/>\n20 Januari Bilsportgala denna g\u00e5ng i G\u00f6teborg STEC har biljetter f\u00f6r de som vill g\u00e5.<br \/>\n17 Februari Middag i Stockholm \u00a0inf\u00f6r \u00c5rsm\u00f6tet den 18<br \/>\n18 Februari stort \u00e5rsm\u00f6te f\u00f6r hela STEC egen inbjudan <a href=\"http:\/\/simplesignup.se\/event\/100182-aarsmoete-stec-bilsport\">click<\/a><br \/>\n19 Februari H\u00e4lsovecka med STEC \u00a0passar alla som t\u00e4nker lite l\u00e4ngre med hur man \u00e4r som f\u00f6rare. \u00a0<a href=\"https:\/\/stec.se\/en\/h\u00e4lsovecka-med-stec-37358361\/\"> click\u00a0<\/a>\u00a0Alla \u00e4r v\u00e4lkommen \u00e4ven dina medm\u00e4nniskor som inte t\u00e4vlar i STEC.<br \/>\n1 April testdag under p\u00e5sken. \u00a0Premi\u00e4r \u00e4ven f\u00f6r STEC Light p\u00e5 Malmby.<br \/>\n7 April Licenskurs utbildning f\u00f6rarutveckling denna skall ingen missa <a href=\"http:\/\/simplesignup.se\/event\/122421-licenskurs-22018\">click\u00a0<\/a><br \/>\n<img loading=\"lazy\" decoding=\"async\" class=\"alignnone size-full wp-image-3051\" src=\"http:\/\/media1.stec.se\/2017\/12\/polo_cup_racing_a1_1.jpg\" alt=\"polo_cup_racing_a1_1\" width=\"960\" height=\"380\" srcset=\"https:\/\/media1.stec.se\/2017\/12\/polo_cup_racing_a1_1.jpg 960w, https:\/\/media1.stec.se\/2017\/12\/polo_cup_racing_a1_1-300x119.jpg 300w, https:\/\/media1.stec.se\/2017\/12\/polo_cup_racing_a1_1-768x304.jpg 768w\" sizes=\"auto, (max-width: 960px) 100vw, 960px\" \/><br \/>\nSTEC har en dialog om 9 stycken Polo bilar klara fr\u00e5n \u00a0med \u00a0Moms f\u00f6r f\u00f6retag inklusive hela serien med licens osv f\u00f6r det teamet som vill ha startklart och potent vinnarbil i Racing klass 1. \u00a0Dessa har smygk\u00f6rts tidigare p\u00e5 Sturup och \u00e4r riktigt fina bilar. skicka oss en intresse f\u00f6rfr\u00e5gan om ni vill ha riktigt bra byggda bilar. \u00a01 \u00e4r redan ink\u00f6pt.<br \/>\nV8 Muller i STEC ? \u00a0Javisst det \u00e4r ocks\u00e5 en framtid dock ej samtidigt som STEC Endurance men vill ni ha en bil med Cheva V8 och t\u00e4vla med 2018 s\u00e5 prata med Freddy Larsson som nu \u00e4r i Amerika och Fixar bilar till de som vill ha riktigt kul utan team.<br \/>\nFreddy p\u00e5 Facebook<a href=\"https:\/\/www.facebook.com\/freddy.larsson.98\"> click<\/a>. just det samma Freddy som hj\u00e4lper er som vill k\u00f6ra Legend 2018.<br \/>\nSist vill vi skriva om en Porsche ?? \u00a0STEC har under f\u00f6rra veckan f\u00f6rv\u00e4rvat en Porsche som kommer k\u00f6ras av Juniorer i STEC Light serien. \u00a0 Detta k\u00e4nns riktigt bra och har du en ungdom fr\u00e5n 14 \u00e5r som vill f\u00e5 sin kanske mest fartfyllda present n\u00e5gonsin av jultomten s\u00e5 h\u00f6r av er till <a href=\"mailto:stec@stec.se\">stec@stec.se<\/a>. Detta k\u00e4nns otroligt bra och vi s\u00f6ker sponsorer till detta team och en grupp engagerade vuxna och 6-8 stycken f\u00f6rare.. \u00a0 Det blev ett l\u00e5ngt veckobrev \u00a0men stort Grattis igen till V\u00e4rldsm\u00e4stare Thed. \u00a0k\u00e4nns bra i munnen att s\u00e4ga att Sverige har \u00e4nnu en V\u00e4rldsm\u00e4stare i bilsport. \u00a0 Vill du b\u00f6rja t\u00e4vla i Svenska M\u00e4sterskapet i Endurance h\u00f6r av dig vi satsar p\u00e5 b\u00e5de bredd och Elit<br \/>\n<img loading=\"lazy\" decoding=\"async\" class=\"alignnone size-full wp-image-1938\" src=\"http:\/\/media1.stec.se\/2017\/08\/roll-up.jpg\" alt=\"roll up\" width=\"180\" height=\"255\" \/><br \/>\n&nbsp;<br \/>\n&nbsp;<\/p>","protected":false},"excerpt":{"rendered":"<p>Nyss hemkommen fr\u00e5n ett bes\u00f6k i Ungern inf\u00f6r 29 Juli 2018 ? Marcus Ericsson skriver kontrakt med Alfa \/ Sauber vilket \u00e4r j\u00e4ttekul och viktigt att Media riktar fokus p\u00e5 bilsporten och d\u00e5 kan vi hoppas att vi inom STEC f\u00e5r draghj\u00e4lp ocks\u00e5 av detta \u00f6kade bilsport intresse. \u00a0 \u00a0 Vi kan garanterat s\u00e4ga att\u00a0Thed [&hellip;]<\/p>\n","protected":false},"author":2,"featured_media":0,"comment_status":"open","ping_status":"open","sticky":false,"template":"","format":"standard","meta":{"_et_pb_use_builder":"","_et_pb_old_content":"","footnotes":""},"categories":[2],"tags":[],"class_list":["post-3049","post","type-post","status-publish","format-standard","hentry","category-okategoriserade"],"aioseo_notices":[],"_links":{"self":[{"href":"https:\/\/stec.se\/en\/wp-json\/wp\/v2\/posts\/3049","targetHints":{"allow":["GET"]}}],"collection":[{"href":"https:\/\/stec.se\/en\/wp-json\/wp\/v2\/posts"}],"about":[{"href":"https:\/\/stec.se\/en\/wp-json\/wp\/v2\/types\/post"}],"author":[{"embeddable":true,"href":"https:\/\/stec.se\/en\/wp-json\/wp\/v2\/users\/2"}],"replies":[{"embeddable":true,"href":"https:\/\/stec.se\/en\/wp-json\/wp\/v2\/comments?post=3049"}],"version-history":[{"count":0,"href":"https:\/\/stec.se\/en\/wp-json\/wp\/v2\/posts\/3049\/revisions"}],"wp:attachment":[{"href":"https:\/\/stec.se\/en\/wp-json\/wp\/v2\/media?parent=3049"}],"wp:term":[{"taxonomy":"category","embeddable":true,"href":"https:\/\/stec.se\/en\/wp-json\/wp\/v2\/categories?post=3049"},{"taxonomy":"post_tag","embeddable":true,"href":"https:\/\/stec.se\/en\/wp-json\/wp\/v2\/tags?post=3049"}],"curies":[{"name":"wp","href":"https:\/\/api.w.org\/{rel}","templated":true}]}}