{"id":2251,"date":"2017-09-18T06:57:47","date_gmt":"2017-09-18T04:57:47","guid":{"rendered":"http:\/\/stec.blog\/?p=2251"},"modified":"2017-09-18T06:57:47","modified_gmt":"2017-09-18T04:57:47","slug":"superhelg-med-varldsmastare-1-miljon-kioskvaltare-sm-vinnare-och-ungdomsdag-las-mer-stec-bloggen","status":"publish","type":"post","link":"https:\/\/stec.se\/en\/superhelg-med-varldsmastare-1-miljon-kioskvaltare-sm-vinnare-och-ungdomsdag-las-mer-stec-bloggen\/","title":{"rendered":"Superhelg med V\u00e4rldsm\u00e4stare , 1 Miljon , kioskv\u00e4ltare , SM Vinnare och Ungdomsdag l\u00e4s mer STEC Bloggen."},"content":{"rendered":"<p><img loading=\"lazy\" decoding=\"async\" class=\"alignnone size-full wp-image-2258\" src=\"http:\/\/media1.stec.se\/2017\/09\/johan-k.jpg\" alt=\"Johan K\" width=\"800\" height=\"533\" srcset=\"https:\/\/media1.stec.se\/2017\/09\/johan-k.jpg 800w, https:\/\/media1.stec.se\/2017\/09\/johan-k-300x200.jpg 300w, https:\/\/media1.stec.se\/2017\/09\/johan-k-768x512.jpg 768w\" sizes=\"auto, (max-width: 800px) 100vw, 800px\" \/><br \/>\nJohan Kristoffersson vann 6 av s\u00e4songens delt\u00e4vlingar \u00a09 Pallplatser \u00a0rekord rekord och v\u00e4rldsm\u00e4startiteln s\u00e4krades i helgen i Lettland \u00a0Stort grattis Johan till en fantastisk s\u00e4song till hela teamet och hoppas nyckelbenet l\u00e4ker snabbt p\u00e5 teamchefen Petter \u00a0Solberg ..<br \/>\nFler Svenska V\u00e4rldsm\u00e4stare under helgen<br \/>\n<img loading=\"lazy\" decoding=\"async\" class=\"alignnone size-full wp-image-2268\" src=\"http:\/\/media1.stec.se\/2017\/09\/johan-k1.jpg\" alt=\"Johan K\" width=\"720\" height=\"960\" srcset=\"https:\/\/media1.stec.se\/2017\/09\/johan-k1.jpg 720w, https:\/\/media1.stec.se\/2017\/09\/johan-k1-225x300.jpg 225w\" sizes=\"auto, (max-width: 720px) 100vw, 720px\" \/><br \/>\nEmil Persson denna sk\u00f6na f\u00f6rare fr\u00e5n Karlskoga vann World Final i Legend. Flera STEC f\u00f6rare var p\u00e5 plats och t\u00e4vlade i Finland d\u00e4r finalen avgjordes och hatten av f\u00f6r Emil som vi hoppas f\u00e5 se i SM finalen i Legend p\u00e5 Anderstorp den 21 Oktober.<br \/>\n<img loading=\"lazy\" decoding=\"async\" class=\"alignnone size-full wp-image-2272\" src=\"http:\/\/media1.stec.se\/2017\/09\/johan-k2.jpg\" alt=\"Johan K\" width=\"720\" height=\"540\" srcset=\"https:\/\/media1.stec.se\/2017\/09\/johan-k2.jpg 720w, https:\/\/media1.stec.se\/2017\/09\/johan-k2-300x225.jpg 300w, https:\/\/media1.stec.se\/2017\/09\/johan-k2-510x382.jpg 510w\" sizes=\"auto, (max-width: 720px) 100vw, 720px\" \/><br \/>\nV8 Thundercars fick SM vinnare Mattias Lindberg \u00a02017 i en alltid kul uppl\u00f6sning. \u00a0Tony Bryntesson skall hyllas i detta s\u00e4llskap som en duktiga general inom Svensk V8 cirkusen.<br \/>\nRobban Dahlgren uts\u00e5g vi f\u00f6r flera veckor sedan till Svensk m\u00e4stare i STCC s\u00e5 det blev ingen nyhet att han vann under helgen. Men m\u00e4stare skall hyllas s\u00e5 \u00a0vi skickar ett grattis norrut till denna duktiga f\u00f6rare.<br \/>\n1 MILJON \u00a0kronor samlades in under helgen vilket \u00e4r helt otroligt underbart av Racing Rascals \u00a0 Peder Dick ja alla runt detta g\u00e4ng skall ha enormt med creed och STEC fick \u00e4ran att k\u00f6ra bans\u00e4kerheten p\u00e5 Tierp Arena h\u00e4r kommer ett g\u00e4ng bilder fr\u00e5n duktiga Tierp idag fotografen som \u00e4ven \u00e4r med den 7-8 Oktober\u00a0<a href=\"https:\/\/www.facebook.com\/pg\/tierpidag.se\/photos\/?tab=album&amp;album_id=1845711982120575\">https:\/\/www.facebook.com\/pg\/tierpidag.se\/photos\/?tab=album&amp;album_id=1845711982120575<\/a><br \/>\n<img loading=\"lazy\" decoding=\"async\" class=\"alignnone size-full wp-image-2281\" src=\"http:\/\/media1.stec.se\/2017\/09\/johan-k3.jpg\" alt=\"Johan K\" width=\"960\" height=\"720\" srcset=\"https:\/\/media1.stec.se\/2017\/09\/johan-k3.jpg 960w, https:\/\/media1.stec.se\/2017\/09\/johan-k3-300x225.jpg 300w, https:\/\/media1.stec.se\/2017\/09\/johan-k3-768x576.jpg 768w, https:\/\/media1.stec.se\/2017\/09\/johan-k3-510x382.jpg 510w\" sizes=\"auto, (max-width: 960px) 100vw, 960px\" \/><br \/>\nFr\u00e5n Ferraris och Lambos p\u00e5 L\u00f6rdag till grus och 1000 kronors bilar p\u00e5 S\u00f6ndag.<br \/>\nSTEC jobbar aktivt med f\u00f6reningen <a href=\"http:\/\/www.enkelbilsport.se\">www.enkelbilsport.se<\/a>\u00a0som ihop med Krutcupen hade ungdomsdag p\u00e5 Rimbo motorstadion under S\u00f6ndagen och dessa dagar ger balsam f\u00f6r sj\u00e4len att f\u00e5 vara med och coacha dessa nya f\u00f6rare till ev blivande SM segrare ? \u00a0 \u00a0Johan Lerjebo som k\u00f6r STEC Pace car och Helene Delilah en av tjejerna i STEC Women team var ledare d\u00e5 ungdomarna tr\u00e4nade panikbroms sladdhantering och k\u00f6rde p\u00e5 sina idealtider p\u00e5 banan. \u00a0 Man kan tro att sl\u00e4ppa ut ett g\u00e4ng 14 \u00e5ringar i bilar p\u00e5 banan skulle sluta i katastrof men helt tv\u00e4rtom de lyssnar och tar till sig p\u00e5 ett oerh\u00f6rt fint s\u00e4tt. \u00a0Vill du vara en i teamet som vill leda STEC ungdomsgrupper h\u00f6r av dig d\u00e5 detta b\u00f6rjar v\u00e5ren 2018.<br \/>\nNu ladddas det rej\u00e4lt i garagen inf\u00f6r Geller\u00e5sen som serveras en dubbelhelg med STEC race b\u00e5de L\u00f6rdag och S\u00f6ndag. \u00a0 Kom och var med p\u00e5 eller utanf\u00f6r banan.<br \/>\nStartlista \u00a0info finns p\u00e5 dessa tr\u00e5dar<br \/>\n<a href=\"https:\/\/www.facebook.com\/events\/201884770253107\/\">https:\/\/www.facebook.com\/events\/201884770253107\/<\/a><br \/>\n<a href=\"https:\/\/www.facebook.com\/events\/128007041143476\/\">https:\/\/www.facebook.com\/events\/128007041143476\/<\/a><br \/>\n<a href=\"https:\/\/www.facebook.com\/events\/488893168154529\/\">https:\/\/www.facebook.com\/events\/488893168154529\/<\/a><br \/>\n<a href=\"https:\/\/www.facebook.com\/events\/1826743564239989\/\">https:\/\/www.facebook.com\/events\/1826743564239989\/<\/a><br \/>\n<a href=\"https:\/\/www.facebook.com\/events\/1417781294969268\">https:\/\/www.facebook.com\/events\/1417781294969268<\/a><br \/>\n&nbsp;<br \/>\nKioskv\u00e4ltaren som hade utlovats fr\u00e5n STCC blev att VD Jonas Lundin avg\u00e5r med omedelbar verkan \u00a0 STEC \u00f6nskar dig lycka till med nya utmaningar.<br \/>\n&nbsp;<\/p>","protected":false},"excerpt":{"rendered":"<p>Johan Kristoffersson vann 6 av s\u00e4songens delt\u00e4vlingar \u00a09 Pallplatser \u00a0rekord rekord och v\u00e4rldsm\u00e4startiteln s\u00e4krades i helgen i Lettland \u00a0Stort grattis Johan till en fantastisk s\u00e4song till hela teamet och hoppas nyckelbenet l\u00e4ker snabbt p\u00e5 teamchefen Petter \u00a0Solberg .. Fler Svenska V\u00e4rldsm\u00e4stare under helgen Emil Persson denna sk\u00f6na f\u00f6rare fr\u00e5n Karlskoga vann World Final i Legend. [&hellip;]<\/p>\n","protected":false},"author":2,"featured_media":0,"comment_status":"open","ping_status":"open","sticky":false,"template":"","format":"standard","meta":{"_et_pb_use_builder":"","_et_pb_old_content":"","footnotes":""},"categories":[2],"tags":[],"class_list":["post-2251","post","type-post","status-publish","format-standard","hentry","category-okategoriserade"],"aioseo_notices":[],"_links":{"self":[{"href":"https:\/\/stec.se\/en\/wp-json\/wp\/v2\/posts\/2251","targetHints":{"allow":["GET"]}}],"collection":[{"href":"https:\/\/stec.se\/en\/wp-json\/wp\/v2\/posts"}],"about":[{"href":"https:\/\/stec.se\/en\/wp-json\/wp\/v2\/types\/post"}],"author":[{"embeddable":true,"href":"https:\/\/stec.se\/en\/wp-json\/wp\/v2\/users\/2"}],"replies":[{"embeddable":true,"href":"https:\/\/stec.se\/en\/wp-json\/wp\/v2\/comments?post=2251"}],"version-history":[{"count":0,"href":"https:\/\/stec.se\/en\/wp-json\/wp\/v2\/posts\/2251\/revisions"}],"wp:attachment":[{"href":"https:\/\/stec.se\/en\/wp-json\/wp\/v2\/media?parent=2251"}],"wp:term":[{"taxonomy":"category","embeddable":true,"href":"https:\/\/stec.se\/en\/wp-json\/wp\/v2\/categories?post=2251"},{"taxonomy":"post_tag","embeddable":true,"href":"https:\/\/stec.se\/en\/wp-json\/wp\/v2\/tags?post=2251"}],"curies":[{"name":"wp","href":"https:\/\/api.w.org\/{rel}","templated":true}]}}