{"id":2242,"date":"2017-09-16T08:22:15","date_gmt":"2017-09-16T06:22:15","guid":{"rendered":"http:\/\/stec.blog\/?p=2242"},"modified":"2017-09-16T08:22:15","modified_gmt":"2017-09-16T06:22:15","slug":"jsm-vinnare-steppar-upp","status":"publish","type":"post","link":"https:\/\/stec.se\/en\/jsm-vinnare-steppar-upp\/","title":{"rendered":"JSM vinnare steppar upp"},"content":{"rendered":"<p><img loading=\"lazy\" decoding=\"async\" class=\"alignnone size-full wp-image-2244\" src=\"http:\/\/media1.stec.se\/2017\/09\/julle.jpg\" alt=\"Julius Ljungdahl Geller\u00e5sen 2017-04-08 Clio Cup Foto Tony Welam\/Teambild\" width=\"524\" height=\"582\" srcset=\"https:\/\/media1.stec.se\/2017\/09\/julle.jpg 524w, https:\/\/media1.stec.se\/2017\/09\/julle-270x300.jpg 270w\" sizes=\"auto, (max-width: 524px) 100vw, 524px\" \/><br \/>\nSTEC har som ett uttalat m\u00e5l att locka b\u00e5de bredd och Elit till t\u00e4vlingarna<br \/>\nJulius &#8221;Julle&#8221; Ljungdahl vann JSM i STCC Clio Cup 2015 \u00a0 \u00a023 September 2017 blir datumet n\u00e4r &#8221;Julle&#8221; debuterar inom STEC i 6 Timmars. \u00a0Vi v\u00e4lkomnar dig som f\u00f6rare men \u00e4ven som f\u00f6red\u00f6me f\u00f6r m\u00e5nga unga f\u00f6rare som dr\u00f6mmer om en racing karri\u00e4r. I samband med denna dag kommer vi erbjuda bilk\u00f6rning i pausen med l\u00e5n av bil hj\u00e4lm handskar osv. \u00a0 \u00a0STEC kommer med fler nyheter p\u00e5 f\u00f6rarsidorna \u00e4ven inf\u00f6r Finalen p\u00e5 Anderstorp d\u00e4r Lukas Sundahl och Otto Tj\u00e4der som regerande m\u00e4stare fr\u00e5n 2016.<br \/>\nL\u00e4s mer om Julle p\u00e5 denna sida\u00a0<a href=\"https:\/\/www.stcc.se\/driver\/julle-ljungdahl\/\">https:\/\/www.stcc.se\/driver\/julle-ljungdahl\/<\/a><\/p>","protected":false},"excerpt":{"rendered":"<p>STEC har som ett uttalat m\u00e5l att locka b\u00e5de bredd och Elit till t\u00e4vlingarna Julius &#8221;Julle&#8221; Ljungdahl vann JSM i STCC Clio Cup 2015 \u00a0 \u00a023 September 2017 blir datumet n\u00e4r &#8221;Julle&#8221; debuterar inom STEC i 6 Timmars. \u00a0Vi v\u00e4lkomnar dig som f\u00f6rare men \u00e4ven som f\u00f6red\u00f6me f\u00f6r m\u00e5nga unga f\u00f6rare som dr\u00f6mmer om en [&hellip;]<\/p>\n","protected":false},"author":2,"featured_media":0,"comment_status":"open","ping_status":"open","sticky":false,"template":"","format":"standard","meta":{"_et_pb_use_builder":"","_et_pb_old_content":"","footnotes":""},"categories":[2],"tags":[],"class_list":["post-2242","post","type-post","status-publish","format-standard","hentry","category-okategoriserade"],"aioseo_notices":[],"_links":{"self":[{"href":"https:\/\/stec.se\/en\/wp-json\/wp\/v2\/posts\/2242","targetHints":{"allow":["GET"]}}],"collection":[{"href":"https:\/\/stec.se\/en\/wp-json\/wp\/v2\/posts"}],"about":[{"href":"https:\/\/stec.se\/en\/wp-json\/wp\/v2\/types\/post"}],"author":[{"embeddable":true,"href":"https:\/\/stec.se\/en\/wp-json\/wp\/v2\/users\/2"}],"replies":[{"embeddable":true,"href":"https:\/\/stec.se\/en\/wp-json\/wp\/v2\/comments?post=2242"}],"version-history":[{"count":0,"href":"https:\/\/stec.se\/en\/wp-json\/wp\/v2\/posts\/2242\/revisions"}],"wp:attachment":[{"href":"https:\/\/stec.se\/en\/wp-json\/wp\/v2\/media?parent=2242"}],"wp:term":[{"taxonomy":"category","embeddable":true,"href":"https:\/\/stec.se\/en\/wp-json\/wp\/v2\/categories?post=2242"},{"taxonomy":"post_tag","embeddable":true,"href":"https:\/\/stec.se\/en\/wp-json\/wp\/v2\/tags?post=2242"}],"curies":[{"name":"wp","href":"https:\/\/api.w.org\/{rel}","templated":true}]}}