{"id":2125,"date":"2017-09-08T13:37:46","date_gmt":"2017-09-08T11:37:46","guid":{"rendered":"http:\/\/stec.blog\/?p=2125"},"modified":"2017-09-08T13:37:46","modified_gmt":"2017-09-08T11:37:46","slug":"licens-forsakring-vad-galler-2018","status":"publish","type":"post","link":"https:\/\/stec.se\/en\/licens-forsakring-vad-galler-2018\/","title":{"rendered":"Licens \/ F\u00f6rs\u00e4kring vad g\u00e4ller 2018"},"content":{"rendered":"<p><img loading=\"lazy\" decoding=\"async\" class=\"alignnone size-full wp-image-2127\" src=\"http:\/\/media1.stec.se\/2017\/09\/if.png\" alt=\"if\" width=\"590\" height=\"837\" srcset=\"https:\/\/media1.stec.se\/2017\/09\/if.png 590w, https:\/\/media1.stec.se\/2017\/09\/if-211x300.png 211w\" sizes=\"auto, (max-width: 590px) 100vw, 590px\" \/><br \/>\nSTEC jobbar just nu en hel del med Licens och f\u00f6rs\u00e4kringar inf\u00f6r 2018 och vi har avst\u00e4mning med IF i Oktober men vi vill delge information och tankar f\u00f6r er t\u00e4vlande om vad som sker och hur t\u00e4nket \u00e4r inf\u00f6r 2018.<br \/>\nMotort\u00e4vlingsf\u00f6rs\u00e4kringen enligt lagen \u00a0<a href=\"http:\/\/www.notisum.se\/rnp\/sls\/lag\/19760357.htm\">http:\/\/www.notisum.se\/rnp\/sls\/lag\/19760357.htm\u00a0<\/a><br \/>\nKommer vi kunna erbjuda men vi skulle vilja uppmana till att alla f\u00f6rare tar en extra till\u00e4ggsf\u00f6rs\u00e4kring d\u00e5 f\u00f6rs\u00e4kringsskyddet \u00e4r ganska vekt oavsett bolag.<br \/>\nLicens vad \u00e4r en Licens ??? \u00a0ett plastkort eller en utbildning och varf\u00f6r l\u00e4gger vi kraft som arrang\u00f6r tid p\u00e5 detta? \u00a0 \u00a0Svaret f\u00f6r oss \u00e4r v\u00e4ldigt enkelt STEC vill ha bra f\u00f6rs\u00e4krade f\u00f6rare funktion\u00e4rer publik och utbildade f\u00f6rare. \u00a0 Anders Fridh h\u00f6ll en j\u00e4ttebra Licenskurs p\u00e5 Tierp Arena i v\u00e5ras och de som har g\u00e5tt en kurs med SBF Racingkurs slapp denna kurs men detta har inte kontrollerats och det kommer bli \u00e4ndring p\u00e5 inf\u00f6r 2018. \u00a0 \u00a0Vi kommer ha en Licenskurs den 7 April 2018 \u00a0dvs dagen f\u00f6re premi\u00e4ren p\u00e5 Mantorp Park. \u00a0 Vi kommer \u00e4ven ha en Licenskurs 27 April p\u00e5 Tierp Arena. \u00a0 F\u00f6rare som inte valt att g\u00e5 n\u00e5gon kursdag kommer vi inte kunna sl\u00e4ppa ut p\u00e5 banan inom STEC \u00a0( Light \u00e4r inte inr\u00e4knad ) \u00a0Detta f\u00f6r att vi inte ska ha outbildade f\u00f6rare p\u00e5 en k\u00f6rning inom Svensk STEC Endurance. \u00a0Vi hoppas detta tas emot av er f\u00f6rare som positivt och inte ett tungt ok. \u00a0Se g\u00e4rna detta klipp om f\u00f6rs\u00e4kringar d\u00e5 det inneh\u00e5ller er del intressanta inslag och vi har dialog med flera olika bolag inf\u00f6r 2018 om detta med f\u00f6rs\u00e4kringar.<br \/>\n<a href=\"https:\/\/nitroz.solidtango.com\/video\/20120125\">https:\/\/nitroz.solidtango.com\/video\/20120125<\/a><br \/>\n<img loading=\"lazy\" decoding=\"async\" class=\"alignnone size-full wp-image-1547\" src=\"http:\/\/media1.stec.se\/2017\/07\/stec-medlemskort.jpg\" alt=\"stec medlemskort\" width=\"353\" height=\"194\" srcset=\"https:\/\/media1.stec.se\/2017\/07\/stec-medlemskort.jpg 353w, https:\/\/media1.stec.se\/2017\/07\/stec-medlemskort-300x165.jpg 300w\" sizes=\"auto, (max-width: 353px) 100vw, 353px\" \/><br \/>\nMedlemskort eller Racing Licens har namnet en tyngd eller \u00e4r det ointressant ?<br \/>\n<img loading=\"lazy\" decoding=\"async\" class=\"alignnone size-full wp-image-58\" src=\"http:\/\/media1.stec.se\/2017\/03\/palmenco.png\" alt=\"palmenco\" width=\"300\" height=\"300\" \/><br \/>\nVi \u00e4r stolta och glada \u00f6ver att alla f\u00f6rare inom b\u00e5de Endurance och Legend bl\u00e5ste negativt inf\u00f6r starten sist p\u00e5 Sviestad. \u00a0 Bl\u00e5skontrollen tar 5 sekunder och vi vill g\u00e4rna att ingen slarvar med detta utan se det som en stolthet att visa att inom STEC k\u00f6r vi nyktra race.<br \/>\nf\u00f6r mer info om f\u00f6rs\u00e4kringar kontakta oss p\u00e5 stec@stec.se<br \/>\n&nbsp;<\/p>","protected":false},"excerpt":{"rendered":"<p>STEC jobbar just nu en hel del med Licens och f\u00f6rs\u00e4kringar inf\u00f6r 2018 och vi har avst\u00e4mning med IF i Oktober men vi vill delge information och tankar f\u00f6r er t\u00e4vlande om vad som sker och hur t\u00e4nket \u00e4r inf\u00f6r 2018. Motort\u00e4vlingsf\u00f6rs\u00e4kringen enligt lagen \u00a0http:\/\/www.notisum.se\/rnp\/sls\/lag\/19760357.htm\u00a0 Kommer vi kunna erbjuda men vi skulle vilja uppmana till [&hellip;]<\/p>\n","protected":false},"author":2,"featured_media":0,"comment_status":"open","ping_status":"open","sticky":false,"template":"","format":"standard","meta":{"_et_pb_use_builder":"","_et_pb_old_content":"","footnotes":""},"categories":[2],"tags":[],"class_list":["post-2125","post","type-post","status-publish","format-standard","hentry","category-okategoriserade"],"aioseo_notices":[],"_links":{"self":[{"href":"https:\/\/stec.se\/en\/wp-json\/wp\/v2\/posts\/2125","targetHints":{"allow":["GET"]}}],"collection":[{"href":"https:\/\/stec.se\/en\/wp-json\/wp\/v2\/posts"}],"about":[{"href":"https:\/\/stec.se\/en\/wp-json\/wp\/v2\/types\/post"}],"author":[{"embeddable":true,"href":"https:\/\/stec.se\/en\/wp-json\/wp\/v2\/users\/2"}],"replies":[{"embeddable":true,"href":"https:\/\/stec.se\/en\/wp-json\/wp\/v2\/comments?post=2125"}],"version-history":[{"count":0,"href":"https:\/\/stec.se\/en\/wp-json\/wp\/v2\/posts\/2125\/revisions"}],"wp:attachment":[{"href":"https:\/\/stec.se\/en\/wp-json\/wp\/v2\/media?parent=2125"}],"wp:term":[{"taxonomy":"category","embeddable":true,"href":"https:\/\/stec.se\/en\/wp-json\/wp\/v2\/categories?post=2125"},{"taxonomy":"post_tag","embeddable":true,"href":"https:\/\/stec.se\/en\/wp-json\/wp\/v2\/tags?post=2125"}],"curies":[{"name":"wp","href":"https:\/\/api.w.org\/{rel}","templated":true}]}}