{"id":14879,"date":"2025-10-02T07:27:51","date_gmt":"2025-10-02T07:27:51","guid":{"rendered":"https:\/\/stec.se\/?p=14879"},"modified":"2025-10-03T04:25:44","modified_gmt":"2025-10-03T04:25:44","slug":"bloggen-4-oktober-med-bilder-krutcupen-final-fler-samverkans-foretag-oslo-motor-show","status":"publish","type":"post","link":"https:\/\/stec.se\/en\/bloggen-4-oktober-med-bilder-krutcupen-final-fler-samverkans-foretag-oslo-motor-show\/","title":{"rendered":"Bloggen 4 oktober med bilder , Krutcupen final , Fler samverkans f\u00f6retag , Oslo Motor Show"},"content":{"rendered":"<p><strong>Bloggen 4 Oktober b\u00f6rjar med \u00e5terblick med bilder fr\u00e5n finalen p\u00e5 Kinnekulle.\u00a0<\/strong><\/p>\n<p>Bilder fr\u00e5n Anton <a href=\"https:\/\/immich.edgydisc.se\/share\/uH3ze4fOOeZvWZdEqbiBe92_e-O4gBVy76TbYswaOmNPg1hFQNyyulJhPIhEXripJOs\">https:\/\/immich.edgydisc.se\/share\/uH3ze4fOOeZvWZdEqbiBe92_e-O4gBVy76TbYswaOmNPg1hFQNyyulJhPIhEXripJOs<\/a><\/p>\n<p>Bilder fr\u00e5n Albin <a href=\"https:\/\/immich.sweplox.cloud\/share\/B3bY_2WzHd_XwlHjOtEGU3afxjN6Ru-mw6-Dhsx3fqe1QUEFu2tJcCvBveyo3bcdm-0\">https:\/\/immich.sweplox.cloud\/share\/B3bY_2WzHd_XwlHjOtEGU3afxjN6Ru-mw6-Dhsx3fqe1QUEFu2tJcCvBveyo3bcdm-0<\/a><\/p>\n<p>Dela tagga med ge credd till dessa\u00a0 duktiga media killar<\/p>\n<p><a href=\"https:\/\/www.instagram.com\/edgydisc.foto\/\" target=\"_blank\" rel=\"noopener\" data-saferedirecturl=\"https:\/\/www.google.com\/url?q=https:\/\/www.instagram.com\/edgydisc.foto\/&amp;source=gmail&amp;ust=1759446532918000&amp;usg=AOvVaw1OBWKO7zdl1iaFLClG54rq\">https:\/\/www.instagram.com\/<wbr \/>edgydisc.foto\/<\/a><\/p>\n<p><a href=\"https:\/\/www.instagram.com\/hakansonfoto\/\">https:\/\/www.instagram.com\/hakansonfoto\/<\/a><\/p>\n<p><strong>Reportage<\/strong> fr\u00e5n Kinnekulle fr\u00e5n Mtorextra <a href=\"https:\/\/www.motorextra.se\/kinnekulle-motorfest-bjod-pa-skandinaviska-masterskapet-i-langloppsracing-oppen-trackday\/\">https:\/\/www.motorextra.se\/kinnekulle-motorfest-bjod-pa-skandinaviska-masterskapet-i-langloppsracing-oppen-trackday\/<\/a><\/p>\n<p>Fler samverkan byggs upp inf\u00f6r 2026<\/p>\n<p>Denna g\u00e5ng har vi n\u00f6jet att presentera <a href=\"https:\/\/www.tmh.se\/\">https:\/\/www.tmh.se\/ <\/a>som \u00e4r grymt duktiga<\/p>\n<p><iframe loading=\"lazy\" title=\"TMH Final F\u00e4rg\" width=\"1080\" height=\"608\" src=\"https:\/\/www.youtube.com\/embed\/nGTwwxzJ7YI?feature=oembed\" frameborder=\"0\" allow=\"accelerometer; autoplay; clipboard-write; encrypted-media; gyroscope; picture-in-picture; web-share\" referrerpolicy=\"strict-origin-when-cross-origin\" allowfullscreen><\/iframe><\/p>\n<p>Krutcupen final \u00e4r 18 Oktober p\u00e5 Sala. Flera STEC team \u00e4r med och k\u00f6r denna roliga bilsport som vi g\u00e4rna lyfter <a href=\"http:\/\/www.krutcupen.se\">www.krutcupen.se\u00a0<\/a><\/p>\n<p>Saknar du l\u00e4mplig bil ?\u00a0 S\u00e5 finns det Pay&amp;Drive bil reeady to race f\u00f6r 7,000 all inclusive p\u00e5 finalen. kontakt <a href=\"mailto:stec@stec.se\">stec@stec.se<\/a><\/p>\n<p>Facebook <a href=\"https:\/\/www.facebook.com\/krutcupen\/\">https:\/\/www.facebook.com\/krutcupen\/<\/a><\/p>\n<p><img loading=\"lazy\" decoding=\"async\" class=\"alignnone wp-image-7366\" src=\"https:\/\/media1.stec.se\/2020\/09\/krutcupen-logga.jpg\" alt=\"\" width=\"317\" height=\"183\" \/><\/p>\n<p><img loading=\"lazy\" decoding=\"async\" class=\"alignnone size-medium wp-image-14867\" src=\"https:\/\/media1.stec.se\/2025\/09\/oslo-300x111.jpg\" alt=\"\" width=\"300\" height=\"111\" srcset=\"https:\/\/media1.stec.se\/2025\/09\/oslo-300x111.jpg 300w, https:\/\/media1.stec.se\/2025\/09\/oslo-18x7.jpg 18w, https:\/\/media1.stec.se\/2025\/09\/oslo.jpg 369w\" sizes=\"auto, (max-width: 300px) 100vw, 300px\" \/><\/p>\n<p>Oslo Motor Show \u00e4r Norges st\u00f6rsta motorshow och lite som Elmia s\u00e5 finns man inte d\u00e4r s\u00e5 finns man inte.<\/p>\n<p>Detta \u00e4r ett perfekt forum att synas och vi har bokat plats med m\u00f6jlighet att vara med i montern.<\/p>\n<p>kontakta oss p\u00e5 e-mail f\u00f6r exponering , biljetter , <a href=\"mailto:stec@stec.se\">stec@stec.se<\/a><\/p>\n<p><iframe loading=\"lazy\" title=\"Hasse visar STEC\u00b4s monter vid Oslo Motorshow 2024! \ud83c\udfce\ufe0f\ud83c\udfc1\ud83c\udfcd\ufe0f\ud83c\udfc1\" width=\"1080\" height=\"810\" src=\"https:\/\/www.youtube.com\/embed\/N1m94aosrjY?feature=oembed\" frameborder=\"0\" allow=\"accelerometer; autoplay; clipboard-write; encrypted-media; gyroscope; picture-in-picture; web-share\" referrerpolicy=\"strict-origin-when-cross-origin\" allowfullscreen><\/iframe><\/p>\n<p><img loading=\"lazy\" decoding=\"async\" class=\"alignnone size-medium wp-image-14881\" src=\"https:\/\/media1.stec.se\/2025\/10\/aygo-pa-bana-300x200.jpeg\" alt=\"\" width=\"300\" height=\"200\" srcset=\"https:\/\/media1.stec.se\/2025\/10\/aygo-pa-bana-300x200.jpeg 300w, https:\/\/media1.stec.se\/2025\/10\/aygo-pa-bana-1024x683.jpeg 1024w, https:\/\/media1.stec.se\/2025\/10\/aygo-pa-bana-768x512.jpeg 768w, https:\/\/media1.stec.se\/2025\/10\/aygo-pa-bana-1536x1024.jpeg 1536w, https:\/\/media1.stec.se\/2025\/10\/aygo-pa-bana-2048x1365.jpeg 2048w, https:\/\/media1.stec.se\/2025\/10\/aygo-pa-bana-18x12.jpeg 18w, https:\/\/media1.stec.se\/2025\/10\/aygo-pa-bana-1080x720.jpeg 1080w\" sizes=\"auto, (max-width: 300px) 100vw, 300px\" \/><\/p>\n<p>Pay &amp; Drive Toyotan som var s\u00e5 duktig p\u00e5 Kinnekulle \u00e4r nu till salu f\u00f6r team som vill komma ig\u00e5ng med f\u00e4rdig bil pris 3500 euro st\u00e5r i n\u00e4rheten av Kinnekulle redo att h\u00e4mta och det fina \u00e4r att dessa bilar kan man dra med vanlig 1300 bilsl\u00e4p med B kort.\u00a0 Kontakta STEC f\u00f6r smidig aff\u00e4r.<\/p>\n<p>Detta var veckans blog och v\u00e5rt m\u00e5l \u00e4r att \u00e4ven under &#8221;garage s\u00e4songen&#8221; skriva en blogg i veckan med info om stec men \u00e4ven om det som h\u00e4nder med samverkan och f\u00f6retag som \u00e4r med p\u00e5 <a href=\"http:\/\/www.motorfestivaler.se\">www.motorfestivaler.se<\/a> f\u00f6r detta kommer kunna bli v\u00e4ldigt bra f\u00f6r alla inblandade.\u00a0 Idag \u00e4r det ett sp\u00e4nnande m\u00f6te i Sundbyberg som vi ser som sp\u00e4nnande.<\/p>\n<p><iframe loading=\"lazy\" title=\"Stec premi\u00e4r 2026 \" width=\"1080\" height=\"608\" src=\"https:\/\/www.youtube.com\/embed\/4hBsyYeA5do?feature=oembed\" frameborder=\"0\" allow=\"accelerometer; autoplay; clipboard-write; encrypted-media; gyroscope; picture-in-picture; web-share\" referrerpolicy=\"strict-origin-when-cross-origin\" allowfullscreen><\/iframe><\/p>\n<p><img loading=\"lazy\" decoding=\"async\" class=\"size-medium wp-image-14764 aligncenter\" src=\"https:\/\/media1.stec.se\/2025\/09\/2026-prel-1-212x300.png\" alt=\"\" width=\"212\" height=\"300\" srcset=\"https:\/\/media1.stec.se\/2025\/09\/2026-prel-1-212x300.png 212w, https:\/\/media1.stec.se\/2025\/09\/2026-prel-1-724x1024.png 724w, https:\/\/media1.stec.se\/2025\/09\/2026-prel-1-768x1086.png 768w, https:\/\/media1.stec.se\/2025\/09\/2026-prel-1-1086x1536.png 1086w, https:\/\/media1.stec.se\/2025\/09\/2026-prel-1-8x12.png 8w, https:\/\/media1.stec.se\/2025\/09\/2026-prel-1-1080x1528.png 1080w, https:\/\/media1.stec.se\/2025\/09\/2026-prel-1.png 1414w\" sizes=\"auto, (max-width: 212px) 100vw, 212px\" \/><\/p>\n<p>&nbsp;<\/p>\n<p>&nbsp;<\/p>","protected":false},"excerpt":{"rendered":"<p>Bloggen 4 Oktober b\u00f6rjar med \u00e5terblick med bilder fr\u00e5n finalen p\u00e5 Kinnekulle.\u00a0 Bilder fr\u00e5n Anton https:\/\/immich.edgydisc.se\/share\/uH3ze4fOOeZvWZdEqbiBe92_e-O4gBVy76TbYswaOmNPg1hFQNyyulJhPIhEXripJOs Bilder fr\u00e5n Albin https:\/\/immich.sweplox.cloud\/share\/B3bY_2WzHd_XwlHjOtEGU3afxjN6Ru-mw6-Dhsx3fqe1QUEFu2tJcCvBveyo3bcdm-0 Dela tagga med ge credd till dessa\u00a0 duktiga media killar https:\/\/www.instagram.com\/edgydisc.foto\/ https:\/\/www.instagram.com\/hakansonfoto\/ Reportage fr\u00e5n Kinnekulle fr\u00e5n Mtorextra https:\/\/www.motorextra.se\/kinnekulle-motorfest-bjod-pa-skandinaviska-masterskapet-i-langloppsracing-oppen-trackday\/ Fler samverkan byggs upp inf\u00f6r 2026 Denna g\u00e5ng har vi n\u00f6jet att presentera https:\/\/www.tmh.se\/ som \u00e4r grymt [&hellip;]<\/p>\n","protected":false},"author":2,"featured_media":14880,"comment_status":"open","ping_status":"open","sticky":false,"template":"","format":"standard","meta":{"_et_pb_use_builder":"","_et_pb_old_content":"","footnotes":""},"categories":[1],"tags":[],"class_list":["post-14879","post","type-post","status-publish","format-standard","has-post-thumbnail","hentry","category-uncategorized"],"aioseo_notices":[],"_links":{"self":[{"href":"https:\/\/stec.se\/en\/wp-json\/wp\/v2\/posts\/14879","targetHints":{"allow":["GET"]}}],"collection":[{"href":"https:\/\/stec.se\/en\/wp-json\/wp\/v2\/posts"}],"about":[{"href":"https:\/\/stec.se\/en\/wp-json\/wp\/v2\/types\/post"}],"author":[{"embeddable":true,"href":"https:\/\/stec.se\/en\/wp-json\/wp\/v2\/users\/2"}],"replies":[{"embeddable":true,"href":"https:\/\/stec.se\/en\/wp-json\/wp\/v2\/comments?post=14879"}],"version-history":[{"count":3,"href":"https:\/\/stec.se\/en\/wp-json\/wp\/v2\/posts\/14879\/revisions"}],"predecessor-version":[{"id":14884,"href":"https:\/\/stec.se\/en\/wp-json\/wp\/v2\/posts\/14879\/revisions\/14884"}],"wp:featuredmedia":[{"embeddable":true,"href":"https:\/\/stec.se\/en\/wp-json\/wp\/v2\/media\/14880"}],"wp:attachment":[{"href":"https:\/\/stec.se\/en\/wp-json\/wp\/v2\/media?parent=14879"}],"wp:term":[{"taxonomy":"category","embeddable":true,"href":"https:\/\/stec.se\/en\/wp-json\/wp\/v2\/categories?post=14879"},{"taxonomy":"post_tag","embeddable":true,"href":"https:\/\/stec.se\/en\/wp-json\/wp\/v2\/tags?post=14879"}],"curies":[{"name":"wp","href":"https:\/\/api.w.org\/{rel}","templated":true}]}}