{"id":13846,"date":"2025-05-11T21:23:16","date_gmt":"2025-05-11T21:23:16","guid":{"rendered":"https:\/\/stec.se\/?p=13846"},"modified":"2025-05-12T05:49:07","modified_gmt":"2025-05-12T05:49:07","slug":"bloggen-12-maj-med-nya-team-succe-i-goteborg-andringar-i-norge-kinnekulle-hagrar","status":"publish","type":"post","link":"https:\/\/stec.se\/en\/bloggen-12-maj-med-nya-team-succe-i-goteborg-andringar-i-norge-kinnekulle-hagrar\/","title":{"rendered":"Bloggen 12 Maj med nya team , Succe i G\u00f6teborg , \u00c4ndringar i Norge , Kinnekulle h\u00e4grar"},"content":{"rendered":"<p>Fler nya team s\u00f6ker sig till STEC 2025 denna g\u00e5ng Team Seven med bes\u00e4ttning<\/p>\n<div>Simon Gustavsson<\/div>\n<div>Robert Kloiber<\/div>\n<div>Mikael Simlin Nyman<\/div>\n<div>Pontus Erstrand<\/div>\n<div>Adam Linder<\/div>\n<p><img loading=\"lazy\" decoding=\"async\" class=\"alignnone size-medium wp-image-13847\" src=\"https:\/\/media1.stec.se\/2025\/05\/438223285_7241603419277595_4926947566637993029_n-300x169.jpg\" alt=\"\" width=\"300\" height=\"169\" srcset=\"https:\/\/media1.stec.se\/2025\/05\/438223285_7241603419277595_4926947566637993029_n-300x169.jpg 300w, https:\/\/media1.stec.se\/2025\/05\/438223285_7241603419277595_4926947566637993029_n-1024x576.jpg 1024w, https:\/\/media1.stec.se\/2025\/05\/438223285_7241603419277595_4926947566637993029_n-768x432.jpg 768w, https:\/\/media1.stec.se\/2025\/05\/438223285_7241603419277595_4926947566637993029_n-18x10.jpg 18w, https:\/\/media1.stec.se\/2025\/05\/438223285_7241603419277595_4926947566637993029_n-1080x607.jpg 1080w, https:\/\/media1.stec.se\/2025\/05\/438223285_7241603419277595_4926947566637993029_n.jpg 1286w\" sizes=\"auto, (max-width: 300px) 100vw, 300px\" \/><\/p>\n<p>Teamet har tidigare k\u00f6rt den perfekta instegsklassen R4F som \u00e4r duktiga p\u00e5 att skapa nya team till endurance t\u00e4vlande. Vi f\u00e5r nu i SM serien fler team som h\u00f6r av sig \u00e4ven fr\u00e5n den popul\u00e4ra Krutcupen som k\u00f6rdes under helgen med 300 varv p\u00e5 en 700 meter l\u00e5ng folkracebana i kungshamn. = Det \u00e4r 210 km p\u00e5 en bana som max kan vara 80 km\/h p\u00e5.\u00a0 <a href=\"http:\/\/www.krutcupen.se\">www.krutcupen.se<\/a><\/p>\n<p><img loading=\"lazy\" decoding=\"async\" class=\"alignnone size-medium wp-image-13849\" src=\"https:\/\/media1.stec.se\/2025\/05\/anders-169x300.jpg\" alt=\"\" width=\"169\" height=\"300\" srcset=\"https:\/\/media1.stec.se\/2025\/05\/anders-169x300.jpg 169w, https:\/\/media1.stec.se\/2025\/05\/anders-576x1024.jpg 576w, https:\/\/media1.stec.se\/2025\/05\/anders-768x1365.jpg 768w, https:\/\/media1.stec.se\/2025\/05\/anders-864x1536.jpg 864w, https:\/\/media1.stec.se\/2025\/05\/anders-7x12.jpg 7w, https:\/\/media1.stec.se\/2025\/05\/anders-1080x1920.jpg 1080w, https:\/\/media1.stec.se\/2025\/05\/anders.jpg 1152w\" sizes=\"auto, (max-width: 169px) 100vw, 169px\" \/><\/p>\n<p>Redan lastad \u00e4r team J\u00e4rnbo Pay&amp;Drive inf\u00f6r Tierp Arena. Det som varit med k\u00e4nner igen denna fina Volvo T4 s 40 Nu har du m\u00f6jlighet att vara en del av detta team som k\u00f6r p\u00e5 Tierp Arena 24 Maj. Pay&amp;Drive \u00e4r ett v\u00e4ldigt smidigt s\u00e4tt att vara med i racingen och ett enkelt k\u00f6pa in sig i ett befintligt team. Vill du vara med s\u00e5 kontakta oss p\u00e5 <a href=\"stec@stec.se\"><em><strong>e-mail<\/strong><\/em><\/a> s\u00e5 f\u00f6rmedlar vi kontakten.<\/p>\n<p>STEC har varit i G\u00f6teborg och V\u00e5rg\u00e5rda i helgen <a href=\"https:\/\/www.gp.se\/nyheter\/goteborg\/folklig-motortraff-pa-hisingen-med-fokus-pa-barnen.12dc1fee-a705-4d9b-9874-64b65f82c418\"><em><strong>Klicka\u00a0\u00a0<\/strong><\/em><\/a><\/p>\n<p>Detta f\u00f6r att redan nu b\u00f6rja flytta tankarna inf\u00f6r Kinnekulle som \u00e4r Svenska \u00d6ppna l\u00e5ngloppsfinalen 27 September. och b\u00f6rja planera f\u00f6r teamen i v\u00e4sta g\u00f6taland att finna stec och k\u00f6ra Facebook event\u00a0 <a href=\"https:\/\/www.facebook.com\/events\/2346260409068940\"><em><strong>https:\/\/www.facebook.com\/events\/2346260409068940\u00a0\u00a0\u00a0<\/strong><\/em><\/a><\/p>\n<p>Tierp h\u00e5ller p\u00e5 att formas till ett riktigt stort event.\u00a0 <a href=\"https:\/\/tierparena.com\/tierp-arenas-motorfest-24-maj-2025\/\"><em><strong>Klicka\u00a0\u00a0 <\/strong><\/em><\/a>Vi fr\u00e5n stec sl\u00e5r p\u00e5 stora trumman och kommar jobba med Live s\u00e4ndningar osv.<\/p>\n<p><img loading=\"lazy\" decoding=\"async\" class=\"alignnone size-medium wp-image-12847\" src=\"https:\/\/media1.stec.se\/2024\/06\/stec-norge-300x61.png\" alt=\"\" width=\"300\" height=\"61\" srcset=\"https:\/\/media1.stec.se\/2024\/06\/stec-norge-300x61.png 300w, https:\/\/media1.stec.se\/2024\/06\/stec-norge-768x156.png 768w, https:\/\/media1.stec.se\/2024\/06\/stec-norge.png 977w\" sizes=\"auto, (max-width: 300px) 100vw, 300px\" \/><\/p>\n<div id=\"attachment_12162\" style=\"width: 310px\" class=\"wp-caption alignnone\"><img loading=\"lazy\" decoding=\"async\" aria-describedby=\"caption-attachment-12162\" class=\"size-medium wp-image-12162\" src=\"https:\/\/media1.stec.se\/2023\/12\/4076_cap_STEC-4-300x212.jpg\" alt=\"\" width=\"300\" height=\"212\" srcset=\"https:\/\/media1.stec.se\/2023\/12\/4076_cap_STEC-4-300x212.jpg 300w, https:\/\/media1.stec.se\/2023\/12\/4076_cap_STEC-4-1024x724.jpg 1024w, https:\/\/media1.stec.se\/2023\/12\/4076_cap_STEC-4-768x543.jpg 768w, https:\/\/media1.stec.se\/2023\/12\/4076_cap_STEC-4-400x284.jpg 400w, https:\/\/media1.stec.se\/2023\/12\/4076_cap_STEC-4-1080x763.jpg 1080w, https:\/\/media1.stec.se\/2023\/12\/4076_cap_STEC-4.jpg 1500w\" sizes=\"auto, (max-width: 300px) 100vw, 300px\" \/><p id=\"caption-attachment-12162\" class=\"wp-caption-text\">kepsen 2024 Norge i kalendern<\/p><\/div>\n<p>Tyv\u00e4rr kommer Roger Sandberg inte vara en del av STEC satsningen i Norge. Arbetet har p\u00e5b\u00f6rjats att finna en Norsk ambassad\u00f6r och flera interjuver kommer h\u00e5llas i n\u00e4rtid. Har du ett bra namn s\u00e5 tipsa g\u00e4rna om denna tj\u00e4nst p\u00e5 e-mail stec@stec.se<\/p>\n<p>Motorfesten i Tierp 24 Maj. Vi samverkar med flera och bland annat dessa tjejer ser mycket fram emot Tierp.<\/p>\n<p><iframe loading=\"lazy\" title=\"STYLAR 740 INF\u00d6R TIERP ARENA! - HJ\u00c4LP\" width=\"1080\" height=\"608\" src=\"https:\/\/www.youtube.com\/embed\/jeVPuK5anBk?feature=oembed\" frameborder=\"0\" allow=\"accelerometer; autoplay; clipboard-write; encrypted-media; gyroscope; picture-in-picture; web-share\" referrerpolicy=\"strict-origin-when-cross-origin\" allowfullscreen><\/iframe><\/p>\n<p><img loading=\"lazy\" decoding=\"async\" class=\"alignnone size-medium wp-image-1472\" src=\"https:\/\/media1.stec.se\/2017\/06\/anmc3a4lan-300x112.jpg\" alt=\"\" width=\"300\" height=\"112\" srcset=\"https:\/\/media1.stec.se\/2017\/06\/anmc3a4lan-300x112.jpg 300w, https:\/\/media1.stec.se\/2017\/06\/anmc3a4lan.jpg 368w\" sizes=\"auto, (max-width: 300px) 100vw, 300px\" \/><\/p>\n<p>Vi siktar p\u00e5 minst 20 team p\u00e5 Tierp och de team som har anm\u00e4lt sg kommer vi kunna skicka ut startlistan till i veckan.<\/p>\n<p>Detta var en kort blogg men vi vill redan nu s\u00e4ga v\u00e4lkommen.<\/p>\n<p>24 Maj Tierp\u00a0 <a href=\"https:\/\/www.facebook.com\/events\/1707618353426859\">https:\/\/www.facebook.com\/events\/1707618353426859<\/a><\/p>\n<p>7 Juni Mo i rana\u00a0 <a href=\"https:\/\/www.facebook.com\/events\/1707618353426859?acontext=%7B%22event_action_history%22%3A[%7B%22extra_data%22%3A%22%22%2C%22mechanism%22%3A%22unknown%22%2C%22surface%22%3A%22home%22%7D%2C%7B%22extra_data%22%3A%22%22%2C%22mechanism%22%3A%22left_rail%22%2C%22surface%22%3A%22bookmark%22%7D%2C%7B%22extra_data%22%3A%22%22%2C%22mechanism%22%3A%22calendar_tab_event%22%2C%22surface%22%3A%22bookmark_calendar%22%7D]%2C%22ref_notif_type%22%3Anull%7D\"><em><strong>Klicka<\/strong><\/em><\/a><\/p>\n<p>Dela dem g\u00e4rna och bjud in v\u00e4nnerna.<\/p>\n<p>&nbsp;<\/p>\n<p>&nbsp;<\/p>\n<p>&nbsp;<\/p>\n<p>&nbsp;<\/p>\n<p>&nbsp;<\/p>\n<p>&nbsp;<\/p>\n<p>&nbsp;<\/p>\n<p>&nbsp;<\/p>\n<p>&nbsp;<\/p>\n","protected":false},"excerpt":{"rendered":"<p>Fler nya team s\u00f6ker sig till STEC 2025 denna g\u00e5ng Team Seven med bes\u00e4ttning Simon Gustavsson Robert Kloiber Mikael Simlin Nyman Pontus Erstrand Adam Linder Teamet har tidigare k\u00f6rt den perfekta instegsklassen R4F som \u00e4r duktiga p\u00e5 att skapa nya team till endurance t\u00e4vlande. Vi f\u00e5r nu i SM serien fler team som h\u00f6r av [&hellip;]<\/p>\n","protected":false},"author":2,"featured_media":13851,"comment_status":"open","ping_status":"open","sticky":false,"template":"","format":"standard","meta":{"_et_pb_use_builder":"","_et_pb_old_content":"","footnotes":""},"categories":[1],"tags":[],"class_list":["post-13846","post","type-post","status-publish","format-standard","has-post-thumbnail","hentry","category-uncategorized"],"aioseo_notices":[],"_links":{"self":[{"href":"https:\/\/stec.se\/en\/wp-json\/wp\/v2\/posts\/13846","targetHints":{"allow":["GET"]}}],"collection":[{"href":"https:\/\/stec.se\/en\/wp-json\/wp\/v2\/posts"}],"about":[{"href":"https:\/\/stec.se\/en\/wp-json\/wp\/v2\/types\/post"}],"author":[{"embeddable":true,"href":"https:\/\/stec.se\/en\/wp-json\/wp\/v2\/users\/2"}],"replies":[{"embeddable":true,"href":"https:\/\/stec.se\/en\/wp-json\/wp\/v2\/comments?post=13846"}],"version-history":[{"count":3,"href":"https:\/\/stec.se\/en\/wp-json\/wp\/v2\/posts\/13846\/revisions"}],"predecessor-version":[{"id":13853,"href":"https:\/\/stec.se\/en\/wp-json\/wp\/v2\/posts\/13846\/revisions\/13853"}],"wp:featuredmedia":[{"embeddable":true,"href":"https:\/\/stec.se\/en\/wp-json\/wp\/v2\/media\/13851"}],"wp:attachment":[{"href":"https:\/\/stec.se\/en\/wp-json\/wp\/v2\/media?parent=13846"}],"wp:term":[{"taxonomy":"category","embeddable":true,"href":"https:\/\/stec.se\/en\/wp-json\/wp\/v2\/categories?post=13846"},{"taxonomy":"post_tag","embeddable":true,"href":"https:\/\/stec.se\/en\/wp-json\/wp\/v2\/tags?post=13846"}],"curies":[{"name":"wp","href":"https:\/\/api.w.org\/{rel}","templated":true}]}}