{"id":13538,"date":"2025-02-07T12:01:56","date_gmt":"2025-02-07T12:01:56","guid":{"rendered":"https:\/\/stec.se\/?p=13538"},"modified":"2025-02-07T12:01:56","modified_gmt":"2025-02-07T12:01:56","slug":"bloggen-8-februari-slut-pa-turbo-dribbel-porsche-c-1-foretagsbilar-handikappbil","status":"publish","type":"post","link":"https:\/\/stec.se\/en\/bloggen-8-februari-slut-pa-turbo-dribbel-porsche-c-1-foretagsbilar-handikappbil\/","title":{"rendered":"Bloggen 8 Februari. Slut p\u00e5 turbo dribbel, Porsche, C-1 f\u00f6retagsbilar, handikappbil"},"content":{"rendered":"<p><strong>Bloggen 8 februari\u00a0<\/strong>b\u00f6rjar med en v\u00e4ldigt positiv nyhet.<\/p>\n<p>Handikappanpassad bil i C-1 Nordic klassen. Nu bygger vi upp en automatv\u00e4xlad C-1 som \u00e4r anpassad med handgas,broms f\u00f6r att vi verkligen vill kunna p\u00e5 allvar skriva att detta \u00e4r &#8221;Racing f\u00f6r alla&#8221; Bilen kommer vara en ska Pay&amp;drive bil S\u00e5 vi s\u00f6ker nu f\u00f6rare som vill k\u00f6ra racing och har behov av detta koncept.<\/p>\n<p><img loading=\"lazy\" decoding=\"async\" class=\"size-medium wp-image-13540 aligncenter\" src=\"https:\/\/media1.stec.se\/2025\/02\/c-1-company-cars--300x251.png\" alt=\"\" width=\"300\" height=\"251\" srcset=\"https:\/\/media1.stec.se\/2025\/02\/c-1-company-cars--300x251.png 300w, https:\/\/media1.stec.se\/2025\/02\/c-1-company-cars--768x644.png 768w, https:\/\/media1.stec.se\/2025\/02\/c-1-company-cars-.png 940w\" sizes=\"auto, (max-width: 300px) 100vw, 300px\" \/><\/p>\n<div class=\"xdj266r x11i5rnm xat24cr x1mh8g0r x1vvkbs x126k92a\">\n<div dir=\"auto\">Vi tror p\u00e5 samverkan med f\u00f6retag som vill profilera sig i en stark k\u00f6pgrupp. Just nu bygger vi 6 stycken C-1 bilar som ska t\u00e4vla i Sverige \/ Norge i det skandinaviska m\u00e4sterskapet.<\/div>\n<\/div>\n<div class=\"x11i5rnm xat24cr x1mh8g0r x1vvkbs xtlvy1s x126k92a\">\n<div dir=\"auto\">Vill du veta hur ditt f\u00f6retag kan f\u00e5 en snygg marknadsf\u00f6ring och samtidigt g\u00f6ra n\u00e5got kul f\u00f6r din personal,kunder perfekt s\u00e4tt att skapa en bra kundkontakt att bjuda in till racing.<a href=\"mailto:stec@stec.se\"> stec@stec.se<\/a><\/div>\n<\/div>\n<div dir=\"auto\"><\/div>\n<div dir=\"auto\"><strong>Internationell racing\u00a0<\/strong><\/div>\n<div dir=\"auto\"><img loading=\"lazy\" decoding=\"async\" class=\"size-medium wp-image-13541 aligncenter\" src=\"https:\/\/media1.stec.se\/2025\/02\/c1.-racing-international-endurance-300x251.png\" alt=\"\" width=\"300\" height=\"251\" srcset=\"https:\/\/media1.stec.se\/2025\/02\/c1.-racing-international-endurance-300x251.png 300w, https:\/\/media1.stec.se\/2025\/02\/c1.-racing-international-endurance-768x644.png 768w, https:\/\/media1.stec.se\/2025\/02\/c1.-racing-international-endurance.png 940w\" sizes=\"auto, (max-width: 300px) 100vw, 300px\" \/><\/div>\n<div class=\"x11i5rnm xat24cr x1mh8g0r x1vvkbs xtlvy1s x126k92a\">\n<div dir=\"auto\">Vi har f\u00e5tt f\u00f6rfr\u00e5gan om att k\u00f6ra i Portugal med C-1 Racing bilarna och d\u00e5 finns m\u00f6jligheter att g\u00f6ra ett nordisk Pay&amp;drive team. Vi siktar p\u00e5 att k\u00f6ra i December 24 timmars och du f\u00e5r g\u00e4rna vara med i teamet. kostnad ca 2,000 euro beroende p\u00e5 antal f\u00f6rare.<\/div>\n<div dir=\"auto\"><\/div>\n<\/div>\n<div dir=\"auto\"><strong>VIKTIG INFO F\u00d6R TURBOBILAR I KLASS B\u00a0<\/strong><\/div>\n<div dir=\"auto\">Nu har vi f\u00e5tt klart med restriktorerna och skapat en f\u00f6rdelning efter bilens vikt.<\/div>\n<div dir=\"auto\">Restriktorn monteras p\u00e5 inkommande luft till motorn. Minsta avst\u00e5nd mellan restriktor och inkommande luft\/turbo \u00e4r 125 mm. Endast STEC restriktor \u00e4r godk\u00e4nda. All luft som g\u00e5r in i motorns f\u00f6rbr\u00e4nningsrum ska passera restriktorn. Restriktorn \u00e4r framtagna f\u00f6r bilar med handelsbensin EJ E85 enligt f\u00f6ljande. Klass B Bilar med vikt fr\u00e5n 1100 kg. 35 mm restriktor. Bilar med vikt fr\u00e5n 1200 kg. 36 mm restriktor. Bilar med vikt fr\u00e5n 1300 kg. 37 mm restriktor. Vid anmodan fr\u00e5n t\u00e4vlingsledning eller besiktning ska teamet vara behj\u00e4lplig f\u00f6r kontroll av restriktor\/vikt.<\/div>\n<div dir=\"auto\">Denna restriktorer kostar 500 kronor och best\u00e4lls direkt av Tord Bont\u00e9 p\u00e5 <a href=\"mailto:stec@stec.se\">stec@stec.se<\/a><\/div>\n<div dir=\"auto\">Detta med \u00e4rlig bilsport har vi s\u00f6kt l\u00e4nge och \u00e4r helt \u00f6vertygade om att \u00e4ven du gillar n\u00e4r det g\u00e5r sjyst till.<\/div>\n<div dir=\"auto\">Vi b\u00f6rjar med detta direkt p\u00e5 Gotland och vill tacka Tord,Johan,Henrik,Markus som arbetat fram detta.<\/div>\n<div dir=\"auto\"><\/div>\n<div dir=\"auto\" style=\"text-align: center;\"><strong>Gillar du att t\u00e4vla i Porsche ?\u00a0<\/strong><\/div>\n<div dir=\"auto\"><\/div>\n<div dir=\"auto\">\n\n\t\t<style type=\"text\/css\">\n\t\t\t#gallery-1 {\n\t\t\t\tmargin: auto;\n\t\t\t}\n\t\t\t#gallery-1 .gallery-item {\n\t\t\t\tfloat: left;\n\t\t\t\tmargin-top: 10px;\n\t\t\t\ttext-align: center;\n\t\t\t\twidth: 33%;\n\t\t\t}\n\t\t\t#gallery-1 img {\n\t\t\t\tborder: 2px solid #cfcfcf;\n\t\t\t}\n\t\t\t#gallery-1 .gallery-caption {\n\t\t\t\tmargin-left: 0;\n\t\t\t}\n\t\t\t\/* see gallery_shortcode() in wp-includes\/media.php *\/\n\t\t<\/style>\n\t\t<div id='gallery-1' class='gallery galleryid-13538 gallery-columns-3 gallery-size-thumbnail'><dl class='gallery-item'>\n\t\t\t<dt class='gallery-icon portrait'>\n\t\t\t\t<a href='https:\/\/stec.se\/en\/bloggen-8-februari-slut-pa-turbo-dribbel-porsche-c-1-foretagsbilar-handikappbil\/porsche-1\/'><img loading=\"lazy\" decoding=\"async\" width=\"150\" height=\"150\" src=\"https:\/\/media1.stec.se\/2025\/02\/porsche-1-150x150.jpg\" class=\"attachment-thumbnail size-thumbnail\" alt=\"\" \/><\/a>\n\t\t\t<\/dt><\/dl><dl class='gallery-item'>\n\t\t\t<dt class='gallery-icon portrait'>\n\t\t\t\t<a href='https:\/\/stec.se\/en\/bloggen-8-februari-slut-pa-turbo-dribbel-porsche-c-1-foretagsbilar-handikappbil\/porsche-2-3\/'><img loading=\"lazy\" decoding=\"async\" width=\"150\" height=\"150\" src=\"https:\/\/media1.stec.se\/2025\/02\/porsche-2-150x150.jpg\" class=\"attachment-thumbnail size-thumbnail\" alt=\"\" \/><\/a>\n\t\t\t<\/dt><\/dl><dl class='gallery-item'>\n\t\t\t<dt class='gallery-icon portrait'>\n\t\t\t\t<a href='https:\/\/stec.se\/en\/bloggen-8-februari-slut-pa-turbo-dribbel-porsche-c-1-foretagsbilar-handikappbil\/porsche-3-2\/'><img loading=\"lazy\" decoding=\"async\" width=\"150\" height=\"150\" src=\"https:\/\/media1.stec.se\/2025\/02\/porsche-3-150x150.jpg\" class=\"attachment-thumbnail size-thumbnail\" alt=\"\" \/><\/a>\n\t\t\t<\/dt><\/dl><br style=\"clear: both\" \/>\n\t\t<\/div>\n\n<p>Nu har du m\u00f6jlighet att t\u00e4vla i Porsche Pay&amp;Drive team<\/p>\n\n\t\t<style type=\"text\/css\">\n\t\t\t#gallery-2 {\n\t\t\t\tmargin: auto;\n\t\t\t}\n\t\t\t#gallery-2 .gallery-item {\n\t\t\t\tfloat: left;\n\t\t\t\tmargin-top: 10px;\n\t\t\t\ttext-align: center;\n\t\t\t\twidth: 50%;\n\t\t\t}\n\t\t\t#gallery-2 img {\n\t\t\t\tborder: 2px solid #cfcfcf;\n\t\t\t}\n\t\t\t#gallery-2 .gallery-caption {\n\t\t\t\tmargin-left: 0;\n\t\t\t}\n\t\t\t\/* see gallery_shortcode() in wp-includes\/media.php *\/\n\t\t<\/style>\n\t\t<div id='gallery-2' class='gallery galleryid-13538 gallery-columns-2 gallery-size-large'><dl class='gallery-item'>\n\t\t\t<dt class='gallery-icon portrait'>\n\t\t\t\t<a href='https:\/\/stec.se\/en\/bloggen-8-februari-slut-pa-turbo-dribbel-porsche-c-1-foretagsbilar-handikappbil\/2025-pay-drive-5-2\/'><img loading=\"lazy\" decoding=\"async\" width=\"724\" height=\"1024\" src=\"https:\/\/media1.stec.se\/2025\/02\/2025-Pay-Drive-5-1-724x1024.png\" class=\"attachment-large size-large\" alt=\"\" srcset=\"https:\/\/media1.stec.se\/2025\/02\/2025-Pay-Drive-5-1-724x1024.png 724w, https:\/\/media1.stec.se\/2025\/02\/2025-Pay-Drive-5-1-212x300.png 212w, https:\/\/media1.stec.se\/2025\/02\/2025-Pay-Drive-5-1-768x1086.png 768w, https:\/\/media1.stec.se\/2025\/02\/2025-Pay-Drive-5-1-1086x1536.png 1086w, https:\/\/media1.stec.se\/2025\/02\/2025-Pay-Drive-5-1-1080x1528.png 1080w, https:\/\/media1.stec.se\/2025\/02\/2025-Pay-Drive-5-1.png 1414w\" sizes=\"auto, (max-width: 724px) 100vw, 724px\" \/><\/a>\n\t\t\t<\/dt><\/dl><dl class='gallery-item'>\n\t\t\t<dt class='gallery-icon portrait'>\n\t\t\t\t<a href='https:\/\/stec.se\/en\/bloggen-8-februari-slut-pa-turbo-dribbel-porsche-c-1-foretagsbilar-handikappbil\/2025-pay-drive-3\/'><img loading=\"lazy\" decoding=\"async\" width=\"724\" height=\"1024\" src=\"https:\/\/media1.stec.se\/2025\/02\/2025-Pay-Drive-3-724x1024.png\" class=\"attachment-large size-large\" alt=\"\" srcset=\"https:\/\/media1.stec.se\/2025\/02\/2025-Pay-Drive-3-724x1024.png 724w, https:\/\/media1.stec.se\/2025\/02\/2025-Pay-Drive-3-212x300.png 212w, https:\/\/media1.stec.se\/2025\/02\/2025-Pay-Drive-3-768x1086.png 768w, https:\/\/media1.stec.se\/2025\/02\/2025-Pay-Drive-3-1086x1536.png 1086w, https:\/\/media1.stec.se\/2025\/02\/2025-Pay-Drive-3-1080x1528.png 1080w, https:\/\/media1.stec.se\/2025\/02\/2025-Pay-Drive-3.png 1414w\" sizes=\"auto, (max-width: 724px) 100vw, 724px\" \/><\/a>\n\t\t\t<\/dt><\/dl><br style=\"clear: both\" \/>\n\t\t<\/div>\n\n<p>Vi \u00f6nskar dig nu en fantastisk bra weekend och tack f\u00f6r att du delar och sprider denna information till dina racingv\u00e4nner.<\/p>\n<p><a href=\"https:\/\/stec.se\/en\/\">www.stec.se\u00a0<\/a> <a href=\"http:\/\/www.c1nordic.se\">www.c1nordic.se<\/a><\/p>\n<p>&nbsp;<\/p>\n<\/div>\n<div dir=\"auto\"><\/div>\n<div dir=\"auto\"><\/div>\n<p>&nbsp;<\/p>","protected":false},"excerpt":{"rendered":"<p>Bloggen 8 februari\u00a0b\u00f6rjar med en v\u00e4ldigt positiv nyhet. Handikappanpassad bil i C-1 Nordic klassen. Nu bygger vi upp en automatv\u00e4xlad C-1 som \u00e4r anpassad med handgas,broms f\u00f6r att vi verkligen vill kunna p\u00e5 allvar skriva att detta \u00e4r &#8221;Racing f\u00f6r alla&#8221; Bilen kommer vara en ska Pay&amp;drive bil S\u00e5 vi s\u00f6ker nu f\u00f6rare som vill [&hellip;]<\/p>\n","protected":false},"author":2,"featured_media":13539,"comment_status":"open","ping_status":"open","sticky":false,"template":"","format":"standard","meta":{"_et_pb_use_builder":"","_et_pb_old_content":"","footnotes":""},"categories":[1],"tags":[],"class_list":["post-13538","post","type-post","status-publish","format-standard","has-post-thumbnail","hentry","category-uncategorized"],"aioseo_notices":[],"_links":{"self":[{"href":"https:\/\/stec.se\/en\/wp-json\/wp\/v2\/posts\/13538","targetHints":{"allow":["GET"]}}],"collection":[{"href":"https:\/\/stec.se\/en\/wp-json\/wp\/v2\/posts"}],"about":[{"href":"https:\/\/stec.se\/en\/wp-json\/wp\/v2\/types\/post"}],"author":[{"embeddable":true,"href":"https:\/\/stec.se\/en\/wp-json\/wp\/v2\/users\/2"}],"replies":[{"embeddable":true,"href":"https:\/\/stec.se\/en\/wp-json\/wp\/v2\/comments?post=13538"}],"version-history":[{"count":1,"href":"https:\/\/stec.se\/en\/wp-json\/wp\/v2\/posts\/13538\/revisions"}],"predecessor-version":[{"id":13547,"href":"https:\/\/stec.se\/en\/wp-json\/wp\/v2\/posts\/13538\/revisions\/13547"}],"wp:featuredmedia":[{"embeddable":true,"href":"https:\/\/stec.se\/en\/wp-json\/wp\/v2\/media\/13539"}],"wp:attachment":[{"href":"https:\/\/stec.se\/en\/wp-json\/wp\/v2\/media?parent=13538"}],"wp:term":[{"taxonomy":"category","embeddable":true,"href":"https:\/\/stec.se\/en\/wp-json\/wp\/v2\/categories?post=13538"},{"taxonomy":"post_tag","embeddable":true,"href":"https:\/\/stec.se\/en\/wp-json\/wp\/v2\/tags?post=13538"}],"curies":[{"name":"wp","href":"https:\/\/api.w.org\/{rel}","templated":true}]}}