{"id":13453,"date":"2025-01-03T15:26:53","date_gmt":"2025-01-03T15:26:53","guid":{"rendered":"https:\/\/stec.se\/?p=13453"},"modified":"2025-01-03T15:26:53","modified_gmt":"2025-01-03T15:26:53","slug":"arets-forsta-blogg-snostorm-arskort-volvofest","status":"publish","type":"post","link":"https:\/\/stec.se\/en\/arets-forsta-blogg-snostorm-arskort-volvofest\/","title":{"rendered":"\u00c5rets f\u00f6rsta Blogg. Sn\u00f6storm , \u00e5rskort , Volvofest."},"content":{"rendered":"<p><img loading=\"lazy\" decoding=\"async\" class=\"size-medium wp-image-13454 aligncenter\" src=\"https:\/\/media1.stec.se\/2025\/01\/L-1-212x300.png\" alt=\"\" width=\"212\" height=\"300\" srcset=\"https:\/\/media1.stec.se\/2025\/01\/L-1-212x300.png 212w, https:\/\/media1.stec.se\/2025\/01\/L-1-724x1024.png 724w, https:\/\/media1.stec.se\/2025\/01\/L-1-768x1086.png 768w, https:\/\/media1.stec.se\/2025\/01\/L-1-1086x1536.png 1086w, https:\/\/media1.stec.se\/2025\/01\/L-1-1080x1528.png 1080w, https:\/\/media1.stec.se\/2025\/01\/L-1.png 1414w\" sizes=\"auto, (max-width: 212px) 100vw, 212px\" \/><\/p>\n<p><strong>\u00c5rskort med kraftig rabatt<\/strong> Nu kommer \u00e5rskortet som s\u00e4ljs med rej\u00e4l subventionering till aktiva team.<\/p>\n<p>Kortet g\u00e4ller f\u00f6r hela 2025 med 10 t\u00e4vlingsdagar.<\/p>\n<p>Plats f\u00f6r teamet p\u00e5 samtliga motorfestivaler<\/p>\n<p>10 fribiljetter f\u00f6r publik p\u00e5 varje t\u00e4vling.<\/p>\n<p>Licens , Vagnbok , Transponder , f\u00f6rs\u00e4kring ing\u00e5r<\/p>\n<p>Detta erbjudande \u00e4r hela Januari+Februari och faktura skrivs till f\u00f6retag eller privatperson. och betalas inom 10 dagar.<\/p>\n<p>anm\u00e4lan sker p\u00e5 e-mail <em><a href=\"mailto:stec@stec.se\">stec@stec.se<\/a> <\/em>som vanligt.<\/p>\n<p><img loading=\"lazy\" decoding=\"async\" class=\"size-medium wp-image-13455 aligncenter\" src=\"https:\/\/media1.stec.se\/2025\/01\/volvo-300x169.jpeg\" alt=\"\" width=\"300\" height=\"169\" srcset=\"https:\/\/media1.stec.se\/2025\/01\/volvo-300x169.jpeg 300w, https:\/\/media1.stec.se\/2025\/01\/volvo-1024x576.jpeg 1024w, https:\/\/media1.stec.se\/2025\/01\/volvo-768x432.jpeg 768w, https:\/\/media1.stec.se\/2025\/01\/volvo-1536x864.jpeg 1536w, https:\/\/media1.stec.se\/2025\/01\/volvo-1080x608.jpeg 1080w, https:\/\/media1.stec.se\/2025\/01\/volvo.jpeg 1920w\" sizes=\"auto, (max-width: 300px) 100vw, 300px\" \/><\/p>\n<p><strong>STEC \u00e4r inbjudna till Volvofesten 11 Maj\u00a0<\/strong><\/p>\n<p>Som du vet s\u00e5 fyller Volvo snart 100 \u00e5r (2027) S\u00e5 Motorkulturen b\u00f6rjar planera detta och STEC har ju flera volvobilar som \u00e4r med. <em><a href=\"http:\/\/www.volvofesten.se\">www.volvofesten.se<\/a> <\/em>kommer ligga p\u00e5 Volvos fd testbana i Torslanda. bara ett par v\u00e4xlingar fr\u00e5n volvo fabriken. Genom att vara med p\u00e5 detta s\u00e5 har du som team en fantastisk l\u00e4ge att visa upp stec och teamet inf\u00f6r en stor publik och bra uppladdning inf\u00f6r bla Kinnekulle som \u00e4r Sverigefinalen 27 September. kom och st\u00e4ll ut ditt team och sprid volvofesten till alla dina volvov\u00e4nner.\u00a0 Facebook event<a href=\"https:\/\/www.facebook.com\/events\/459170473906087\/\"> https:\/\/www.facebook.com\/events\/459170473906087\/<\/a><\/p>\n<p><img loading=\"lazy\" decoding=\"async\" class=\"size-full wp-image-13456 aligncenter\" src=\"https:\/\/media1.stec.se\/2025\/01\/volvo-car-sorred-1.jpg\" alt=\"\" width=\"300\" height=\"168\" \/><\/p>\n<p>K\u00f6r lugnt i helgen fina v\u00e4nner\u00a0 Rejsar det g\u00f6r vi p\u00e5 banorna i sommar trevlig helg Hasse.<\/p>\n<p><a href=\"https:\/\/www.aftonbladet.se\/nyheter\/a\/Ppq5aX\/snokaos-stor-utmaningar-i-vastsverige\">https:\/\/www.aftonbladet.se\/nyheter\/a\/Ppq5aX\/snokaos-stor-utmaningar-i-vastsverige<\/a><\/p>\n<p>&nbsp;<\/p>\n<p>&nbsp;<\/p>","protected":false},"excerpt":{"rendered":"<p>\u00c5rskort med kraftig rabatt Nu kommer \u00e5rskortet som s\u00e4ljs med rej\u00e4l subventionering till aktiva team. Kortet g\u00e4ller f\u00f6r hela 2025 med 10 t\u00e4vlingsdagar. Plats f\u00f6r teamet p\u00e5 samtliga motorfestivaler 10 fribiljetter f\u00f6r publik p\u00e5 varje t\u00e4vling. Licens , Vagnbok , Transponder , f\u00f6rs\u00e4kring ing\u00e5r Detta erbjudande \u00e4r hela Januari+Februari och faktura skrivs till f\u00f6retag eller [&hellip;]<\/p>\n","protected":false},"author":2,"featured_media":13456,"comment_status":"open","ping_status":"open","sticky":false,"template":"","format":"standard","meta":{"_et_pb_use_builder":"","_et_pb_old_content":"","footnotes":""},"categories":[1],"tags":[],"class_list":["post-13453","post","type-post","status-publish","format-standard","has-post-thumbnail","hentry","category-uncategorized"],"aioseo_notices":[],"_links":{"self":[{"href":"https:\/\/stec.se\/en\/wp-json\/wp\/v2\/posts\/13453","targetHints":{"allow":["GET"]}}],"collection":[{"href":"https:\/\/stec.se\/en\/wp-json\/wp\/v2\/posts"}],"about":[{"href":"https:\/\/stec.se\/en\/wp-json\/wp\/v2\/types\/post"}],"author":[{"embeddable":true,"href":"https:\/\/stec.se\/en\/wp-json\/wp\/v2\/users\/2"}],"replies":[{"embeddable":true,"href":"https:\/\/stec.se\/en\/wp-json\/wp\/v2\/comments?post=13453"}],"version-history":[{"count":1,"href":"https:\/\/stec.se\/en\/wp-json\/wp\/v2\/posts\/13453\/revisions"}],"predecessor-version":[{"id":13457,"href":"https:\/\/stec.se\/en\/wp-json\/wp\/v2\/posts\/13453\/revisions\/13457"}],"wp:featuredmedia":[{"embeddable":true,"href":"https:\/\/stec.se\/en\/wp-json\/wp\/v2\/media\/13456"}],"wp:attachment":[{"href":"https:\/\/stec.se\/en\/wp-json\/wp\/v2\/media?parent=13453"}],"wp:term":[{"taxonomy":"category","embeddable":true,"href":"https:\/\/stec.se\/en\/wp-json\/wp\/v2\/categories?post=13453"},{"taxonomy":"post_tag","embeddable":true,"href":"https:\/\/stec.se\/en\/wp-json\/wp\/v2\/tags?post=13453"}],"curies":[{"name":"wp","href":"https:\/\/api.w.org\/{rel}","templated":true}]}}