{"id":13317,"date":"2024-11-01T08:27:53","date_gmt":"2024-11-01T08:27:53","guid":{"rendered":"https:\/\/stec.se\/?p=13317"},"modified":"2024-11-01T08:27:53","modified_gmt":"2024-11-01T08:27:53","slug":"stec-bloggen-1-november","status":"publish","type":"post","link":"https:\/\/stec.se\/en\/stec-bloggen-1-november\/","title":{"rendered":"STEC Bloggen 1 November"},"content":{"rendered":"<p><strong>Ny m\u00e5nad och naturligtvis en ny blogg.\u00a0<\/strong><\/p>\n<p>Nu b\u00f6rjar den intensiva garages\u00e4songen f\u00f6r teamen och som arrang\u00f6r skapande av en \u00e4nnu b\u00e4ttre serie 2025.<\/p>\n<p>F\u00f6r det \u00e4r m\u00e5let b\u00e5de som team och arrang\u00f6r att hela tiden st\u00e4ppa upp inf\u00f6r kommande s\u00e4song.<\/p>\n<div style=\"width: 1080px;\" class=\"wp-video\"><video class=\"wp-video-shortcode\" id=\"video-13317-1\" width=\"1080\" height=\"608\" preload=\"metadata\" controls=\"controls\"><source type=\"video\/mp4\" src=\"https:\/\/media1.stec.se\/2024\/11\/B-Zero-.mp4?_=1\" \/><a href=\"https:\/\/media1.stec.se\/2024\/11\/B-Zero-.mp4\">https:\/\/media1.stec.se\/2024\/11\/B-Zero-.mp4<\/a><\/video><\/div>\n<p>&nbsp;<\/p>\n<p>En av de sp\u00e4nnande ideerna inf\u00f6r 2025 \u00e4r just detta med <a href=\"https:\/\/www.motorextra.se\/stec-skapar-nytt-racingfenomen-pa-nordisk-mark-b-zero-endurance-fair-racing-for-alla\/?fbclid=IwY2xjawGMXR1leHRuA2FlbQIxMAABHf9t_lZ8Za01MQwaat7btV8Zt1ySklii_oWclyQ_j5q9p6zUSLrAHqbU5w_aem_ijRNZud9PduE_UPeqWe8EA\"><em><strong>C-1 Endurance Klicka\u00a0<\/strong><\/em><\/a><\/p>\n<p>Som vi tror mycket p\u00e5 efter att st\u00e5tt p\u00e5 Oslo Motor Show och promotat detta.<\/p>\n<p>Bilarna \u00e4r roliga och mycket ekonomiskt riktiga och vi kommer samverka i norge med<a href=\"https:\/\/www.b-zeroracing.com\/\"><em><strong> https:\/\/www.b-zeroracing.com\/<\/strong><\/em><\/a><\/p>\n<p>Teamen k\u00f6r en enhetsklass och kommer vara en del p\u00e5 varje t\u00e4vlingshelg 2025 k\u00f6r ihop med \u00f6vriga stec A-B-C<\/p>\n<p>Ett annat samarbete \u00e4r detta med MC delen <a href=\"https:\/\/www.facebook.com\/groups\/970928394842446\/posts\/971656018103017\/\"><em><strong>Click\u00a0 <\/strong><\/em><\/a>Med den gemensamma satsningen har vi n\u00e5tt 2 viktiga m\u00e5lbilder som vi har inom stec.\u00a0 1 K\u00f6ra i samverkan med Norge\u00a0 2 finna en MC arrang\u00f6r och f\u00e5 med den motordelen i stec familjen.<\/p>\n<p>Ett projekt vi jobbar p\u00e5 \u00e4r Spanien\/Portugal vinter serie. D\u00e4r kommer vi vara med p\u00e5 bla <a href=\"https:\/\/gt-winter-series.com\/\"><em><strong>https:\/\/gt-winter-series.com\/<\/strong><\/em><\/a><\/p>\n<p>Men \u00e4ven b\u00f6rja skapa m\u00f6jligheter f\u00f6r dig som f\u00f6rare b\u00f6rja k\u00f6ra trackday i samarbete med <a href=\"https:\/\/gedlich-racing.com\/\"><em><strong>https:\/\/gedlich-racing.com\/<\/strong><\/em><\/a><\/p>\n<p>Vi har \u00e4ven korat \u00e5rets STEC Junior som 2024 blev Ludwig Andersson fr\u00e5n team Ovansj\u00f6 Racing som f\u00e5r en resa d\u00e4r vi kommer tr\u00e4ffa duktiga Oliver S\u00f6derstr\u00f6m p\u00e5 finalen i Jerez De La Frontera i serien<\/p>\n<p><a href=\"https:\/\/www.lamborghini.com\/en-en\/motorsport\/super-trofeo\/europe\"><em><strong>https:\/\/www.lamborghini.com\/en-en\/motorsport\/super-trofeo\/europe<\/strong><\/em><\/a><\/p>\n<p>Vi \u00f6nskar Ludwig en kul upplevelse och du har verkligen gjort en fin s\u00e4song med dina v\u00e4nner i teamet.<\/p>\n<p><strong>\u00d6nskar du gratis\u00a0 startavgift 2025?<\/strong><\/p>\n<p>Under November m\u00e5nad \u00e4r det m\u00e5nga f\u00f6retag som s\u00e4tter marknadsf\u00f6ring budgeten f\u00f6r 2025. ett ypperligt tillf\u00e4lle att ta kontakt med dina f\u00f6retagsv\u00e4nner och erbjuda dem marknadsplats , marknadsf\u00f6ring med ditt team , exponeringsyta p\u00e5 t\u00e4vlingarna. Plats p\u00e5 Motorfestivalerna , <a href=\"https:\/\/media1.stec.se\/2024\/10\/forslag-av-samarbete-team-och-STEC-8-1.pdf\">f\u00f6rslag av samarbete team och STEC \u00a0<\/a>V\u00e5r vision och dr\u00f6m vore att 40 team kan f\u00e5 gratis startavgift 2025.\u00a0 L\u00e4s mer om de olika alternativen p\u00e5 hemsidan\u00a0 <a href=\"https:\/\/stec.se\/en\/anmalning\/\"><em><strong>https:\/\/stec.se\/anmalning\/<\/strong><\/em><\/a><\/p>\n<p><strong>Film fr\u00e5n Barcelona\u00a0<\/strong><\/p>\n<p><iframe loading=\"lazy\" title=\"stec sist oktober info\" width=\"1080\" height=\"810\" src=\"https:\/\/www.youtube.com\/embed\/NaG7vFNXSHQ?start=24&#038;feature=oembed\" frameborder=\"0\" allow=\"accelerometer; autoplay; clipboard-write; encrypted-media; gyroscope; picture-in-picture; web-share\" referrerpolicy=\"strict-origin-when-cross-origin\" allowfullscreen><\/iframe><\/p>\n<p>Nu \u00f6nskar vi dig en fantastisk bra start p\u00e5 November M\u00e5nad.<\/p>\n<p><a href=\"https:\/\/stec.se\/en\/\">www.stec.se<\/a><\/p>\n<p><a href=\"mailto:stec@stec.se\">stec@stec.se<\/a><\/p>\n<p>&nbsp;<\/p>\n<p>&nbsp;<\/p>\n<p>&nbsp;<\/p>","protected":false},"excerpt":{"rendered":"<p>Ny m\u00e5nad och naturligtvis en ny blogg.\u00a0 Nu b\u00f6rjar den intensiva garages\u00e4songen f\u00f6r teamen och som arrang\u00f6r skapande av en \u00e4nnu b\u00e4ttre serie 2025. F\u00f6r det \u00e4r m\u00e5let b\u00e5de som team och arrang\u00f6r att hela tiden st\u00e4ppa upp inf\u00f6r kommande s\u00e4song. &nbsp; En av de sp\u00e4nnande ideerna inf\u00f6r 2025 \u00e4r just detta med C-1 Endurance [&hellip;]<\/p>\n","protected":false},"author":2,"featured_media":7496,"comment_status":"open","ping_status":"open","sticky":false,"template":"","format":"standard","meta":{"_et_pb_use_builder":"","_et_pb_old_content":"","footnotes":""},"categories":[1],"tags":[],"class_list":["post-13317","post","type-post","status-publish","format-standard","has-post-thumbnail","hentry","category-uncategorized"],"aioseo_notices":[],"_links":{"self":[{"href":"https:\/\/stec.se\/en\/wp-json\/wp\/v2\/posts\/13317","targetHints":{"allow":["GET"]}}],"collection":[{"href":"https:\/\/stec.se\/en\/wp-json\/wp\/v2\/posts"}],"about":[{"href":"https:\/\/stec.se\/en\/wp-json\/wp\/v2\/types\/post"}],"author":[{"embeddable":true,"href":"https:\/\/stec.se\/en\/wp-json\/wp\/v2\/users\/2"}],"replies":[{"embeddable":true,"href":"https:\/\/stec.se\/en\/wp-json\/wp\/v2\/comments?post=13317"}],"version-history":[{"count":1,"href":"https:\/\/stec.se\/en\/wp-json\/wp\/v2\/posts\/13317\/revisions"}],"predecessor-version":[{"id":13319,"href":"https:\/\/stec.se\/en\/wp-json\/wp\/v2\/posts\/13317\/revisions\/13319"}],"wp:featuredmedia":[{"embeddable":true,"href":"https:\/\/stec.se\/en\/wp-json\/wp\/v2\/media\/7496"}],"wp:attachment":[{"href":"https:\/\/stec.se\/en\/wp-json\/wp\/v2\/media?parent=13317"}],"wp:term":[{"taxonomy":"category","embeddable":true,"href":"https:\/\/stec.se\/en\/wp-json\/wp\/v2\/categories?post=13317"},{"taxonomy":"post_tag","embeddable":true,"href":"https:\/\/stec.se\/en\/wp-json\/wp\/v2\/tags?post=13317"}],"curies":[{"name":"wp","href":"https:\/\/api.w.org\/{rel}","templated":true}]}}