{"id":11976,"date":"2023-11-17T09:29:49","date_gmt":"2023-11-17T09:29:49","guid":{"rendered":"https:\/\/stec.se\/?p=11976"},"modified":"2023-11-17T09:29:49","modified_gmt":"2023-11-17T09:29:49","slug":"bloggen-20-november-studieresa-fantastisk-bygge-black-friday-erbjudande","status":"publish","type":"post","link":"https:\/\/stec.se\/en\/bloggen-20-november-studieresa-fantastisk-bygge-black-friday-erbjudande\/","title":{"rendered":"Bloggen 20 November.  Studieresa , fantastisk bygge , Black friday erbjudande"},"content":{"rendered":"<p><strong>Vinter kallt och j\u00e4vligt<\/strong>.\u00a0 STEC ordnar en studie resa i Januari-Februari<\/p>\n<p>Plats Portugal p\u00e5 fina\u00a0 <a href=\"https:\/\/autodromodoalgarve.com\/\">https:\/\/autodromodoalgarve.com\/<\/a><\/p>\n<p>Tid 20-21 Januari Premi\u00e4r d\u00e5 p\u00e5 denna serie <a href=\"https:\/\/gt-winter-series.com\/\">https:\/\/gt-winter-series.com\/<\/a><\/p>\n<p>Alternativ 2 Spanien p\u00e5 fina banan <a href=\"https:\/\/www.circuitodejerez.com\/\">https:\/\/www.circuitodejerez.com\/<\/a><\/p>\n<p>Tid 10-11 Februari \u00e4ven d\u00e5 i samarbete med GT Winter serie<\/p>\n<p>Pris ca 5000 kr f\u00f6r en weekend med flyg , hotell , biljetter till banan pp<\/p>\n<p>intresse anm\u00e4lan till <a href=\"mailto:stec@stec.se\">stec@stec.se<\/a><\/p>\n<p><iframe loading=\"lazy\" title=\"Stec studie resa 2023\" width=\"1080\" height=\"608\" src=\"https:\/\/www.youtube.com\/embed\/wKyBu_IdmdU?start=124&#038;feature=oembed\" frameborder=\"0\" allow=\"accelerometer; autoplay; clipboard-write; encrypted-media; gyroscope; picture-in-picture; web-share\" allowfullscreen><\/iframe><\/p>\n<p>Vill du l\u00e4gga ett par dagar till i solen s\u00e5 k\u00f6r vi dig g\u00e4rna p\u00e5 ett bes\u00f6k till denna fantastiska anl\u00e4ggning som bla Svenska Lars Lindberg nu bygger upp precis vid gr\u00e4nsen mellan Spanien\/Portugal <a href=\"https:\/\/circuitodosol.pt\/\">https:\/\/circuitodosol.pt\/<\/a><\/p>\n<p><strong>Studiebes\u00f6k\u00a0<\/strong>Varf\u00f6r \u00e4r detta viktigt f\u00f6r oss inom stec ? Jo f\u00f6r det finns ingen handbok att l\u00e4sa hur man skapar bra racing arrangemang. Utan man f\u00e5r ta helt enkelt att studera och kopiera ner till Svenska format.\u00a0 STEC har ju blivit starkt kopierat av exempelvis RM serien som nu ska k\u00f6ra med A-B-C osv men det g\u00f6r ingenting f\u00f6r STEC har ju kopierat detta fr\u00e5n utl\u00e4ndska arrang\u00f6rer. Stec har varit i bla Tyskland , England , Frankrike , Irland , osv osv h\u00e4r inspireras vi denna g\u00e5ng fr\u00e5n formel 1 banan Estoril <a href=\"https:\/\/www.circuito-estoril.pt\/en\/\">https:\/\/www.circuito-estoril.pt\/en\/ <\/a>S\u00e5 vill vi att starten ska g\u00e5 till p\u00e5 starten Mantorp 28 April.<\/p>\n<p><iframe loading=\"lazy\" title=\"Stec start modell 2023\" width=\"1080\" height=\"608\" src=\"https:\/\/www.youtube.com\/embed\/Zc1z0l59WEI?feature=oembed\" frameborder=\"0\" allow=\"accelerometer; autoplay; clipboard-write; encrypted-media; gyroscope; picture-in-picture; web-share\" allowfullscreen><\/iframe><\/p>\n<p>Fryser du om \u00f6ronen? K\u00f6p hem din vinterm\u00f6ssa med stec tryck direkt fr\u00e5n Skyltst\u00e4llet Norrk\u00f6ping <a href=\"http:\/\/www.skyltstallet.se\/lokalkontor\/norrkoping\/\"><strong>Click<\/strong><\/a> vi kommer jobba n\u00e4ra med Skyltst\u00e4llet och dess vd Josef inf\u00f6r 2024 n\u00e4r det g\u00e4ller pop-up t\u00e4lt , beachflaggor, vepor. perfekt present till familjen med varma vinterm\u00f6ssor.. Beh\u00f6ver ni reklam s\u00e5 tveka inte att ringa josef b\u00e5de privat eller firman. Ni vet v\u00e5r st\u00e4ndiga slogan. &#8221; Samverkan skapar gemensam framg\u00e5ng.<\/p>\n<p><img loading=\"lazy\" decoding=\"async\" class=\"size-medium wp-image-11876 aligncenter\" src=\"https:\/\/media1.stec.se\/2023\/10\/STEC-flyer-merch-A5-231019_231019_163010-211x300.jpg\" alt=\"\" width=\"211\" height=\"300\" srcset=\"https:\/\/media1.stec.se\/2023\/10\/STEC-flyer-merch-A5-231019_231019_163010-211x300.jpg 211w, https:\/\/media1.stec.se\/2023\/10\/STEC-flyer-merch-A5-231019_231019_163010-722x1024.jpg 722w, https:\/\/media1.stec.se\/2023\/10\/STEC-flyer-merch-A5-231019_231019_163010-768x1089.jpg 768w, https:\/\/media1.stec.se\/2023\/10\/STEC-flyer-merch-A5-231019_231019_163010.jpg 1080w\" sizes=\"auto, (max-width: 211px) 100vw, 211px\" \/><\/p>\n<p><strong>Vinnarbil till Salu\u00a0<\/strong><\/p>\n<p><img loading=\"lazy\" decoding=\"async\" class=\"size-medium wp-image-11103 aligncenter\" src=\"https:\/\/media1.stec.se\/2023\/04\/ED-racing-300x156.jpg\" alt=\"\" width=\"300\" height=\"156\" srcset=\"https:\/\/media1.stec.se\/2023\/04\/ED-racing-300x156.jpg 300w, https:\/\/media1.stec.se\/2023\/04\/ED-racing-768x399.jpg 768w, https:\/\/media1.stec.se\/2023\/04\/ED-racing.jpg 805w\" sizes=\"auto, (max-width: 300px) 100vw, 300px\" \/><\/p>\n<div class=\"xdj266r x11i5rnm xat24cr x1mh8g0r x1vvkbs x126k92a\">\n<div dir=\"auto\">BMW 328ci -00<\/div>\n<\/div>\n<div class=\"x11i5rnm xat24cr x1mh8g0r x1vvkbs xtlvy1s x126k92a\">\n<div dir=\"auto\">Byggd f\u00f6r l\u00e5nglopp inf\u00f6r s\u00e4songen 2021.<\/div>\n<div dir=\"auto\">Uppdaterad l\u00f6pande inf\u00f6r s\u00e4songen 2022 och 2023.<\/div>\n<div dir=\"auto\">2021 &#8211; SM-silver, STEC klass C (6-timmars)<\/div>\n<div dir=\"auto\">2022 &#8211; SM-guld, STEC klass C (6-timmars)<\/div>\n<div dir=\"auto\">2023 &#8211; SM-silver, STEC klass C (6-timmars)<\/div>\n<div dir=\"auto\">Ca 120h racetid under dessa 3\u00e5r med endast 1 bruten t\u00e4vling med 45min kvar, tidigt s\u00e4song 2021.<\/div>\n<div dir=\"auto\">2022 &#8211; flest k\u00f6rda varv\/km i hela serien och inget brutet race.<\/div>\n<div dir=\"auto\">2023 &#8211; Inga brutna race, 3283.7 km k\u00f6rda, 30km efter 1:a plats totalt i serien.<\/div>\n<div dir=\"auto\">Motor; M52B28tu<\/div>\n<div dir=\"auto\">V\u00e4xell\u00e5da; ZF 5-v\u00e4xlad<\/div>\n<div dir=\"auto\">Bakaxel; 188 utv 3.73 alt 2.93<\/div>\n<div dir=\"auto\">Insug fr\u00e5n M54B30<\/div>\n<div dir=\"auto\">M52B28 grenr\u00f6r utan kattar f\u00f6r b\u00e4ttre fl\u00f6de<\/div>\n<div dir=\"auto\">\u00d6hlins R&amp;T chassi ( Custom anpassat f\u00f6r e46 icke M3, shimsat f\u00f6r bank\u00f6rning )<\/div>\n<div dir=\"auto\">Finess bur &#8211; Racing v-d\u00f6rr + stag under instrumentpanel<\/div>\n<div dir=\"auto\">F\u00f6rst\u00e4rkt inf\u00e4stning i bakvagn<\/div>\n<div dir=\"auto\">Strongflex bussningar i bakvagn<\/div>\n<div dir=\"auto\">Strongflex bussning i framvagn<\/div>\n<div dir=\"auto\">St\u00e4llbara camberstag bakvagn<\/div>\n<div dir=\"auto\">Camberplattor fram<\/div>\n<div dir=\"auto\">Coolerworx Short Shift Pro Spakst\u00e4ll + E46 adapter<\/div>\n<div dir=\"auto\">Brandsl\u00e4ckarsystem 2 munstycken kup\u00e9, 2 motor<\/div>\n<div dir=\"auto\">4st JR SL01 17&#215;8 et30<\/div>\n<div dir=\"auto\">Seibon Kolfibervinge &#8211; 140cm<\/div>\n<div dir=\"auto\">Sparco EVO 2 GRP Tech (f\u00f6rars\u00e4te)<\/div>\n<div dir=\"auto\">Sparco Sprint (passagerare)<\/div>\n<div dir=\"auto\">2x FIA-godk\u00e4nt 6-punkt b\u00e4lte nytt ( 2023 )<\/div>\n<div dir=\"auto\">Sparco glidskena f\u00f6rarplats ( nytt 2023 )<\/div>\n<div dir=\"auto\">Lexanrutor &#8211; 4x sidorutor<\/div>\n<div dir=\"auto\">Hurricane push clips p\u00e5 huv och fram st\u00f6tf\u00e5ngare<\/div>\n<\/div>\n<div class=\"x11i5rnm xat24cr x1mh8g0r x1vvkbs xtlvy1s x126k92a\">\n<div dir=\"auto\">Nytt 2021,2022,2023;<\/div>\n<div dir=\"auto\">Vattenpump<\/div>\n<div dir=\"auto\">Kylare<\/div>\n<div dir=\"auto\">Kylarslangar<\/div>\n<div dir=\"auto\">Termostat<\/div>\n<div dir=\"auto\">Expansionsk\u00e4rl<\/div>\n<div dir=\"auto\">Koppling<\/div>\n<div dir=\"auto\">Bromsok x4<\/div>\n<div dir=\"auto\">Bromsslangar<\/div>\n<div dir=\"auto\">Vevhusventilation<\/div>\n<div dir=\"auto\">Drivrem + sp\u00e4nnare<\/div>\n<div dir=\"auto\">Br\u00e4nslepump<\/div>\n<div dir=\"auto\">Hjullager<\/div>\n<div dir=\"auto\">Bromsslangar st\u00e5lomspuna<\/div>\n<div dir=\"auto\">Br\u00e4nslefilter<\/div>\n<div dir=\"auto\">Hjullager fram<\/div>\n<div dir=\"auto\">Etc<\/div>\n<\/div>\n<div class=\"x11i5rnm xat24cr x1mh8g0r x1vvkbs xtlvy1s x126k92a\">\n<div dir=\"auto\">Service med j\u00e4mna mellanrum;<\/div>\n<div dir=\"auto\">Olja, filter<\/div>\n<div dir=\"auto\">T\u00e4ndstift<\/div>\n<div dir=\"auto\">Reng\u00f6ring luftfilter<\/div>\n<div dir=\"auto\">Bromsv\u00e4tska<\/div>\n<div dir=\"auto\">Etc<\/div>\n<\/div>\n<div class=\"x11i5rnm xat24cr x1mh8g0r x1vvkbs xtlvy1s x126k92a\">\n<div dir=\"auto\">Redo att anv\u00e4ndas f\u00f6r l\u00e5nglopp, timeattack, sprint race, trackday etc<\/div>\n<div dir=\"auto\">Bilen \u00e4r fortfarande i registret s\u00e5 \u00e4garbyte via app, betalning via swish.<\/div>\n<\/div>\n<div class=\"x11i5rnm xat24cr x1mh8g0r x1vvkbs xtlvy1s x126k92a\">\n<div dir=\"auto\">Filmer fr\u00e5n lopp finns p\u00e5: <a class=\"x1i10hfl xjbqb8w x6umtig x1b1mbwd xaqea5y xav7gou x9f619 x1ypdohk xt0psk2 xe8uvvx xdj266r x11i5rnm xat24cr x1mh8g0r xexx8yu x4uap5 x18d9i69 xkhd6sd x16tdsg8 x1hl2dhg xggy1nq x1a2a7pz xt0b8zv x1fey0fg\" tabindex=\"0\" role=\"link\" href=\"https:\/\/www.youtube.com\/@EDRacing-mx2tk?fbclid=IwAR0N2XqJRA2mDmydmtoLvw_f_Oi9m0-HKFaWLO7u31tRxXuRK-lehPXeegI\" target=\"_blank\" rel=\"nofollow noopener noreferrer\">https:\/\/www.youtube.com\/@EDRacing-mx2tk<\/a><\/div>\n<div dir=\"auto\">Kontakta stec s\u00e5 f\u00f6rmedlar vi kontakten till Bj\u00f6rn<\/div>\n<div dir=\"auto\"><img loading=\"lazy\" decoding=\"async\" class=\"size-medium wp-image-11984 aligncenter\" src=\"https:\/\/media1.stec.se\/2023\/11\/ED-racing-300x200.jpg\" alt=\"\" width=\"300\" height=\"200\" srcset=\"https:\/\/media1.stec.se\/2023\/11\/ED-racing-300x200.jpg 300w, https:\/\/media1.stec.se\/2023\/11\/ED-racing-768x512.jpg 768w, https:\/\/media1.stec.se\/2023\/11\/ED-racing.jpg 960w\" sizes=\"auto, (max-width: 300px) 100vw, 300px\" \/><\/div>\n<\/div>\n<div dir=\"auto\"><\/div>\n<div dir=\"auto\"><strong>Black Friday erbjudande\u00a0<\/strong>2024 st\u00e5r f\u00f6r d\u00f6rren och det \u00e4r 3-4 serier som nu alla ska sl\u00e5ss om den f\u00f6rargrupp som finns.STEC bygger p\u00e5 lite annan filosofi \u00e4n de \u00f6vriga. Bland annat genom att erbjuda ett lojalitet \u00e5rskort med starkt subventionerade priser (Absolut l\u00e4gst i Sverige) genom att vi vill f\u00f6rs\u00f6ka bygga p\u00e5 just lojalitet, samverkan och bra arrangemang..Men vi har ocks\u00e5 i stec en g\u00e5ng varit nya 2016 startade det hela och ingen trodde p\u00e5 v\u00e5r modell om att skapa ett Svensk M\u00e4sterskap i L\u00e5nglopp. SM Endurance Vi vill \u00f6dmjukt tacka alla de hundratals team som t\u00e4vlat under dessa \u00e5r. 2023 var det 55 team som t\u00e4vlade och m\u00e5let 2024 \u00e4r att kunna beh\u00e5lla 55 team men \u00e4ven skapa 25 \u00e5rskort. Team som f\u00e5r en kraftigt reducerad startavgift med 35% rabatt att k\u00f6pa \u00e5rskort \u00e4n att k\u00f6pa race by race (r\u00e4knat p\u00e5 6 timmars) 15,000 kr rabatt. Detta \u00e4r naturligtvis inget vi tvingar teamen att k\u00f6pa men vi rekomenderar starkt och kan \u00e4ven missa 2 race och \u00e4nd\u00e5 g\u00e5 med &#8221;vinst&#8221;<\/div>\n<div dir=\"auto\"><\/div>\n<div dir=\"auto\"><strong>Nu kommer n\u00e4sta erbjudande<\/strong> i form av Time-Attack som ditt team kan k\u00f6ra samma helg som det \u00e4r stec race. Samtliga team som k\u00f6r stec f\u00e5r nu k\u00f6ra Stec Time-Attack f\u00f6r blygsamma 1000 kr per dag. N\u00e4r du bokar 5 dagar under 2024. passa p\u00e5 att utmana varandra i teamet eller byt slicks eller byt bil dagen efter.\u00a0 Detta med Time-Attack tror och hoppas vi p\u00e5 mycket inf\u00f6r 2024. s\u00e5 h\u00e4r kommer 2 riktigt bra erbjudande.<\/div>\n<div dir=\"auto\"><img loading=\"lazy\" decoding=\"async\" class=\"size-medium wp-image-11985 aligncenter\" src=\"https:\/\/media1.stec.se\/2023\/11\/Black-Friday-Tinme-Attack--300x251.png\" alt=\"\" width=\"300\" height=\"251\" srcset=\"https:\/\/media1.stec.se\/2023\/11\/Black-Friday-Tinme-Attack--300x251.png 300w, https:\/\/media1.stec.se\/2023\/11\/Black-Friday-Tinme-Attack--768x644.png 768w, https:\/\/media1.stec.se\/2023\/11\/Black-Friday-Tinme-Attack-.png 940w\" sizes=\"auto, (max-width: 300px) 100vw, 300px\" \/><\/div>\n<div dir=\"auto\"><img loading=\"lazy\" decoding=\"async\" class=\"size-medium wp-image-11961 aligncenter\" src=\"https:\/\/media1.stec.se\/2023\/11\/Black-Friday-stec-2024-300x251.png\" alt=\"\" width=\"300\" height=\"251\" srcset=\"https:\/\/media1.stec.se\/2023\/11\/Black-Friday-stec-2024-300x251.png 300w, https:\/\/media1.stec.se\/2023\/11\/Black-Friday-stec-2024-768x644.png 768w, https:\/\/media1.stec.se\/2023\/11\/Black-Friday-stec-2024.png 940w\" sizes=\"auto, (max-width: 300px) 100vw, 300px\" \/><\/div>\n<div dir=\"auto\"><strong>Anm\u00e4lningsformul\u00e4r 2024\u00a0<\/strong><\/div>\n<div dir=\"auto\">Vi har f\u00f6rs\u00f6kt g\u00f6ra det s\u00e5 enkelt vi bara kan och fick ett bra tips. Se hemsidan<a href=\"https:\/\/stec.se\/en\/anmalning\/\"><strong> Klick<\/strong><\/a>a S\u00e5 har vi \u00f6verst lagt ett kontaktformul\u00e4r<\/div>\n<ul>\n<li dir=\"auto\">Namn (Teamchefen)<\/li>\n<li dir=\"auto\">E-mail<\/li>\n<li dir=\"auto\">Telefon<\/li>\n<li dir=\"auto\">Teamname<\/li>\n<li dir=\"auto\">Bana &amp; Datum<\/li>\n<li dir=\"auto\">Ev f\u00f6rare +personnummer\u00a0 ( \u00c4r det samma som sist beh\u00f6ver du inte fylla i dessa uppgifter)<\/li>\n<\/ul>\n<p>Vi ser ingen anledning till att f\u00f6rs\u00f6ka g\u00f6ra en anm\u00e4lan sv\u00e5rare \u00e4n vad den beh\u00f6ver vara. S\u00e5 nu provar vi detta 2024 och har du k\u00f6pt \u00e5rskort s\u00e5 beh\u00f6ver du inte fylla i en startanm\u00e4lan inf\u00f6r varje race. d\u00e5 ditt \u00e5rskort garanterar din startplats..<\/p>\n<p><strong>F\u00f6rst ut som k\u00f6pt \u00c5rskort \u00e4r team Epin<\/strong> som k\u00f6r i klass 6 B<\/p>\n<p><strong>Lite film fr\u00e5n historien<\/strong> premi\u00e4ren 2019<\/p>\n<p><iframe loading=\"lazy\" title=\"STEC Mantorp 190414\" width=\"1080\" height=\"608\" src=\"https:\/\/www.youtube.com\/embed\/CK6F3YgHDRY?start=6&#038;feature=oembed\" frameborder=\"0\" allow=\"accelerometer; autoplay; clipboard-write; encrypted-media; gyroscope; picture-in-picture; web-share\" allowfullscreen><\/iframe><\/p>\n<p>&nbsp;<\/p>\n<p><strong>Starten Mantorp 2021 <\/strong>m\u00e4ktigt startf\u00e4lt trots Covid<\/p>\n<p><iframe loading=\"lazy\" title=\"Mantorp Park delt\u00e4vling 1 STEC\" width=\"1080\" height=\"608\" src=\"https:\/\/www.youtube.com\/embed\/-aXDHPzQo9M?feature=oembed\" frameborder=\"0\" allow=\"accelerometer; autoplay; clipboard-write; encrypted-media; gyroscope; picture-in-picture; web-share\" allowfullscreen><\/iframe><\/p>\n<p><strong>Funktion\u00e4r 2024\u00a0\u00a0<\/strong>STEC har ett kanong\u00e4ng men som alla team kan man alltid utvecklas. Vill du vara med runt organisationen STEC p\u00e5 t\u00e4vlingsdagarna s\u00e5 tveka inte att h\u00f6ra av dig. Utan funktion\u00e4rer inget race och vi ser g\u00e4rna en samverkan \u00e4ven med detta.<\/p>\n<p><iframe loading=\"lazy\" title=\"Volunteers and Officials - A tribute to Motor Sport Marshals\" width=\"1080\" height=\"608\" src=\"https:\/\/www.youtube.com\/embed\/FvKG_jA7mmg?feature=oembed\" frameborder=\"0\" allow=\"accelerometer; autoplay; clipboard-write; encrypted-media; gyroscope; picture-in-picture; web-share\" allowfullscreen><\/iframe><\/p>\n<p>Detta var Bloggen f\u00f6r denna g\u00e5ng hoppas den f\u00e5r upp lite racing puls i det annars tr\u00e5kiga November v\u00e4dret.\u00a0 Dela den g\u00e4rna till dina racing glada v\u00e4nner. F\u00f6r vi tror 2024 kommer kunna bli ett fantastisk bra racing \u00e5r. Men det kommer beh\u00f6vas samverkan och vi v\u00e4djar fler f\u00f6retag att vara med till \u00e5rets prispengar.<a href=\"https:\/\/stec.se\/en\/samverkan\/\"><strong> Click\u00a0<\/strong><\/a><\/p>\n<p>&nbsp;<\/p>\n<p>&nbsp;<\/p>\n<p>&nbsp;<\/p>\n<p>&nbsp;<\/p>\n<p>&nbsp;<\/p>","protected":false},"excerpt":{"rendered":"<p>Vinter kallt och j\u00e4vligt.\u00a0 STEC ordnar en studie resa i Januari-Februari Plats Portugal p\u00e5 fina\u00a0 https:\/\/autodromodoalgarve.com\/ Tid 20-21 Januari Premi\u00e4r d\u00e5 p\u00e5 denna serie https:\/\/gt-winter-series.com\/ Alternativ 2 Spanien p\u00e5 fina banan https:\/\/www.circuitodejerez.com\/ Tid 10-11 Februari \u00e4ven d\u00e5 i samarbete med GT Winter serie Pris ca 5000 kr f\u00f6r en weekend med flyg , hotell , [&hellip;]<\/p>\n","protected":false},"author":2,"featured_media":7892,"comment_status":"open","ping_status":"open","sticky":false,"template":"","format":"standard","meta":{"_et_pb_use_builder":"","_et_pb_old_content":"","footnotes":""},"categories":[1],"tags":[],"class_list":["post-11976","post","type-post","status-publish","format-standard","has-post-thumbnail","hentry","category-uncategorized"],"aioseo_notices":[],"_links":{"self":[{"href":"https:\/\/stec.se\/en\/wp-json\/wp\/v2\/posts\/11976","targetHints":{"allow":["GET"]}}],"collection":[{"href":"https:\/\/stec.se\/en\/wp-json\/wp\/v2\/posts"}],"about":[{"href":"https:\/\/stec.se\/en\/wp-json\/wp\/v2\/types\/post"}],"author":[{"embeddable":true,"href":"https:\/\/stec.se\/en\/wp-json\/wp\/v2\/users\/2"}],"replies":[{"embeddable":true,"href":"https:\/\/stec.se\/en\/wp-json\/wp\/v2\/comments?post=11976"}],"version-history":[{"count":5,"href":"https:\/\/stec.se\/en\/wp-json\/wp\/v2\/posts\/11976\/revisions"}],"predecessor-version":[{"id":11990,"href":"https:\/\/stec.se\/en\/wp-json\/wp\/v2\/posts\/11976\/revisions\/11990"}],"wp:featuredmedia":[{"embeddable":true,"href":"https:\/\/stec.se\/en\/wp-json\/wp\/v2\/media\/7892"}],"wp:attachment":[{"href":"https:\/\/stec.se\/en\/wp-json\/wp\/v2\/media?parent=11976"}],"wp:term":[{"taxonomy":"category","embeddable":true,"href":"https:\/\/stec.se\/en\/wp-json\/wp\/v2\/categories?post=11976"},{"taxonomy":"post_tag","embeddable":true,"href":"https:\/\/stec.se\/en\/wp-json\/wp\/v2\/tags?post=11976"}],"curies":[{"name":"wp","href":"https:\/\/api.w.org\/{rel}","templated":true}]}}