{"id":11236,"date":"2023-05-21T09:05:05","date_gmt":"2023-05-21T09:05:05","guid":{"rendered":"https:\/\/stec.se\/?p=11236"},"modified":"2023-05-21T09:05:05","modified_gmt":"2023-05-21T09:05:05","slug":"bloggen-infor-tierp-27-28-majatervandareutstallarekickback","status":"publish","type":"post","link":"https:\/\/stec.se\/en\/bloggen-infor-tierp-27-28-majatervandareutstallarekickback\/","title":{"rendered":"Bloggen inf\u00f6r Tierp 27-28 Maj,\u00c5terv\u00e4ndare,Utst\u00e4llare,Kickback"},"content":{"rendered":"<p><img loading=\"lazy\" decoding=\"async\" class=\"alignnone size-medium wp-image-11237 aligncenter\" src=\"https:\/\/media1.stec.se\/2023\/05\/Armband-300x37.jpg\" alt=\"\" width=\"300\" height=\"37\" srcset=\"https:\/\/media1.stec.se\/2023\/05\/Armband-300x37.jpg 300w, https:\/\/media1.stec.se\/2023\/05\/Armband-768x94.jpg 768w, https:\/\/media1.stec.se\/2023\/05\/Armband.jpg 790w\" sizes=\"auto, (max-width: 300px) 100vw, 300px\" \/><\/p>\n<p>Nu l\u00e4ggs de sista bitarna inf\u00f6r Tierp Arena och \u00e5rets f\u00f6rsta <a href=\"http:\/\/www.motorfestivaler.se\"><em><strong>www.motorfestivaler.se<\/strong><\/em> <\/a>Detta kommer ev kunna k\u00e4nnas lite b\u00f6kigt f\u00f6r dig som t\u00e4vlande men vi hoppas det kan g\u00e5 hyfsat sm\u00e4rtfritt med god samverkan. Men n\u00e5gra saker som \u00e4r bra att veta.<\/p>\n<ul>\n<li>Anm\u00e4lan skall ske innan den 25 Maj f\u00f6r att kunna uppdatera startlistan. Team med \u00e5rskort beh\u00f6ver inte maila. \u00d6vriga m\u00e5ste skicka ett <em><strong><a href=\"\/en\/stec@stec.se\/\">E-mail<\/a><\/strong><\/em> f\u00f6r annars vet vi ju inte om ni ska vara med.<\/li>\n<li>\u00a0El avgift betalas innan du stoppar i sladden med 200 kr kontant i domartornet. Personal kommer vara fr\u00e5n Tierp och r\u00e4kna sladdar och detta f\u00e5r vi inte slarva med.<\/li>\n<li>Samtliga tider f\u00f6r din k\u00f6rning finner du p\u00e5<em><strong> <a href=\"https:\/\/stec.se\/en\/anmalning\/\">anm\u00e4lningssidan\u00a0<\/a><\/strong><\/em><\/li>\n<li>Inskrivning domartornet h\u00f6gst upp. Besiktning Domartornet L\u00e4ngst ner<\/li>\n<li>Boende bokas p\u00e5 denna <a href=\"https:\/\/simplesignup.se\/event\/201033\"><em><strong>l\u00e4nk Klicka\u00a0<\/strong><\/em><\/a><\/li>\n<li>Publik Biljetter Bokas p\u00e5\u00a0 <a href=\"https:\/\/simplesignup.se\/events\/201033\"><em><strong>L\u00e4nk Klicka <\/strong><\/em><\/a><\/li>\n<li>Information f\u00f6r bes\u00f6kare <a href=\"http:\/\/motorfestivaler.se\/uppland\"><em><strong>L\u00e4nk Klicka\u00a0<\/strong><\/em><\/a><\/li>\n<\/ul>\n<p><img loading=\"lazy\" decoding=\"async\" class=\"alignnone size-medium wp-image-11238 aligncenter\" src=\"https:\/\/media1.stec.se\/2023\/05\/start-300x169.jpg\" alt=\"\" width=\"300\" height=\"169\" srcset=\"https:\/\/media1.stec.se\/2023\/05\/start-300x169.jpg 300w, https:\/\/media1.stec.se\/2023\/05\/start-768x432.jpg 768w, https:\/\/media1.stec.se\/2023\/05\/start.jpg 850w\" sizes=\"auto, (max-width: 300px) 100vw, 300px\" \/><\/p>\n<p><a href=\"https:\/\/media1.stec.se\/2023\/05\/Borja-med-Bilsport-1.pdf\">B\u00f6rja med Bilsport\u00a0 <\/a>Detta \u00e4r f\u00f6r oss inom STEC en viktig kampanj<a href=\"https:\/\/media1.stec.se\/2023\/05\/Borja-med-Bilsport-1.pdf\"><em><strong> Click<\/strong> <\/em><\/a>D\u00e4r vi kommer ha p\u00e5 varje t\u00e4vlingsdag ett info m\u00f6te om hur du som ny f\u00f6rare eller om du tillh\u00f6r gruppen \u00e5terv\u00e4ndarna kan finna tillbaka till racingbanorna.\u00a0 Sprid den g\u00e4rna till gasglada v\u00e4nner.<\/p>\n<p><img loading=\"lazy\" decoding=\"async\" class=\"size-full wp-image-11169 aligncenter\" src=\"https:\/\/media1.stec.se\/2023\/05\/bring-a-friend.jpg\" alt=\"\" width=\"300\" height=\"300\" srcset=\"https:\/\/media1.stec.se\/2023\/05\/bring-a-friend.jpg 300w, https:\/\/media1.stec.se\/2023\/05\/bring-a-friend-150x150.jpg 150w\" sizes=\"auto, (max-width: 300px) 100vw, 300px\" \/>Kampanjen &#8221;Bring a Friend&#8221; skapade minst 1 team d\u00e5 ambassad\u00f6ren Torsten Byggkonsult i Abarth bilen pratade med killarna i Nits som kommer till STEC Light p\u00e5 S\u00f6ndagen och k\u00f6r f\u00f6r halva priset. Snyggt Torsten och kul med f\u00f6r oss nya team p\u00e5 startplattan.<\/p>\n<p>Facebook evenemanget <a href=\"https:\/\/www.facebook.com\/events\/1192186655030073\"><em><strong>Click<\/strong><\/em><\/a> har nu \u00f6ver 1000 personer som svarat vilket \u00e4r kul. Hoppas de kommer till banan 27-28 Maj.<\/p>\n<p><img loading=\"lazy\" decoding=\"async\" class=\"size-medium wp-image-11051 aligncenter\" src=\"https:\/\/media1.stec.se\/2023\/04\/Live-is-Life-226x300.jpg\" alt=\"\" width=\"226\" height=\"300\" srcset=\"https:\/\/media1.stec.se\/2023\/04\/Live-is-Life-226x300.jpg 226w, https:\/\/media1.stec.se\/2023\/04\/Live-is-Life-770x1024.jpg 770w, https:\/\/media1.stec.se\/2023\/04\/Live-is-Life-768x1021.jpg 768w, https:\/\/media1.stec.se\/2023\/04\/Live-is-Life-1155x1536.jpg 1155w, https:\/\/media1.stec.se\/2023\/04\/Live-is-Life-1540x2048.jpg 1540w, https:\/\/media1.stec.se\/2023\/04\/Live-is-Life-1080x1436.jpg 1080w, https:\/\/media1.stec.se\/2023\/04\/Live-is-Life.jpg 1865w\" sizes=\"auto, (max-width: 226px) 100vw, 226px\" \/><\/p>\n<p>Vi kommer inte ha tv s\u00e4ndning fr\u00e5n t\u00e4vlingen denna g\u00e5ng utan vi l\u00e4gger hellre dessa pengar p\u00e5 att utveckla evenemanget f\u00f6r de som \u00e4r p\u00e5 plats Live. Sen kommer vi s\u00e4nda sm\u00e5 teaser p\u00e5 facebook sidan som heter <a href=\"https:\/\/www.facebook.com\/stecracing\"><em><strong>stec racing\u00a0<\/strong><\/em><\/a><\/p>\n<p><a href=\"https:\/\/www.facebook.com\/stecracing\"><em><strong> <img loading=\"lazy\" decoding=\"async\" class=\"size-full wp-image-10052 aligncenter\" src=\"https:\/\/media1.stec.se\/2022\/07\/facebook-live.jpg\" alt=\"\" width=\"290\" height=\"174\" \/><\/strong><\/em><\/a><\/p>\n<p><a href=\"https:\/\/media1.stec.se\/2023\/05\/Sveriges-snabbaste-Bilverkstad-.pdf\">Sveriges snabbaste Bilverkstad<\/a> K\u00e4nner du v\u00e4nner som driver en bilverkstad s\u00e5 kika p\u00e5 detta uppl\u00e4gg som vi nu skickar ut till Sveriges bilverkst\u00e4der. Vem \u00e4r Sveriges snabbaste?<\/p>\n<p><strong>Har du l\u00e4st detta<\/strong> <strong>?\u00a0<\/strong><\/p>\n<p><em><strong><a href=\"https:\/\/media1.stec.se\/2023\/04\/utbildningspaket-2023-forare-.docx\">utbildningspaket 2023 f\u00f6rare\u00a0 <\/a><\/strong><\/em>F\u00f6r oavsett om du \u00e4r ny f\u00f6rare eller erfaren s\u00e5 \u00e4r det alltid bra att vara p\u00e5l\u00e4st. Reglerna \u00e4r en bra grund att kunna n\u00e4r du ska prata med domarna eller skicka in en klagan. Tipsar \u00e4ven om denna film <a href=\"https:\/\/www.youtube.com\/watch?v=xEE9ZOeLwU4\"><em><strong>Click\u00a0<\/strong><\/em><\/a><\/p>\n<p><em><strong>Banan p\u00e5 Tierp ser ut ungef\u00e4r s\u00e5 h\u00e4r 27-28 Maj <a href=\"https:\/\/www.youtube.com\/watch?v=cGocAby23lw\">Click\u00a0<\/a><\/strong><\/em><\/p>\n<p><img loading=\"lazy\" decoding=\"async\" class=\"size-medium wp-image-11243 aligncenter\" src=\"https:\/\/media1.stec.se\/2023\/05\/Atervandare-300x169.png\" alt=\"\" width=\"300\" height=\"169\" srcset=\"https:\/\/media1.stec.se\/2023\/05\/Atervandare-300x169.png 300w, https:\/\/media1.stec.se\/2023\/05\/Atervandare-1024x577.png 1024w, https:\/\/media1.stec.se\/2023\/05\/Atervandare-768x433.png 768w, https:\/\/media1.stec.se\/2023\/05\/Atervandare-1536x865.png 1536w, https:\/\/media1.stec.se\/2023\/05\/Atervandare-1080x608.png 1080w, https:\/\/media1.stec.se\/2023\/05\/Atervandare.png 1640w\" sizes=\"auto, (max-width: 300px) 100vw, 300px\" \/><\/p>\n<p>Vi pratar ofta om nyrekrytering men lika viktig \u00e4r \u00e5terv\u00e4ndarna. Team som har slutat med racing av olika slag men bilen st\u00e5r i garaget och vill ut p\u00e5 banorna. Detta med 2-4-6 Timmars alternativet inom stec bidrar just till m\u00f6jligheten att k\u00f6ra \u00e4ven utan team. Team 82 har vi inte sett p\u00e5 4 \u00e5r men nu har teamet \u00e5ter samlas f\u00f6r att k\u00f6ra Klass 6 C.<\/p>\n<div dir=\"auto\">Jonas L\u00f6fgren, hudiksvall<\/div>\n<div dir=\"auto\">Mats Hildingsson, hudiksvall<\/div>\n<div dir=\"auto\">Fredrik Herkules, Sundsvall<\/div>\n<div dir=\"auto\">Andr\u00e9 H\u00f6gberg, Troms\u00f6 (Nord Norge)<\/div>\n<div dir=\"auto\"><\/div>\n<div dir=\"auto\">Teamet bildades 2012 som gemensamt 30\u00e5rs event.<\/div>\n<div dir=\"auto\">Vi har k\u00f6rt till och fr\u00e5n under dessa \u00e5r och senast vi k\u00f6rde STEC\/ krutcupen var 2019<\/div>\n<div dir=\"auto\">K\u00e4nner du till bilar som st\u00e5r i garage? Tipsa g\u00e4rna om Stec \u00c5terv\u00e4ndarna.<\/div>\n<p><img loading=\"lazy\" decoding=\"async\" class=\"size-medium wp-image-11244 aligncenter\" src=\"https:\/\/media1.stec.se\/2023\/05\/team-82-225x300.jpg\" alt=\"\" width=\"225\" height=\"300\" srcset=\"https:\/\/media1.stec.se\/2023\/05\/team-82-225x300.jpg 225w, https:\/\/media1.stec.se\/2023\/05\/team-82-768x1024.jpg 768w, https:\/\/media1.stec.se\/2023\/05\/team-82-1152x1536.jpg 1152w, https:\/\/media1.stec.se\/2023\/05\/team-82-1080x1440.jpg 1080w, https:\/\/media1.stec.se\/2023\/05\/team-82.jpg 1536w\" sizes=\"auto, (max-width: 225px) 100vw, 225px\" \/><\/p>\n<p>25 Maj st\u00e4ngs anm\u00e4lan inf\u00f6r Tierp Arena sen l\u00e4gger vi ut startlistorna anm\u00e4lan g\u00f6r du p\u00e5 Hemsidan <em><strong><a href=\"https:\/\/stec.se\/en\/anmalning\/\">https:\/\/stec.se\/anmalning\/<\/a><\/strong><\/em><\/p>\n<p><img loading=\"lazy\" decoding=\"async\" class=\"size-medium wp-image-11094 aligncenter\" src=\"https:\/\/media1.stec.se\/2023\/04\/STEC-2023-1-300x251.jpg\" alt=\"\" width=\"300\" height=\"251\" srcset=\"https:\/\/media1.stec.se\/2023\/04\/STEC-2023-1-300x251.jpg 300w, https:\/\/media1.stec.se\/2023\/04\/STEC-2023-1-768x644.jpg 768w, https:\/\/media1.stec.se\/2023\/04\/STEC-2023-1.jpg 940w\" sizes=\"auto, (max-width: 300px) 100vw, 300px\" \/><\/p>\n<p>Per Carlsson och Pelikan Racing g\u00f6r debut p\u00e5 Tierp Arena nu n\u00e4r bilen och tatueringen \u00e4r klar. En del g\u00e5r in &#8221;All in&#8221; i sin racing. Fler som har tatuerat in sitt teamnamn ?<\/p>\n<p><img loading=\"lazy\" decoding=\"async\" class=\"alignnone size-medium wp-image-11247\" src=\"https:\/\/media1.stec.se\/2023\/05\/pelikan-lackbox-300x225.jpg\" alt=\"\" width=\"300\" height=\"225\" srcset=\"https:\/\/media1.stec.se\/2023\/05\/pelikan-lackbox-300x225.jpg 300w, https:\/\/media1.stec.se\/2023\/05\/pelikan-lackbox-768x576.jpg 768w, https:\/\/media1.stec.se\/2023\/05\/pelikan-lackbox-510x382.jpg 510w, https:\/\/media1.stec.se\/2023\/05\/pelikan-lackbox.jpg 1024w\" sizes=\"auto, (max-width: 300px) 100vw, 300px\" \/> <img loading=\"lazy\" decoding=\"async\" class=\"alignnone wp-image-11248\" src=\"https:\/\/media1.stec.se\/2023\/05\/345262913_1025963192142908_4080500469241123432_n-150x150.jpg\" alt=\"\" width=\"226\" height=\"226\" \/><\/p>\n<p>KR-Racing var i helgen p\u00e5 Kristinehamnsdagen och f\u00f6red\u00f6mligt st\u00e4llde ut bilen. Detta ser vi mycket positivt p\u00e5 att team marknadsf\u00f6r b\u00e5de sig sj\u00e4lva och stec.<\/p>\n\n\t\t<style type=\"text\/css\">\n\t\t\t#gallery-1 {\n\t\t\t\tmargin: auto;\n\t\t\t}\n\t\t\t#gallery-1 .gallery-item {\n\t\t\t\tfloat: left;\n\t\t\t\tmargin-top: 10px;\n\t\t\t\ttext-align: center;\n\t\t\t\twidth: 33%;\n\t\t\t}\n\t\t\t#gallery-1 img {\n\t\t\t\tborder: 2px solid #cfcfcf;\n\t\t\t}\n\t\t\t#gallery-1 .gallery-caption {\n\t\t\t\tmargin-left: 0;\n\t\t\t}\n\t\t\t\/* see gallery_shortcode() in wp-includes\/media.php *\/\n\t\t<\/style>\n\t\t<div id='gallery-1' class='gallery galleryid-11236 gallery-columns-3 gallery-size-thumbnail'><dl class='gallery-item'>\n\t\t\t<dt class='gallery-icon landscape'>\n\t\t\t\t<a href='https:\/\/stec.se\/en\/bloggen-infor-tierp-27-28-majatervandareutstallarekickback\/kr-3\/'><img loading=\"lazy\" decoding=\"async\" width=\"150\" height=\"150\" src=\"https:\/\/media1.stec.se\/2023\/05\/kr-3-150x150.jpg\" class=\"attachment-thumbnail size-thumbnail\" alt=\"\" aria-describedby=\"gallery-1-11250\" \/><\/a>\n\t\t\t<\/dt>\n\t\t\t\t<dd class='wp-caption-text gallery-caption' id='gallery-1-11250'>\n\t\t\t\tKR-Racing f\u00f6red\u00f6mligt \n\t\t\t\t<\/dd><\/dl><dl class='gallery-item'>\n\t\t\t<dt class='gallery-icon landscape'>\n\t\t\t\t<a href='https:\/\/stec.se\/en\/bloggen-infor-tierp-27-28-majatervandareutstallarekickback\/kr1\/'><img loading=\"lazy\" decoding=\"async\" width=\"150\" height=\"150\" src=\"https:\/\/media1.stec.se\/2023\/05\/kr1-150x150.jpg\" class=\"attachment-thumbnail size-thumbnail\" alt=\"\" aria-describedby=\"gallery-1-11251\" \/><\/a>\n\t\t\t<\/dt>\n\t\t\t\t<dd class='wp-caption-text gallery-caption' id='gallery-1-11251'>\n\t\t\t\tDr\u00f6mmer om STEC \n\t\t\t\t<\/dd><\/dl><dl class='gallery-item'>\n\t\t\t<dt class='gallery-icon landscape'>\n\t\t\t\t<a href='https:\/\/stec.se\/en\/bloggen-infor-tierp-27-28-majatervandareutstallarekickback\/kr2\/'><img loading=\"lazy\" decoding=\"async\" width=\"150\" height=\"150\" src=\"https:\/\/media1.stec.se\/2023\/05\/kr2-150x150.jpg\" class=\"attachment-thumbnail size-thumbnail\" alt=\"\" aria-describedby=\"gallery-1-11252\" \/><\/a>\n\t\t\t<\/dt>\n\t\t\t\t<dd class='wp-caption-text gallery-caption' id='gallery-1-11252'>\n\t\t\t\tEn dag ska jag gasa \n\t\t\t\t<\/dd><\/dl><br style=\"clear: both\" \/>\n\t\t<\/div>\n\n<p>&nbsp;<\/p>\n<p style=\"text-align: center;\"><img loading=\"lazy\" decoding=\"async\" class=\"alignnone size-medium wp-image-11258\" src=\"https:\/\/media1.stec.se\/2023\/05\/mammas-dag-1-300x251.png\" alt=\"\" width=\"300\" height=\"251\" srcset=\"https:\/\/media1.stec.se\/2023\/05\/mammas-dag-1-300x251.png 300w, https:\/\/media1.stec.se\/2023\/05\/mammas-dag-1-768x644.png 768w, https:\/\/media1.stec.se\/2023\/05\/mammas-dag-1.png 940w\" sizes=\"auto, (max-width: 300px) 100vw, 300px\" \/><\/p>\n<p style=\"text-align: center;\">Saknar du n\u00e5gonting inf\u00f6r Tierp ? Kontakta oss p\u00e5 <a href=\"mailto:stec@stec.se\">stec@stec.se<\/a> s\u00e5 f\u00f6rs\u00f6ker vi l\u00f6sa problemet. Vi ses p\u00e5 banan. och \u00e5rets f\u00f6rsta <a href=\"http:\/\/www.motorfestivaler.se\">www.motorfestivaler.se\u00a0<\/a>Gl\u00f6m inte att ber\u00e4tta f\u00f6r dina fans att de ska skriva i bokningen att de hejar just p\u00e5 ert team. 100 kr g\u00e5r tillbaka till ert team som kickback p\u00e5 biljettint\u00e4kten. <em><a href=\"https:\/\/simplesignup.se\/event\/201033-upplands-motorfestival-2023\"><strong>Click<\/strong><\/a><\/em><\/p>\n<p>&nbsp;<\/p>","protected":false},"excerpt":{"rendered":"<p>Nu l\u00e4ggs de sista bitarna inf\u00f6r Tierp Arena och \u00e5rets f\u00f6rsta www.motorfestivaler.se Detta kommer ev kunna k\u00e4nnas lite b\u00f6kigt f\u00f6r dig som t\u00e4vlande men vi hoppas det kan g\u00e5 hyfsat sm\u00e4rtfritt med god samverkan. Men n\u00e5gra saker som \u00e4r bra att veta. Anm\u00e4lan skall ske innan den 25 Maj f\u00f6r att kunna uppdatera startlistan. Team [&hellip;]<\/p>\n","protected":false},"author":2,"featured_media":11173,"comment_status":"open","ping_status":"open","sticky":false,"template":"","format":"standard","meta":{"_et_pb_use_builder":"","_et_pb_old_content":"","footnotes":""},"categories":[1],"tags":[],"class_list":["post-11236","post","type-post","status-publish","format-standard","has-post-thumbnail","hentry","category-uncategorized"],"aioseo_notices":[],"_links":{"self":[{"href":"https:\/\/stec.se\/en\/wp-json\/wp\/v2\/posts\/11236","targetHints":{"allow":["GET"]}}],"collection":[{"href":"https:\/\/stec.se\/en\/wp-json\/wp\/v2\/posts"}],"about":[{"href":"https:\/\/stec.se\/en\/wp-json\/wp\/v2\/types\/post"}],"author":[{"embeddable":true,"href":"https:\/\/stec.se\/en\/wp-json\/wp\/v2\/users\/2"}],"replies":[{"embeddable":true,"href":"https:\/\/stec.se\/en\/wp-json\/wp\/v2\/comments?post=11236"}],"version-history":[{"count":10,"href":"https:\/\/stec.se\/en\/wp-json\/wp\/v2\/posts\/11236\/revisions"}],"predecessor-version":[{"id":11259,"href":"https:\/\/stec.se\/en\/wp-json\/wp\/v2\/posts\/11236\/revisions\/11259"}],"wp:featuredmedia":[{"embeddable":true,"href":"https:\/\/stec.se\/en\/wp-json\/wp\/v2\/media\/11173"}],"wp:attachment":[{"href":"https:\/\/stec.se\/en\/wp-json\/wp\/v2\/media?parent=11236"}],"wp:term":[{"taxonomy":"category","embeddable":true,"href":"https:\/\/stec.se\/en\/wp-json\/wp\/v2\/categories?post=11236"},{"taxonomy":"post_tag","embeddable":true,"href":"https:\/\/stec.se\/en\/wp-json\/wp\/v2\/tags?post=11236"}],"curies":[{"name":"wp","href":"https:\/\/api.w.org\/{rel}","templated":true}]}}