{"id":10982,"date":"2023-03-25T12:24:01","date_gmt":"2023-03-25T12:24:01","guid":{"rendered":"https:\/\/stec.se\/?p=10982"},"modified":"2023-03-26T10:53:20","modified_gmt":"2023-03-26T10:53:20","slug":"blogg-27-mars-tidsschema-vinnarbil-dack-sprint-klassen","status":"publish","type":"post","link":"https:\/\/stec.se\/en\/blogg-27-mars-tidsschema-vinnarbil-dack-sprint-klassen\/","title":{"rendered":"Blogg 27 Mars. Tidsschema , Vinnarbil , D\u00e4ck, Sprint klassen."},"content":{"rendered":"<div style=\"width: 1080px;\" class=\"wp-video\"><video class=\"wp-video-shortcode\" id=\"video-10982-1\" width=\"1080\" height=\"567\" preload=\"metadata\" controls=\"controls\"><source type=\"video\/mp4\" src=\"https:\/\/media1.stec.se\/2023\/03\/Kopia-av-stec-anmalda-team-.mp4?_=1\" \/><a href=\"https:\/\/media1.stec.se\/2023\/03\/Kopia-av-stec-anmalda-team-.mp4\">https:\/\/media1.stec.se\/2023\/03\/Kopia-av-stec-anmalda-team-.mp4<\/a><\/video><\/div>\n<p>Viktigt info inf\u00f6r premi\u00e4ren se g\u00e4rna filmen ovan.<\/p>\n<p>Fredag 28 April \u00f6ppen Trackday f\u00f6r tester,tr\u00e4ning, d\u00e4ckuth\u00e4mtning, \u00f6ppen f\u00f6r alla. bla samarbete med Toyota GR , Abarth, Subaru , Mazda , Nissan klubbar.\u00a0 Tid 11-17<\/p>\n<p>L\u00f6rdag Test, Licenskurs , bilbesikning, V\u00e4gning, M\u00e4tning Light t\u00e4vling, Sprint race, fotografering, Legend Cars test\/Kval 2 Race heat. V-8 tid 09-18<\/p>\n<p>S\u00f6ndag Stec Racing 2-4-6 Timmars Sprint race, Legends Cars race, V-8\u00a0 Tid 09-17 Se varje klass specifika tidsschema p\u00e5 resp flik. <a href=\"https:\/\/stec.se\/en\/sprint\/\"><strong>Sprint<\/strong><\/a> ,<strong><a href=\"https:\/\/stec.se\/en\/legend-cars\/\"> Legend<\/a><\/strong> , <a href=\"https:\/\/stec.se\/en\/stec-light\/\"><strong>Light<\/strong> <\/a>, <a href=\"https:\/\/media1.stec.se\/2023\/01\/STEC-Tavlings-PM-Mantorp-1.pdf\"><strong>Endurance\u00a0<\/strong><\/a><\/p>\n<p>Fredag L\u00f6rdag sker p\u00e5 Link\u00f6ping Motorstadion\u00a0 S\u00f6ndag Mantorp Park.<\/p>\n<ul>\n<li>Frukost , Lunch , Middag finns p\u00e5 samtliga banor\u00a0 swish \/ Kontant<\/li>\n<li>M\u00f6jlighet f\u00f6r f\u00f6retag att vara med synas , k\u00f6ra , m\u00f6ta kunder , knyta n\u00e4tverk.<\/li>\n<li>Samtliga bilar skall besiktas p\u00e5 L\u00f6rdag f\u00f6r SM status po\u00e4ng.<\/li>\n<li>V\u00e4gning , effektm\u00e4tning sker p\u00e5 L\u00f6rdag\u00a0 \u00a0(S\u00f6ndag f\u00f6r lite tid )<\/li>\n<li>Besiktningen L\u00f6rdag skall f\u00f6rares personliga utrustning medtagas.<\/li>\n<li>Anm\u00e4lan skall vara inl\u00e4mnad innan helgen p\u00e5 <strong><a href=\"https:\/\/simplesignup.se\/event\/197927\">Click\u00a0<\/a><\/strong><\/li>\n<\/ul>\n<p>Bra information inf\u00f6r premi\u00e4ren\u00a0 L\u00e4s <a href=\"https:\/\/stec.se\/en\/stec-rattvis-racing\/\"><strong>detta<\/strong> <\/a>och <a href=\"https:\/\/stec.se\/en\/regler\/\"><strong>detta. <\/strong><\/a>Regler och kapitel R\u00e4ttvis racing. N\u00e4r anm\u00e4lan \u00e4r skapad s\u00e5 beh\u00f6ver du INTE ta med papper till inskrivningen utan alla personnummer finns p\u00e5 plats p\u00e5 snygga exel.\u00a0 Dock ska du alltid ta med med detta dokument till besiktningen <a href=\"https:\/\/media1.stec.se\/2021\/04\/Besiktningsprotokoll-Egenkontroll-1.pdf\">Besiktningsprotokoll-Egenkontroll\u00a0\u00a0<\/a>Till varje t\u00e4vlingsdag.Tips printa ut x antal blad och g\u00e5 igenom sj\u00e4lv bilens kontroll punkter hemma f\u00f6r att slippa stress p\u00e5 morgonen.<\/p>\n<div id=\"attachment_6586\" style=\"width: 310px\" class=\"wp-caption aligncenter\"><img loading=\"lazy\" decoding=\"async\" aria-describedby=\"caption-attachment-6586\" class=\"size-medium wp-image-6586\" src=\"https:\/\/media1.stec.se\/2020\/03\/yokohama-300x80.png\" alt=\"\" width=\"300\" height=\"80\" srcset=\"https:\/\/media1.stec.se\/2020\/03\/yokohama-300x80.png 300w, https:\/\/media1.stec.se\/2020\/03\/yokohama.png 433w\" sizes=\"auto, (max-width: 300px) 100vw, 300px\" \/><p id=\"caption-attachment-6586\" class=\"wp-caption-text\">den 1 April l\u00e4mnas d\u00e4ckbest\u00e4llningen in till yokohama. s\u00e5 \u00f6nskar du d\u00e4ck s\u00e5 <a href=\"https:\/\/simplesignup.se\/events\/200787\"><strong>click\u00a0<\/strong><\/a><\/p><\/div>\n<p><img loading=\"lazy\" decoding=\"async\" class=\"size-medium wp-image-10992 aligncenter\" src=\"https:\/\/media1.stec.se\/2023\/03\/Datum-29-April-27-28-Maj-10-11-Juni-19-20-Aug-300x251.png\" alt=\"\" width=\"300\" height=\"251\" srcset=\"https:\/\/media1.stec.se\/2023\/03\/Datum-29-April-27-28-Maj-10-11-Juni-19-20-Aug-300x251.png 300w, https:\/\/media1.stec.se\/2023\/03\/Datum-29-April-27-28-Maj-10-11-Juni-19-20-Aug-768x644.png 768w, https:\/\/media1.stec.se\/2023\/03\/Datum-29-April-27-28-Maj-10-11-Juni-19-20-Aug.png 940w\" sizes=\"auto, (max-width: 300px) 100vw, 300px\" \/><\/p>\n<p>Trevligt samarbete mellan STEC &amp; SBF som skapar energi. SBF <a href=\"https:\/\/www.facebook.com\/Bilstereoforbundet\"><strong>Click<\/strong><\/a> om du gillar bilstereo<\/p>\n<p>Det kommer bli bra p\u00e5 <a href=\"http:\/\/motorfestivaler.se\/\">www.motorfestivalerna.se<\/a><\/p>\n<p><b>S\u00e4ljes: Fabriksbyggd VW Gof 5 R-line.\u00a0<\/b><\/p>\n<div>\n\n\t\t<style type=\"text\/css\">\n\t\t\t#gallery-1 {\n\t\t\t\tmargin: auto;\n\t\t\t}\n\t\t\t#gallery-1 .gallery-item {\n\t\t\t\tfloat: left;\n\t\t\t\tmargin-top: 10px;\n\t\t\t\ttext-align: center;\n\t\t\t\twidth: 33%;\n\t\t\t}\n\t\t\t#gallery-1 img {\n\t\t\t\tborder: 2px solid #cfcfcf;\n\t\t\t}\n\t\t\t#gallery-1 .gallery-caption {\n\t\t\t\tmargin-left: 0;\n\t\t\t}\n\t\t\t\/* see gallery_shortcode() in wp-includes\/media.php *\/\n\t\t<\/style>\n\t\t<div id='gallery-1' class='gallery galleryid-10982 gallery-columns-3 gallery-size-thumbnail'><dl class='gallery-item'>\n\t\t\t<dt class='gallery-icon landscape'>\n\t\t\t\t<a href='https:\/\/stec.se\/en\/blogg-27-mars-tidsschema-vinnarbil-dack-sprint-klassen\/img_4747\/'><img loading=\"lazy\" decoding=\"async\" width=\"150\" height=\"150\" src=\"https:\/\/media1.stec.se\/2023\/03\/IMG_4747-150x150.jpg\" class=\"attachment-thumbnail size-thumbnail\" alt=\"\" \/><\/a>\n\t\t\t<\/dt><\/dl><dl class='gallery-item'>\n\t\t\t<dt class='gallery-icon portrait'>\n\t\t\t\t<a href='https:\/\/stec.se\/en\/blogg-27-mars-tidsschema-vinnarbil-dack-sprint-klassen\/img_4895-1liten\/'><img loading=\"lazy\" decoding=\"async\" width=\"150\" height=\"150\" src=\"https:\/\/media1.stec.se\/2023\/03\/IMG_4895-1liten-150x150.jpg\" class=\"attachment-thumbnail size-thumbnail\" alt=\"\" \/><\/a>\n\t\t\t<\/dt><\/dl><dl class='gallery-item'>\n\t\t\t<dt class='gallery-icon portrait'>\n\t\t\t\t<a href='https:\/\/stec.se\/en\/blogg-27-mars-tidsschema-vinnarbil-dack-sprint-klassen\/img_4897-1liten\/'><img loading=\"lazy\" decoding=\"async\" width=\"150\" height=\"150\" src=\"https:\/\/media1.stec.se\/2023\/03\/IMG_4897-1liten-150x150.jpg\" class=\"attachment-thumbnail size-thumbnail\" alt=\"\" \/><\/a>\n\t\t\t<\/dt><\/dl><br style=\"clear: both\" \/><dl class='gallery-item'>\n\t\t\t<dt class='gallery-icon portrait'>\n\t\t\t\t<a href='https:\/\/stec.se\/en\/blogg-27-mars-tidsschema-vinnarbil-dack-sprint-klassen\/img_4910-1-liten\/'><img loading=\"lazy\" decoding=\"async\" width=\"150\" height=\"150\" src=\"https:\/\/media1.stec.se\/2023\/03\/IMG_4910-1-liten-150x150.jpg\" class=\"attachment-thumbnail size-thumbnail\" alt=\"\" \/><\/a>\n\t\t\t<\/dt><\/dl><dl class='gallery-item'>\n\t\t\t<dt class='gallery-icon portrait'>\n\t\t\t\t<a href='https:\/\/stec.se\/en\/blogg-27-mars-tidsschema-vinnarbil-dack-sprint-klassen\/img_4919-1liten\/'><img loading=\"lazy\" decoding=\"async\" width=\"150\" height=\"150\" src=\"https:\/\/media1.stec.se\/2023\/03\/IMG_4919-1liten-150x150.jpg\" class=\"attachment-thumbnail size-thumbnail\" alt=\"\" \/><\/a>\n\t\t\t<\/dt><\/dl><dl class='gallery-item'>\n\t\t\t<dt class='gallery-icon landscape'>\n\t\t\t\t<a href='https:\/\/stec.se\/en\/blogg-27-mars-tidsschema-vinnarbil-dack-sprint-klassen\/14231985_985326014909923_6241353127697938241_o\/'><img loading=\"lazy\" decoding=\"async\" width=\"150\" height=\"150\" src=\"https:\/\/media1.stec.se\/2023\/03\/14231985_985326014909923_6241353127697938241_o-150x150.jpg\" class=\"attachment-thumbnail size-thumbnail\" alt=\"\" \/><\/a>\n\t\t\t<\/dt><\/dl><br style=\"clear: both\" \/>\n\t\t<\/div>\n\n<\/div>\n<div><\/div>\n<div><\/div>\n<div>VW Motorsport byggde bilen med ambitionen att vinna Nurburgring 24 timmars 2007, vilket man gjorde. 1:a i klassen och 8:a totalt av 220 startande.<\/div>\n<div>Bilen s\u00e5ldes d\u00e4refter till Sverige d\u00e4r den framg\u00e5ngsrikt t\u00e4vlats i l\u00e5nglopp. Det \u00e4r en \u00e4kta fabriksbil med historia och som bla g\u00e5tt i vindtunnel.<\/div>\n<div><\/div>\n<div>Bilen \u00e4r kapabel att vinna Stec. B\u00e4sta varvtid p\u00e5 Mantorp 1.25,7 (Anders Fridh).<\/div>\n<div>Professionellt sk\u00f6tt av Fillebaxter Race Team sedan 2017, utan tanke p\u00e5 kostnad.<\/div>\n<div>1984 cc turbo motor med direktinsprutning och intercooler. Totalrenoverad h\u00f6sten 2021. Har g\u00e5tt tre race.<\/div>\n<div>Tre alternativa styrboxar:<\/div>\n<div>Regn\u00a0\u00a0 \u00a0\u00a0 \u00a0 389hk\/423Nm<\/div>\n<div>Mellan\u00a0 \u00a0 \u00a0 409hk\/474Nm<\/div>\n<div>Full race\u00a0 \u00a0422hk\/498Nm<\/div>\n<div>6-stegad DSG v\u00e4xell\u00e5da totalrenoverad i september 2022. Har g\u00e5tt ett race.<\/div>\n<div>Ny 120 liters ATL tank 2022. Giltig till 2027.<\/div>\n<div>Vikt 1120 kg.<\/div>\n<div>8 hjul medf\u00f6ljer.<\/div>\n<div>S\u00e4ljes helt raceready.<\/div>\n<div>\u00d6nskat pris 350.000 kr plus moms.<\/div>\n<div>Kontakta Nils-Fredrik Nyblaeus(070-6370608) eller Kent Isaksson(070-8151557)<\/div>\n<div><img loading=\"lazy\" decoding=\"async\" class=\"size-medium wp-image-10993 aligncenter\" src=\"https:\/\/media1.stec.se\/2023\/03\/336619161_430612919281582_8652057939481139629_n-1-225x300.jpg\" alt=\"\" width=\"225\" height=\"300\" srcset=\"https:\/\/media1.stec.se\/2023\/03\/336619161_430612919281582_8652057939481139629_n-1-225x300.jpg 225w, https:\/\/media1.stec.se\/2023\/03\/336619161_430612919281582_8652057939481139629_n-1-768x1024.jpg 768w, https:\/\/media1.stec.se\/2023\/03\/336619161_430612919281582_8652057939481139629_n-1-1152x1536.jpg 1152w, https:\/\/media1.stec.se\/2023\/03\/336619161_430612919281582_8652057939481139629_n-1-1080x1440.jpg 1080w, https:\/\/media1.stec.se\/2023\/03\/336619161_430612919281582_8652057939481139629_n-1.jpg 1536w\" sizes=\"auto, (max-width: 225px) 100vw, 225px\" \/><\/div>\n<div>Tack till Bilextra Link\u00f6ping f\u00f6r ert st\u00f6dtill funktion\u00e4rerna <a href=\"https:\/\/bilxtra.se\/butiker\/link%C3%B6ping\"><strong>click<\/strong><\/a> f\u00f6ra att komma till Link\u00f6pings b\u00e4sta reservdelsbutik som kommer ha \u00f6ppet p\u00e5 L\u00f6rdag f\u00f6r STEC kunder den 29 April<\/div>\n<div><\/div>\n<div><strong>Anm\u00e4lan och betalning.<\/strong><\/div>\n<div>Denna vecka kommer det mailas ut fakturor till anm\u00e4lda team.<\/div>\n<div>Vi \u00e4r tacksamma om de skyndsamt betalas och m\u00e4rk alltid all betalning med teamnamn. Swish och kontakt g\u00e5r bra men v\u00e4nta inte med anm\u00e4lan f\u00f6r det \u00e4r alltid stressigt i sista stund.<\/div>\n<div>\n\n\t\t<style type=\"text\/css\">\n\t\t\t#gallery-2 {\n\t\t\t\tmargin: auto;\n\t\t\t}\n\t\t\t#gallery-2 .gallery-item {\n\t\t\t\tfloat: left;\n\t\t\t\tmargin-top: 10px;\n\t\t\t\ttext-align: center;\n\t\t\t\twidth: 33%;\n\t\t\t}\n\t\t\t#gallery-2 img {\n\t\t\t\tborder: 2px solid #cfcfcf;\n\t\t\t}\n\t\t\t#gallery-2 .gallery-caption {\n\t\t\t\tmargin-left: 0;\n\t\t\t}\n\t\t\t\/* see gallery_shortcode() in wp-includes\/media.php *\/\n\t\t<\/style>\n\t\t<div id='gallery-2' class='gallery galleryid-10982 gallery-columns-3 gallery-size-thumbnail'><dl class='gallery-item'>\n\t\t\t<dt class='gallery-icon landscape'>\n\t\t\t\t<a href='https:\/\/stec.se\/en\/blogg-20-februari-med-bla-info-film\/skyltstallet\/'><img loading=\"lazy\" decoding=\"async\" width=\"150\" height=\"150\" src=\"https:\/\/media1.stec.se\/2023\/02\/skyltstallet-150x150.jpg\" class=\"attachment-thumbnail size-thumbnail\" alt=\"\" \/><\/a>\n\t\t\t<\/dt><\/dl><dl class='gallery-item'>\n\t\t\t<dt class='gallery-icon portrait'>\n\t\t\t\t<a href='https:\/\/stec.se\/en\/blogg-20-februari-med-bla-info-film\/stec-skiss-beachflagga-d2-230215\/'><img loading=\"lazy\" decoding=\"async\" width=\"150\" height=\"150\" src=\"https:\/\/media1.stec.se\/2023\/02\/STEC-skiss-beachflagga-D2-230215-150x150.jpg\" class=\"attachment-thumbnail size-thumbnail\" alt=\"\" \/><\/a>\n\t\t\t<\/dt><\/dl><dl class='gallery-item'>\n\t\t\t<dt class='gallery-icon portrait'>\n\t\t\t\t<a href='https:\/\/stec.se\/en\/blogg-20-februari-med-bla-info-film\/stec-skiss-beachflagga-c-230215\/'><img loading=\"lazy\" decoding=\"async\" width=\"150\" height=\"150\" src=\"https:\/\/media1.stec.se\/2023\/02\/STEC-skiss-beachflagga-C-230215-150x150.jpg\" class=\"attachment-thumbnail size-thumbnail\" alt=\"\" \/><\/a>\n\t\t\t<\/dt><\/dl><br style=\"clear: both\" \/>\n\t\t<\/div>\n\n<p>Beh\u00f6ver du flaggor , vepor , profilkl\u00e4der , skyltar allt som syns \u00e4r <a href=\"https:\/\/www.skyltstallet.se\/norrkoping\"><strong>Josef<\/strong><\/a> p\u00e5 Skyltst\u00e4llet grym p\u00e5 att ta fram och kommer direkt till banan. Passa p\u00e5 nu att g\u00f6ra en snygg profilering f\u00f6r teamet.<\/p>\n<p>Funktion\u00e4rslistan \u00e4r n\u00e4stan klar <a href=\"https:\/\/www.facebook.com\/reel\/906118110628029\">click\u00a0\u00a0<\/a>Men det saknas 2 viktiga poster det \u00e4r. frukost , Lunch , Middag.\u00a0 Vi vill kunna serva f\u00f6rare ,team med kaffe , mackor , hamburgare , korv etc under dagen och Solbritt har brutit armen och Estrid har sv\u00e5rt att ta ledigt. K\u00e4nner du n\u00e5gon som vill vara med p\u00e5 Link\u00f6ping \/ Mantorp s\u00e5 tveka inte att kontakta oss p\u00e5 <a href=\"mailto:stec@stec.se\">stec@stec.se <\/a>Samma s\u00f6ker vi fortfarande en speaker som gillar att prata.<\/p>\n<p><img loading=\"lazy\" decoding=\"async\" class=\"size-medium wp-image-10994 aligncenter\" src=\"https:\/\/media1.stec.se\/2023\/03\/lola-300x225.jpg\" alt=\"\" width=\"300\" height=\"225\" srcset=\"https:\/\/media1.stec.se\/2023\/03\/lola-300x225.jpg 300w, https:\/\/media1.stec.se\/2023\/03\/lola-510x382.jpg 510w, https:\/\/media1.stec.se\/2023\/03\/lola.jpg 640w\" sizes=\"auto, (max-width: 300px) 100vw, 300px\" \/><\/p>\n<p>Denna Lola har ans\u00f6kt om att k\u00f6ra STEC Historic .Men \u00e4r det m\u00f6jligt med denna bil ? Svaret \u00e4r Ja och Nej?\u00a0 Vill vill \u00f6ppna f\u00f6r en stor m\u00f6jlighet att enkelt kunna t\u00e4vla inom STEC. genom systemet &#8221;Balance of Performence&#8221; kan vi erbjuda en r\u00e4ttvis racing med enorm bredd. Men denna bil f\u00e5r inte t\u00e4vla som den ser ut nu..\u00a0 reglerna \u00e4r klara det skall finnas tak <strong><a href=\"https:\/\/stec.se\/en\/stec-rattvis-racing\/\">Click<\/a><\/strong><\/p>\n<p>Men i den nya klassen Sprint som k\u00f6r 20 minuters heat s\u00e5 kommer vi nu kunna erbjuda en stor spridning p\u00e5 bilar som gamla nascar , och historiska bilar s\u00e5 l\u00e4nge bilen omfattar bur,stol,b\u00e4lte.\u00a0 V\u00e4lkommen Mats ska bli kul att se denna\u00a0 bil men t\u00e4nk p\u00e5 95 db. Det milj\u00f6tillst\u00e5ndet g\u00e4ller alla oavsett klass , bilmodell osv det g\u00e4ller banans tillst\u00e5nd emot kommun och det kommer vi inte \u00e4ventyra p\u00e5 n\u00e5got villkor.<\/p>\n<p><img loading=\"lazy\" decoding=\"async\" class=\"size-medium wp-image-635 aligncenter\" src=\"https:\/\/media1.stec.se\/2017\/05\/film-300x166.jpg\" alt=\"\" width=\"300\" height=\"166\" srcset=\"https:\/\/media1.stec.se\/2017\/05\/film-300x166.jpg 300w, https:\/\/media1.stec.se\/2017\/05\/film.jpg 301w\" sizes=\"auto, (max-width: 300px) 100vw, 300px\" \/><\/p>\n<p style=\"text-align: center;\">Ny film inf\u00f6r s\u00e4songen kommer den sista i m\u00e5naden missa inte den genom att prenumerera p\u00e5 stec Youtubekanal kostar ingenting men \u00e4r bra infokanal <a href=\"https:\/\/www.youtube.com\/channel\/UCDVUJW8_XusVy4s24maWzlg\"><strong>Click<\/strong><\/a><\/p>\n<p style=\"text-align: center;\"><strong>Missa inte \u00e5rets f\u00f6rsta Testdag 28 April brukar se ut ungef\u00e4r s\u00e5 h\u00e4r<\/strong><\/p>\n<p><iframe loading=\"lazy\" title=\"Enkelt att ko\u0308ra i STEC\" width=\"1080\" height=\"608\" src=\"https:\/\/www.youtube.com\/embed\/wO9tLSGgkPo?start=7&#038;feature=oembed\" frameborder=\"0\" allow=\"accelerometer; autoplay; clipboard-write; encrypted-media; gyroscope; picture-in-picture; web-share\" allowfullscreen><\/iframe><\/p>\n<p>&nbsp;<\/p>\n<p><img loading=\"lazy\" decoding=\"async\" class=\"size-medium wp-image-8137 aligncenter\" src=\"https:\/\/media1.stec.se\/2021\/03\/tack-300x178.jpg\" alt=\"\" width=\"300\" height=\"178\" srcset=\"https:\/\/media1.stec.se\/2021\/03\/tack-300x178.jpg 300w, https:\/\/media1.stec.se\/2021\/03\/tack-1024x606.jpg 1024w, https:\/\/media1.stec.se\/2021\/03\/tack-768x455.jpg 768w, https:\/\/media1.stec.se\/2021\/03\/tack-1080x640.jpg 1080w, https:\/\/media1.stec.se\/2021\/03\/tack.jpg 1476w\" sizes=\"auto, (max-width: 300px) 100vw, 300px\" \/><\/p>\n<p>Tack f\u00f6r att du delar denna blogg till dina gasglada v\u00e4nner samt tack f\u00f6r du \u00e4r en del av stec familjen f\u00f6r kuggarna \u00e4r viktiga att det fungerar , Team,f\u00f6rare,arrang\u00f6r,funktion\u00e4r, ban\u00e4gare, publik och samverkanspartners.\u00a0 Saknas n\u00e5gon del av detta s\u00e5 blir det ingen bra racing.<\/p>\n<p>Kontakt <a href=\"mailto:stec@stec.se\">stec@stec.se<\/a> Telefon 070-798 23 78 tekniska fr\u00e5gor 070-824 16 83<\/p>\n<p>&nbsp;<\/p>\n<\/div>","protected":false},"excerpt":{"rendered":"<p>Viktigt info inf\u00f6r premi\u00e4ren se g\u00e4rna filmen ovan. Fredag 28 April \u00f6ppen Trackday f\u00f6r tester,tr\u00e4ning, d\u00e4ckuth\u00e4mtning, \u00f6ppen f\u00f6r alla. bla samarbete med Toyota GR , Abarth, Subaru , Mazda , Nissan klubbar.\u00a0 Tid 11-17 L\u00f6rdag Test, Licenskurs , bilbesikning, V\u00e4gning, M\u00e4tning Light t\u00e4vling, Sprint race, fotografering, Legend Cars test\/Kval 2 Race heat. V-8 tid 09-18 [&hellip;]<\/p>\n","protected":false},"author":2,"featured_media":10991,"comment_status":"open","ping_status":"open","sticky":false,"template":"","format":"standard","meta":{"_et_pb_use_builder":"","_et_pb_old_content":"","footnotes":""},"categories":[1],"tags":[],"class_list":["post-10982","post","type-post","status-publish","format-standard","has-post-thumbnail","hentry","category-uncategorized"],"aioseo_notices":[],"_links":{"self":[{"href":"https:\/\/stec.se\/en\/wp-json\/wp\/v2\/posts\/10982","targetHints":{"allow":["GET"]}}],"collection":[{"href":"https:\/\/stec.se\/en\/wp-json\/wp\/v2\/posts"}],"about":[{"href":"https:\/\/stec.se\/en\/wp-json\/wp\/v2\/types\/post"}],"author":[{"embeddable":true,"href":"https:\/\/stec.se\/en\/wp-json\/wp\/v2\/users\/2"}],"replies":[{"embeddable":true,"href":"https:\/\/stec.se\/en\/wp-json\/wp\/v2\/comments?post=10982"}],"version-history":[{"count":4,"href":"https:\/\/stec.se\/en\/wp-json\/wp\/v2\/posts\/10982\/revisions"}],"predecessor-version":[{"id":10998,"href":"https:\/\/stec.se\/en\/wp-json\/wp\/v2\/posts\/10982\/revisions\/10998"}],"wp:featuredmedia":[{"embeddable":true,"href":"https:\/\/stec.se\/en\/wp-json\/wp\/v2\/media\/10991"}],"wp:attachment":[{"href":"https:\/\/stec.se\/en\/wp-json\/wp\/v2\/media?parent=10982"}],"wp:term":[{"taxonomy":"category","embeddable":true,"href":"https:\/\/stec.se\/en\/wp-json\/wp\/v2\/categories?post=10982"},{"taxonomy":"post_tag","embeddable":true,"href":"https:\/\/stec.se\/en\/wp-json\/wp\/v2\/tags?post=10982"}],"curies":[{"name":"wp","href":"https:\/\/api.w.org\/{rel}","templated":true}]}}