{"id":10634,"date":"2022-12-14T11:27:43","date_gmt":"2022-12-14T11:27:43","guid":{"rendered":"https:\/\/stec.se\/?p=10634"},"modified":"2022-12-16T09:58:21","modified_gmt":"2022-12-16T09:58:21","slug":"stec-bloggen-16-december-studie-resa-nyheter-julklappar","status":"publish","type":"post","link":"https:\/\/stec.se\/en\/stec-bloggen-16-december-studie-resa-nyheter-julklappar\/","title":{"rendered":"STEC Bloggen 16 December. Studie resa , Nyheter , Julklappar ."},"content":{"rendered":"<p><img loading=\"lazy\" decoding=\"async\" class=\"size-medium wp-image-10636 aligncenter\" src=\"http:\/\/media1.stec.se\/2022\/12\/nedladdning-4-300x113.jpeg\" alt=\"\" width=\"300\" height=\"113\" srcset=\"https:\/\/media1.stec.se\/2022\/12\/nedladdning-4-300x113.jpeg 300w, https:\/\/media1.stec.se\/2022\/12\/nedladdning-4.jpeg 365w\" sizes=\"auto, (max-width: 300px) 100vw, 300px\" \/><\/p>\n<p>Stec har varit p\u00e5 studieresa p\u00e5\u00a0 <a href=\"https:\/\/gt-winter-series.com\/en\/\">https:\/\/gt-winter-series.com\/en\/<\/a>\u00a0 d\u00e4r vi f\u00e5tt massor av intryck och ska nu paketera detta f\u00f6r stec 2023.<\/p>\n<ul>\n<li>Anm\u00e4lan och startavgift tar vi delvis l\u00e4rdom av dock inte priset som \u00e4r 2990 Euro per start utan att det \u00e4r all inclusive och anm\u00e4lan g\u00f6rs 1 g\u00e5ng\u00a0 <a href=\"https:\/\/stec.se\/en\/anmalning\/\">STEC<\/a>\u00a0 sen \u00e4r det klart f\u00f6r hela s\u00e4songen eller f\u00f6r separat t\u00e4vling p\u00e5 n\u00e4tet.i lugn och ro hemma.\u00a0 <a href=\"https:\/\/gt-winter-series.com\/season-2022-2023\/einschreibung\/\">GT-Winter Serie\u00a0<\/a><\/li>\n<li>Tidsinformation &#8221;T\u00e4vlings -PM&#8221; tydligt enkel. L\u00e4tt att hitta under fliken <a href=\"https:\/\/stec.se\/en\/anmalning\/\">anm\u00e4l h\u00e4r\u00a0<\/a> \u00a0bara det viktigaste <a href=\"https:\/\/docs.google.com\/document\/d\/16sZw3_ECiVvK3xSaWWKcuvBngWHFdag1ZRhcnvsplcI\/edit?usp=sharing\">Click\u00a0\u00a0<\/a><\/li>\n<li>Teamkl\u00e4der p\u00e5 mekaniker och team kommer vi ta fram under v\u00e5ren. Vill du trycka egna kl\u00e4der s\u00e5 l\u00e4mnar vi g\u00e4rna ut\u00a0 stec loggan som vi g\u00e4rna ser p\u00e5 teamkl\u00e4der.<\/li>\n<li>Reklam f\u00f6r stec p\u00e5 v\u00e4g in till banan och p\u00e5 t\u00e4vlingshelgen. Ingen som varit p\u00e5 plats ska kunna missat att man ha varit p\u00e5 en stec t\u00e4vling.<\/li>\n<li>Funktion\u00e4rer kommer vara Oranga 2023 med tryck Funktion\u00e4r men \u00e4ven m\u00f6jlighet att vara med f\u00f6retagsnamn eller logga. anm\u00e4lan f\u00f6r det p\u00e5 <a href=\"mailto:stec@stec.se\">stec@stec.se<\/a><\/li>\n<\/ul>\n<p>Julklappar till barn stora som sm\u00e5. Varje t\u00e4vlingshelg kommer stec kunna erbjuda barnfamiljer att helt kostnadsfritt kunna k\u00f6ra sina barn p\u00e5 banan. Detta sker vid lunch uppeh\u00e5llet ca 10 minuter f\u00f6r att s\u00e5 ett fr\u00f6 att kunna bli en stec f\u00f6rare i framtiden. Perfekt enkel julklapp h\u00f6r av er f\u00f6r gratis julklapp 2023..<\/p>\n<p><img loading=\"lazy\" decoding=\"async\" class=\"size-medium wp-image-10638 aligncenter\" src=\"http:\/\/media1.stec.se\/2022\/12\/VIP-Biljett-212x300.png\" alt=\"\" width=\"212\" height=\"300\" srcset=\"https:\/\/media1.stec.se\/2022\/12\/VIP-Biljett-212x300.png 212w, https:\/\/media1.stec.se\/2022\/12\/VIP-Biljett-724x1024.png 724w, https:\/\/media1.stec.se\/2022\/12\/VIP-Biljett-768x1086.png 768w, https:\/\/media1.stec.se\/2022\/12\/VIP-Biljett-1086x1536.png 1086w, https:\/\/media1.stec.se\/2022\/12\/VIP-Biljett-1080x1528.png 1080w, https:\/\/media1.stec.se\/2022\/12\/VIP-Biljett.png 1414w\" sizes=\"auto, (max-width: 212px) 100vw, 212px\" \/><\/p>\n<p><img loading=\"lazy\" decoding=\"async\" class=\"alignnone size-medium wp-image-6599 aligncenter\" src=\"http:\/\/media1.stec.se\/2020\/03\/biljett-fram-300x197.jpg\" alt=\"\" width=\"300\" height=\"197\" srcset=\"https:\/\/media1.stec.se\/2020\/03\/biljett-fram-300x197.jpg 300w, https:\/\/media1.stec.se\/2020\/03\/biljett-fram.jpg 583w\" sizes=\"auto, (max-width: 300px) 100vw, 300px\" \/><\/p>\n<p style=\"text-align: center;\"><strong>VIP-Biljetter kommer finnas f\u00f6r teamen att printa ut kostnadsfritt inf\u00f6r varje t\u00e4vling. \u00f6vriga kommer f\u00e5 betala entr\u00e9 avgift f\u00f6r att bes\u00f6ka STEC 2023.\u00a0<\/strong><\/p>\n<p><img loading=\"lazy\" decoding=\"async\" class=\"size-medium wp-image-10506 aligncenter\" src=\"http:\/\/media1.stec.se\/2022\/11\/teams-mote-300x251.png\" alt=\"\" width=\"300\" height=\"251\" srcset=\"https:\/\/media1.stec.se\/2022\/11\/teams-mote-300x251.png 300w, https:\/\/media1.stec.se\/2022\/11\/teams-mote-768x644.png 768w, https:\/\/media1.stec.se\/2022\/11\/teams-mote.png 940w\" sizes=\"auto, (max-width: 300px) 100vw, 300px\" \/><\/p>\n<p style=\"text-align: center;\">Teamsm\u00f6te den 20 December klockan 20,00 L\u00e4nk \u00e4r <a href=\"https:\/\/teams.live.com\/meet\/9461693371189\">https:\/\/teams.live.com\/meet\/9461693371189\u00a0<\/a><\/p>\n<p>Vi kommer under m\u00f6tet presentera Conny som kommer tillf\u00f6ra stec \u00e4nnu mer spetskompetens i det viktiga omr\u00e5det sjukv\u00e5rd. s\u00e5 kom g\u00e4rna med fr\u00e5gor om detta. Vi kommer ber\u00e4tta mer om Sprint och GT-Open serien hur det fungerar att k\u00f6ra Stec som ensam f\u00f6rare 2023. samt vi kommer ta upp fr\u00e5gor,synpunkter som mailas in p\u00e5 <a href=\"mailto:stec@stec.se\">stec@stec.se<\/a><\/p>\n<p><strong>Tierp Arena s\u00e5ld till Stenhaga <em><a href=\"https:\/\/sverigesradio.se\/artikel\/arenan-sald-efter-flera-ar-har-ar-nya-agarens-planer\">KLICKA<\/a><\/em><\/strong> Detta ser vi positivt p\u00e5 fr\u00e5n STEC som har dialog med Svante som ocks\u00e5 \u00e4ger Kinnekulle. Vi v\u00e4lkomnar Stenhaga som \u00e4r genuint bilsportintresserade \u00e4gare vilket \u00e4r otroligt viktigt f\u00f6r framtidens bilsport p\u00e5 Tierp och alla banor..<\/p>\n<p>R\u00e4cken kostar pengar att bes\u00f6ka och fakturan tillfaller tyv\u00e4rr f\u00f6rare &amp; Teamet. Vi hade 2022 2 stycken oturliga situationer med av\u00e5kning som kr\u00e4vde reparation. Det var en mur p\u00e5 Tierp och ett r\u00e4cke i finalen p\u00e5 Link\u00f6ping. Vi vill ta upp detta s\u00e5 det aldrig blir diskussioner efter\u00e5t. I startanm\u00e4lan skriver du som teamchef p\u00e5 att teamet t\u00e4vlar under eget ansvar. Anser man att teamet exempelvis blivit p\u00e5k\u00f6rda av annat team s\u00e5 kan man inte utkr\u00e4va skadest\u00e5nd. Har du som f\u00f6rare otur och k\u00f6rt in i staket , r\u00e4cken ,murar , som har kostnader f\u00f6r lagning s\u00e5 kommer fakturan tillfalla dig som teamchef.\u00a0 F\u00f6rs\u00e4kringarna som stec tecknat \u00e4r en olycksfalls f\u00f6rs\u00e4kring p\u00e5 f\u00f6rare. Inte p\u00e5 bilarna f\u00f6r det finns nog inget bolag i v\u00e4rlden som vill erbjuda att f\u00f6rs\u00e4kra v\u00e5ra t\u00e4vlingsbilar. Skulle ett team k\u00f6ra in i domartornet p\u00e5 Mantorp s\u00e5 finns det f\u00f6rs\u00e4kring p\u00e5 huset men inte p\u00e5 r\u00e4cken, murar , staket osv. Nu f\u00e5r teamet en faktura p\u00e5 7000+moms vilket aldrig \u00e4r kul men det \u00e4r en verklighet som vi vill alla ska veta om.<\/p>\n<p><img loading=\"lazy\" decoding=\"async\" class=\"size-medium wp-image-10640 aligncenter\" src=\"http:\/\/media1.stec.se\/2022\/12\/racke-300x66.png\" alt=\"\" width=\"300\" height=\"66\" srcset=\"https:\/\/media1.stec.se\/2022\/12\/racke-300x66.png 300w, https:\/\/media1.stec.se\/2022\/12\/racke-768x169.png 768w, https:\/\/media1.stec.se\/2022\/12\/racke.png 784w\" sizes=\"auto, (max-width: 300px) 100vw, 300px\" \/><\/p>\n<p><img loading=\"lazy\" decoding=\"async\" class=\"size-medium wp-image-8439 aligncenter\" src=\"http:\/\/media1.stec.se\/2021\/05\/youtube-live-300x158.png\" alt=\"\" width=\"300\" height=\"158\" srcset=\"https:\/\/media1.stec.se\/2021\/05\/youtube-live-300x158.png 300w, https:\/\/media1.stec.se\/2021\/05\/youtube-live.png 310w\" sizes=\"auto, (max-width: 300px) 100vw, 300px\" \/><\/p>\n<p>STEC har en youtube kanal <a href=\"https:\/\/www.youtube.com\/channel\/UCDVUJW8_XusVy4s24maWzlg\"><em><strong>Click<\/strong><\/em><\/a>\u00a0 Prenumerera g\u00e4rna p\u00e5 den kanalen d\u00e5 v\u00e5r ambition \u00e4r att kunna presentera mycket mer p\u00e5 Youtube 2023. Genom att vara prenumerant s\u00e5 f\u00e5r du ett pling n\u00e4r det l\u00e4ggs upp n\u00e5got nytt. Nu bla fr\u00e5n studiebes\u00f6ket kommer det ut filmer d\u00e4r.<\/p>\n<p>Vill du bes\u00f6ka banorna i GT-Winter serien? S\u00e5 kommer stec kunna ordna bra m\u00f6jligheter att komma och f\u00e5 biljetter och guidade turer. Banorna Estoril , Jerez, Valencia osv skicka ett mail s\u00e5 l\u00f6ser vi detta och vi tackar Team Willa som var med i S\u00f6ndags genom Mikael Jonasson.<\/p>\n<p><img loading=\"lazy\" decoding=\"async\" class=\"size-medium wp-image-10641 aligncenter\" src=\"http:\/\/media1.stec.se\/2022\/12\/Norrlands-vecka-2024-300x169.png\" alt=\"\" width=\"300\" height=\"169\" srcset=\"https:\/\/media1.stec.se\/2022\/12\/Norrlands-vecka-2024-300x169.png 300w, https:\/\/media1.stec.se\/2022\/12\/Norrlands-vecka-2024-1024x577.png 1024w, https:\/\/media1.stec.se\/2022\/12\/Norrlands-vecka-2024-768x433.png 768w, https:\/\/media1.stec.se\/2022\/12\/Norrlands-vecka-2024-1536x865.png 1536w, https:\/\/media1.stec.se\/2022\/12\/Norrlands-vecka-2024-1080x608.png 1080w, https:\/\/media1.stec.se\/2022\/12\/Norrlands-vecka-2024.png 1640w\" sizes=\"auto, (max-width: 300px) 100vw, 300px\" \/><\/p>\n<p>STEC tittar p\u00e5 l\u00f6sningar i alla v\u00e4derstreck \u00e4ven norrut och kontakt \u00e4r tagen med <a href=\"https:\/\/drivecenter.se\/\">F\u00e4llfors<\/a> Som utvecklas allt mer f\u00f6r varje s\u00e4song. Detta \u00e4r naturligtvis inte spikat i detta l\u00e4ge men vi vill s\u00e5 ett fr\u00f6 bland stec t\u00e4vlande att vi kikar p\u00e5 m\u00f6jligheterna att kunna skapa racing med Norrlandsvecka.<\/p>\n<p><img loading=\"lazy\" decoding=\"async\" class=\"size-medium wp-image-10651 aligncenter\" src=\"http:\/\/media1.stec.se\/2022\/12\/latt-att-hitta-300x251.png\" alt=\"\" width=\"300\" height=\"251\" srcset=\"https:\/\/media1.stec.se\/2022\/12\/latt-att-hitta-300x251.png 300w, https:\/\/media1.stec.se\/2022\/12\/latt-att-hitta-768x644.png 768w, https:\/\/media1.stec.se\/2022\/12\/latt-att-hitta.png 940w\" sizes=\"auto, (max-width: 300px) 100vw, 300px\" \/><\/p>\n<p><strong>Sociala medier och stec racing\u00a0\u00a0<\/strong>Gamla klassiska uttrycket &#8221;syns du inte finns du inte&#8221; Nu har vi st\u00e4dat och arbetar med namnet <strong>stecracing<\/strong> p\u00e5 Instagram , Twitter , Youtube. tagga g\u00e4rna era inl\u00e4gg med <strong>#stecracing<\/strong> s\u00e5 blir det spridning.<\/p>\n<p><img loading=\"lazy\" decoding=\"async\" class=\"size-medium wp-image-3058 aligncenter\" src=\"http:\/\/media1.stec.se\/2017\/12\/racing-tomte-300x163.jpg\" alt=\"\" width=\"300\" height=\"163\" srcset=\"https:\/\/media1.stec.se\/2017\/12\/racing-tomte-300x163.jpg 300w, https:\/\/media1.stec.se\/2017\/12\/racing-tomte.jpg 640w\" sizes=\"auto, (max-width: 300px) 100vw, 300px\" \/><\/p>\n<p>God Jul och gott nytt \u00e5r vill vi \u00f6nska dig och teamet. N\u00e4sta blogg kommer ut i mellandagarna med bland annat ett bra pr\u00f6va p\u00e5 erbjudande p\u00e5 Mantorp f\u00f6r nya team som vill in i stec och kriga om medaljerna. Tack f\u00f6r att ni finns f\u00f6r utan samverkan mellan team, arrang\u00f6r , funktion\u00e4r skulle det inte bli n\u00e5gon bilsport.\u00a0 Alla viktiga och alla beh\u00f6vs..\u00a0 Tack<\/p>\n<p>&nbsp;<\/p>\n<p>&nbsp;<\/p>\n<p>&nbsp;<\/p>\n<p>&nbsp;<\/p>","protected":false},"excerpt":{"rendered":"<p>Stec har varit p\u00e5 studieresa p\u00e5\u00a0 https:\/\/gt-winter-series.com\/en\/\u00a0 d\u00e4r vi f\u00e5tt massor av intryck och ska nu paketera detta f\u00f6r stec 2023. Anm\u00e4lan och startavgift tar vi delvis l\u00e4rdom av dock inte priset som \u00e4r 2990 Euro per start utan att det \u00e4r all inclusive och anm\u00e4lan g\u00f6rs 1 g\u00e5ng\u00a0 STEC\u00a0 sen \u00e4r det klart f\u00f6r [&hellip;]<\/p>\n","protected":false},"author":2,"featured_media":10651,"comment_status":"open","ping_status":"open","sticky":false,"template":"","format":"standard","meta":{"_et_pb_use_builder":"","_et_pb_old_content":"","footnotes":""},"categories":[1],"tags":[],"class_list":["post-10634","post","type-post","status-publish","format-standard","has-post-thumbnail","hentry","category-uncategorized"],"aioseo_notices":[],"_links":{"self":[{"href":"https:\/\/stec.se\/en\/wp-json\/wp\/v2\/posts\/10634","targetHints":{"allow":["GET"]}}],"collection":[{"href":"https:\/\/stec.se\/en\/wp-json\/wp\/v2\/posts"}],"about":[{"href":"https:\/\/stec.se\/en\/wp-json\/wp\/v2\/types\/post"}],"author":[{"embeddable":true,"href":"https:\/\/stec.se\/en\/wp-json\/wp\/v2\/users\/2"}],"replies":[{"embeddable":true,"href":"https:\/\/stec.se\/en\/wp-json\/wp\/v2\/comments?post=10634"}],"version-history":[{"count":5,"href":"https:\/\/stec.se\/en\/wp-json\/wp\/v2\/posts\/10634\/revisions"}],"predecessor-version":[{"id":10653,"href":"https:\/\/stec.se\/en\/wp-json\/wp\/v2\/posts\/10634\/revisions\/10653"}],"wp:featuredmedia":[{"embeddable":true,"href":"https:\/\/stec.se\/en\/wp-json\/wp\/v2\/media\/10651"}],"wp:attachment":[{"href":"https:\/\/stec.se\/en\/wp-json\/wp\/v2\/media?parent=10634"}],"wp:term":[{"taxonomy":"category","embeddable":true,"href":"https:\/\/stec.se\/en\/wp-json\/wp\/v2\/categories?post=10634"},{"taxonomy":"post_tag","embeddable":true,"href":"https:\/\/stec.se\/en\/wp-json\/wp\/v2\/tags?post=10634"}],"curies":[{"name":"wp","href":"https:\/\/api.w.org\/{rel}","templated":true}]}}