{"id":10501,"date":"2022-11-13T09:33:52","date_gmt":"2022-11-13T09:33:52","guid":{"rendered":"http:\/\/stec.se\/?p=10501"},"modified":"2022-11-13T09:33:52","modified_gmt":"2022-11-13T09:33:52","slug":"stec-bloggen-14-november-sprint-legend-tyskar-1000-km-non-stop","status":"publish","type":"post","link":"https:\/\/stec.se\/en\/stec-bloggen-14-november-sprint-legend-tyskar-1000-km-non-stop\/","title":{"rendered":"STEC BLOGGEN 14 November  Sprint , Legend , Tyskar , 1000 km Non-stop"},"content":{"rendered":"<p><img loading=\"lazy\" decoding=\"async\" class=\"size-medium wp-image-3849 aligncenter\" src=\"http:\/\/media1.stec.se\/2018\/12\/legend-300x205.jpg\" alt=\"\" width=\"300\" height=\"205\" srcset=\"https:\/\/media1.stec.se\/2018\/12\/legend-300x205.jpg 300w, https:\/\/media1.stec.se\/2018\/12\/legend-768x524.jpg 768w, https:\/\/media1.stec.se\/2018\/12\/legend.jpg 1000w\" sizes=\"auto, (max-width: 300px) 100vw, 300px\" \/><\/p>\n<p>Nu \u00e4r det klart att STEC Legends \u00e5teruppst\u00e5r 2023 vilket \u00e4r mycket gl\u00e4djande f\u00f6r publiken och helheten att STEC skapar m\u00f6jligheter till Svenska m\u00e4sterskapet i Sprint racing.\u00a0 Premi\u00e4r helgen blir p\u00e5 Link\u00f6ping \/ Mantorp<\/p>\n<div style=\"width: 1080px;\" class=\"wp-video\"><video class=\"wp-video-shortcode\" id=\"video-10501-1\" width=\"1080\" height=\"608\" preload=\"metadata\" controls=\"controls\"><source type=\"video\/mp4\" src=\"http:\/\/media1.stec.se\/2022\/11\/Grande-Finale-15-Oktober-1.mp4?_=1\" \/><a href=\"http:\/\/media1.stec.se\/2022\/11\/Grande-Finale-15-Oktober-1.mp4\">http:\/\/media1.stec.se\/2022\/11\/Grande-Finale-15-Oktober-1.mp4<\/a><\/video><\/div>\n<p>&nbsp;<\/p>\n<p><img loading=\"lazy\" decoding=\"async\" class=\"size-medium wp-image-10474 aligncenter\" src=\"http:\/\/media1.stec.se\/2022\/10\/After-Race-5-300x251.png\" alt=\"\" width=\"300\" height=\"251\" srcset=\"https:\/\/media1.stec.se\/2022\/10\/After-Race-5-300x251.png 300w, https:\/\/media1.stec.se\/2022\/10\/After-Race-5-768x644.png 768w, https:\/\/media1.stec.se\/2022\/10\/After-Race-5.png 940w\" sizes=\"auto, (max-width: 300px) 100vw, 300px\" \/><\/p>\n<p>Detta med 1000 kilometers non stop racing attraherar nu \u00e4ven utl\u00e4ndska team. Tyska team har nu s\u00f6kt oss f\u00f6r att vara med och anm\u00e4lan finns nu ute att boka sin plats p\u00e5 hemsidan.\u00a0 Det blir s\u00e5ledes Scandinaviums l\u00e4ngsta L\u00e5nglopp inom racing 2023 en utmaning f\u00f6r de h\u00e5rdaste teamen och vi \u00e4r stolta som SM arrang\u00f6rer att kunna erbjuda dig som f\u00f6rare detta. 6 Timmars loppet k\u00f6rs samtidigt och de team som \u00f6nskar k\u00f6ra b\u00e5de 6 timmars och 1000 kilometer har chans att ta en &#8221;dubbel seger&#8221; d\u00e5 loppet forts\u00e4tter n\u00e4r 6 timmars gruppen g\u00e5tt i m\u00e5l.<\/p>\n<p>STEC V-8 Sprint skapar fantastiska m\u00f6jligheter s\u00e5 l\u00e4nge bilarna har s\u00e4kerheten med bur,stol,b\u00e4lte s\u00e5 skapar vi klasser efter \u00f6nskem\u00e5l och nu har det anm\u00e4lt sig V-8 Thundercars bilar inf\u00f6r 2023 \u00e5rs racing med STEC vilket \u00e4r otroligt kul f\u00f6r de f\u00f6rare och team som vill k\u00f6ra mycket med sina bilar. Vi har ju tidigare valt att inte krocka med \u00f6vriga V-8 kalendern och nu skapar detta koncept m\u00f6jlighet till mycket mer racing. K\u00e4nner du racingv\u00e4nner med bilar som st\u00e5r i garagen s\u00e5 tipsa g\u00e4rna om dessa m\u00f6jligheter till riktigt fina racing weekends.<\/p>\n<p><img loading=\"lazy\" decoding=\"async\" class=\"size-medium wp-image-10503 aligncenter\" src=\"http:\/\/media1.stec.se\/2022\/11\/nascar-300x169.jpg\" alt=\"\" width=\"300\" height=\"169\" srcset=\"https:\/\/media1.stec.se\/2022\/11\/nascar-300x169.jpg 300w, https:\/\/media1.stec.se\/2022\/11\/nascar-1024x576.jpg 1024w, https:\/\/media1.stec.se\/2022\/11\/nascar-768x432.jpg 768w, https:\/\/media1.stec.se\/2022\/11\/nascar-1080x608.jpg 1080w, https:\/\/media1.stec.se\/2022\/11\/nascar.jpg 1280w\" sizes=\"auto, (max-width: 300px) 100vw, 300px\" \/><\/p>\n<p><img loading=\"lazy\" decoding=\"async\" class=\"size-medium wp-image-4966 aligncenter\" src=\"http:\/\/media1.stec.se\/2019\/05\/jackor-300x170.png\" alt=\"\" width=\"300\" height=\"170\" srcset=\"https:\/\/media1.stec.se\/2019\/05\/jackor-300x170.png 300w, https:\/\/media1.stec.se\/2019\/05\/jackor-768x435.png 768w, https:\/\/media1.stec.se\/2019\/05\/jackor-1024x580.png 1024w, https:\/\/media1.stec.se\/2019\/05\/jackor-1080x611.png 1080w, https:\/\/media1.stec.se\/2019\/05\/jackor.png 2048w\" sizes=\"auto, (max-width: 300px) 100vw, 300px\" \/><\/p>\n<p>Jackor inf\u00f6r 2023 kommer best\u00e4llas och vi s\u00f6ker nu f\u00f6retag som vill vara med p\u00e5 armar och br\u00f6st med varum\u00e4rken.\u00a0 Vi v\u00e4nder oss f\u00f6rst till STEC n\u00e4tverket och vi best\u00e4ller i f\u00f6rsta sv\u00e4ngen 200 stycken som vi g\u00e4rna skapar racinglook p\u00e5.\u00a0 Blygsam kostnad 1500 p\u00e5 armen och 5000 kr p\u00e5 br\u00f6stet.\u00a0 intresse skickas till stec@stec.se<\/p>\n<p>&nbsp;<\/p>\n<p>infom\u00f6ten under vintern sker den 20 varje m\u00e5nad klockan 20.\u00a0 M\u00e5nads m\u00f6ten har l\u00e4nkarna. November <a href=\"https:\/\/teams.live.com\/meet\/9442799639239\">https:\/\/teams.live.com\/meet\/9442799639239\u00a0\u00a0\u00a0<\/a><\/p>\n<p>December <a href=\"https:\/\/teams.live.com\/meet\/9461693371189\">https:\/\/teams.live.com\/meet\/9461693371189<\/a><\/p>\n<p>Januari<a href=\"https:\/\/teams.live.com\/meet\/9494467157230\"> https:\/\/teams.live.com\/meet\/9494467157230<\/a><\/p>\n<p>Februari <a href=\"https:\/\/teams.live.com\/meet\/9499528464350\">https:\/\/teams.live.com\/meet\/9499528464350<\/a><\/p>\n<p>Mars <a href=\"https:\/\/teams.live.com\/meet\/9482674243129\">https:\/\/teams.live.com\/meet\/9482674243129<\/a><\/p>\n<p>Du f\u00e5r g\u00e4rna maila in saker som du \u00f6nskar vi ska ta upp. och detta men vinterm\u00f6ten tror vi p\u00e5 f\u00f6r det handlar mycket om information att som f\u00f6rare och team vara bekv\u00e4m i sin racing situation. Dessa m\u00f6ten \u00e4r \u00f6ppna f\u00f6r vem som helst p\u00e5 att vara med.<\/p>\n<p><img loading=\"lazy\" decoding=\"async\" class=\"size-medium wp-image-10506 aligncenter\" src=\"http:\/\/media1.stec.se\/2022\/11\/teams-mote-300x251.png\" alt=\"\" width=\"300\" height=\"251\" srcset=\"https:\/\/media1.stec.se\/2022\/11\/teams-mote-300x251.png 300w, https:\/\/media1.stec.se\/2022\/11\/teams-mote-768x644.png 768w, https:\/\/media1.stec.se\/2022\/11\/teams-mote.png 940w\" sizes=\"auto, (max-width: 300px) 100vw, 300px\" \/><\/p>\n<p>Black Friday ? Vi kallar det f\u00f6r en win-win situation. Vill du som team k\u00f6pa och betala 2023 \u00e5rskort s\u00e5 ger stec rabatt med 2,990 kr p\u00e5 6 timmars och 2,790 kr p\u00e5 4 timmars. F\u00f6r oss som arrang\u00f6r \u00e4r det en win-win att f\u00e5 en stabil grund med team som har \u00e5rskort d\u00e5 mycket skall k\u00f6pas in f\u00f6r s\u00e4songen och i detta paket ing\u00e5r allt som du som team beh\u00f6ver f\u00f6r att f\u00e5 en riktigt bra s\u00e4song. boka p\u00e5 hemsidan under flik anm\u00e4l h\u00e4r och betala under 25-27 November s\u00e5 har du 10% p\u00e5 \u00e5rskortet inf\u00f6r 2023.<\/p>\n<p><img loading=\"lazy\" decoding=\"async\" class=\"alignnone size-medium wp-image-10508 aligncenter\" src=\"http:\/\/media1.stec.se\/2022\/11\/STEC-2-300x251.png\" alt=\"\" width=\"300\" height=\"251\" srcset=\"https:\/\/media1.stec.se\/2022\/11\/STEC-2-300x251.png 300w, https:\/\/media1.stec.se\/2022\/11\/STEC-2-768x644.png 768w, https:\/\/media1.stec.se\/2022\/11\/STEC-2.png 940w\" sizes=\"auto, (max-width: 300px) 100vw, 300px\" \/><\/p>\n<p>St\u00f6d grymma Melvin men \u00e4ven de \u00f6vriga juniorerna i teamet d\u00e4r samtliga under 20 \u00e5r \u00e4r v\u00e4lkomna att k\u00f6ra Pay &amp; Drive\u00a0 en perfekt julklapp till sin racing intresserade ungdom.\u00a0 De vill g\u00e4rna ha mycket dekaler p\u00e5 sin bil och du f\u00e5r en guldstj\u00e4rna f\u00f6r varje blygsam 1000 lapp som du kan st\u00f6tta ungdomarna med. Ta kontakt direkt med Melvin 070 723 25 24 Melvina2005@outlook.com\u00a0 eller <a href=\"mailto:stec@stec.se\">stec@stec.se<\/a><\/p>\n<p><iframe loading=\"lazy\" title=\"Sponsorpaket Melvin \u00c5kesson\" width=\"1080\" height=\"608\" src=\"https:\/\/www.youtube.com\/embed\/X27eeqj5wMI?feature=oembed\" frameborder=\"0\" allow=\"accelerometer; autoplay; clipboard-write; encrypted-media; gyroscope; picture-in-picture\" allowfullscreen><\/iframe><\/p>\n<p>&nbsp;<\/p>\n<p>&nbsp;<\/p>","protected":false},"excerpt":{"rendered":"<p>Nu \u00e4r det klart att STEC Legends \u00e5teruppst\u00e5r 2023 vilket \u00e4r mycket gl\u00e4djande f\u00f6r publiken och helheten att STEC skapar m\u00f6jligheter till Svenska m\u00e4sterskapet i Sprint racing.\u00a0 Premi\u00e4r helgen blir p\u00e5 Link\u00f6ping \/ Mantorp &nbsp; Detta med 1000 kilometers non stop racing attraherar nu \u00e4ven utl\u00e4ndska team. Tyska team har nu s\u00f6kt oss f\u00f6r att [&hellip;]<\/p>\n","protected":false},"author":2,"featured_media":7464,"comment_status":"open","ping_status":"open","sticky":false,"template":"","format":"standard","meta":{"_et_pb_use_builder":"","_et_pb_old_content":"","footnotes":""},"categories":[1],"tags":[],"class_list":["post-10501","post","type-post","status-publish","format-standard","has-post-thumbnail","hentry","category-uncategorized"],"aioseo_notices":[],"_links":{"self":[{"href":"https:\/\/stec.se\/en\/wp-json\/wp\/v2\/posts\/10501","targetHints":{"allow":["GET"]}}],"collection":[{"href":"https:\/\/stec.se\/en\/wp-json\/wp\/v2\/posts"}],"about":[{"href":"https:\/\/stec.se\/en\/wp-json\/wp\/v2\/types\/post"}],"author":[{"embeddable":true,"href":"https:\/\/stec.se\/en\/wp-json\/wp\/v2\/users\/2"}],"replies":[{"embeddable":true,"href":"https:\/\/stec.se\/en\/wp-json\/wp\/v2\/comments?post=10501"}],"version-history":[{"count":4,"href":"https:\/\/stec.se\/en\/wp-json\/wp\/v2\/posts\/10501\/revisions"}],"predecessor-version":[{"id":10511,"href":"https:\/\/stec.se\/en\/wp-json\/wp\/v2\/posts\/10501\/revisions\/10511"}],"wp:featuredmedia":[{"embeddable":true,"href":"https:\/\/stec.se\/en\/wp-json\/wp\/v2\/media\/7464"}],"wp:attachment":[{"href":"https:\/\/stec.se\/en\/wp-json\/wp\/v2\/media?parent=10501"}],"wp:term":[{"taxonomy":"category","embeddable":true,"href":"https:\/\/stec.se\/en\/wp-json\/wp\/v2\/categories?post=10501"},{"taxonomy":"post_tag","embeddable":true,"href":"https:\/\/stec.se\/en\/wp-json\/wp\/v2\/tags?post=10501"}],"curies":[{"name":"wp","href":"https:\/\/api.w.org\/{rel}","templated":true}]}}