{"id":10404,"date":"2022-10-21T06:49:48","date_gmt":"2022-10-21T06:49:48","guid":{"rendered":"http:\/\/stec.se\/?p=10404"},"modified":"2022-10-21T06:49:48","modified_gmt":"2022-10-21T06:49:48","slug":"stec-bloggen-24-oktober-regler-avstangning-stec-95-stycken-team-2023","status":"publish","type":"post","link":"https:\/\/stec.se\/en\/stec-bloggen-24-oktober-regler-avstangning-stec-95-stycken-team-2023\/","title":{"rendered":"STEC Bloggen 24  Oktober Regler , Avst\u00e4ngning , STEC 95 stycken team 2023 ?"},"content":{"rendered":"<p><img loading=\"lazy\" decoding=\"async\" class=\"size-medium wp-image-10405 aligncenter\" src=\"http:\/\/media1.stec.se\/2022\/10\/behandla-300x251.png\" alt=\"\" width=\"300\" height=\"251\" srcset=\"https:\/\/media1.stec.se\/2022\/10\/behandla-300x251.png 300w, https:\/\/media1.stec.se\/2022\/10\/behandla-768x644.png 768w, https:\/\/media1.stec.se\/2022\/10\/behandla.png 940w\" sizes=\"auto, (max-width: 300px) 100vw, 300px\" \/><\/p>\n<p>F\u00f6rst n\u00e5got som alltid \u00e4r tr\u00e5kigt att f\u00f6rmedla men v\u00e4ldigt viktigt att inte vika en tum p\u00e5 inom STEC. Bem\u00f6t dina medt\u00e4vlande och funktion\u00e4rer som du sj\u00e4lv vill bli bem\u00f6tt. Denna bild finns p\u00e5 STEC Regelsida och i veckan har vi meddelat en person att han inte \u00e4r v\u00e4lkommen under ett tid som str\u00e4cker sig under 1 s\u00e4song 2023,\u00a0 Det fungerar p\u00e5 liknande s\u00e4tt \u00e4ven inom SBF men skillnaden \u00e4r att vi v\u00e4ljer att inte h\u00e4nga ut hans namn som SBF g\u00f6r\u00a0 <a href=\"https:\/\/www.sbf.se\/vartforbund\/Styrandedokument\/avstangningar\"><strong>Click<\/strong><\/a> . Vi har meddelat anledning till teamet och till personen som har 1 m\u00e5nad p\u00e5 sig att l\u00e4mna en en skrivelse. Avst\u00e4ngd naturligtvis under handlingstiden och detta \u00e4r tyv\u00e4rr 5\u00a0 personen som vi st\u00e4nger av under STEC 6 \u00e5riga historia. 2 f\u00f6rare och 2 funktion\u00e4rer har f\u00e5tt l\u00e5nga avst\u00e4ngningar\u00a0 (1 S\u00e4song)\u00a0 \u00a0som misskreditera t\u00e4vlingsledning ,domare , funktion\u00e4r p\u00e5 banan genom att uttrycka sig med ord som att du \u00e4r &#8221;dum i huvudet&#8221; och &#8221;du \u00e4r en idiot&#8221; Bristande respekt som resulterar i avst\u00e4ngning men \u00e4ven skall ses som en v\u00e4ckarklocka att vi alla skall bem\u00f6ta varann med respekt \u00e4ven om ilska , sorg , eller vad det nu kan handla om. Men p\u00e5 banan och p\u00e5 sociala n\u00e4tverk skall vi alla behandla varann p\u00e5 ett korrekt s\u00e4tt enligt STEC Modellen.<\/p>\n<p><img loading=\"lazy\" decoding=\"async\" class=\"size-medium wp-image-10401 aligncenter\" src=\"http:\/\/media1.stec.se\/2022\/10\/Klass-A-Klass-B-Klass-C-Light-Trackday-Publik-300x169.png\" alt=\"\" width=\"300\" height=\"169\" srcset=\"https:\/\/media1.stec.se\/2022\/10\/Klass-A-Klass-B-Klass-C-Light-Trackday-Publik-300x169.png 300w, https:\/\/media1.stec.se\/2022\/10\/Klass-A-Klass-B-Klass-C-Light-Trackday-Publik-1024x577.png 1024w, https:\/\/media1.stec.se\/2022\/10\/Klass-A-Klass-B-Klass-C-Light-Trackday-Publik-768x433.png 768w, https:\/\/media1.stec.se\/2022\/10\/Klass-A-Klass-B-Klass-C-Light-Trackday-Publik-1536x865.png 1536w, https:\/\/media1.stec.se\/2022\/10\/Klass-A-Klass-B-Klass-C-Light-Trackday-Publik-1080x608.png 1080w, https:\/\/media1.stec.se\/2022\/10\/Klass-A-Klass-B-Klass-C-Light-Trackday-Publik.png 1640w\" sizes=\"auto, (max-width: 300px) 100vw, 300px\" \/><\/p>\n<p><strong>STEC trappan<\/strong> har f\u00e5tt en ny r\u00f6d nyans som en symbolik f\u00f6r den &#8221;r\u00f6da tr\u00e5den&#8221;\u00a0 Det skall och m\u00e5ste vara l\u00e4tt att k\u00f6ra STEC. Det b\u00f6rjar ofta som publik. Kom till banorna titta studera och var med p\u00e5 utbildningsm\u00f6tet som kommer vara p\u00e5 varje t\u00e4vlingshelg 2023. D\u00e4r vi dels kan informera om STEC generellt men \u00e4ven skapa t\u00e4vlingslicens.\u00a0 \u00a0Denna trappa kommer vi trycka mycket p\u00e5 under h\u00f6sten samt budskapet ta med 1 v\u00e4n!\u00a0 V\u00e4nskap och samverkan har STEC skapat under h\u00f6sten s\u00e5 nu finns det 95 unika team i STEC Mail lista som har k\u00f6rt minst 1 race med STEC och nya <a href=\"https:\/\/stec.se\/en\/stec-light\/\"><strong>STEC Light<\/strong> <\/a>som \u00e4r en direkt samverkan med tidigare Krutcupen Asfalt.<\/p>\n<p><strong>STEC Sprint tar vi omtag med som dog ut under Covid.\u00a0 Hemsidan <a href=\"https:\/\/stec.se\/en\/sprint\/\">Click<\/a><\/strong><\/p>\n<p>Sprint Sker under Lunchpausen och mellan heaten i STEC Light. S\u00f6ndagen. Detta f\u00f6r att skapa en mer komplett l\u00f6sning f\u00f6r f\u00f6rare som vill maximera k\u00f6rningen och som arrang\u00f6r maximera bantiden och publika gl\u00e4djen. Perfekt l\u00f6sning \u00e4ven f\u00f6r bil\u00e4gare som saknar team eller vill k\u00f6ra korta intensiva race ist\u00e4llet f\u00f6r L\u00e5ngloppsracing.\u00a0 K\u00e4nner ni n\u00e5gon som du tror kan gilla detta s\u00e5 tipsa g\u00e4rna om detta med STEC Sprint.\u00a0 som kommer med det smidiga regelverket kunna vara med med en stor bredd av bilmodeller.<\/p>\n<p><img loading=\"lazy\" decoding=\"async\" class=\"alignnone size-medium wp-image-10391\" src=\"http:\/\/media1.stec.se\/2022\/10\/stec-sprint--212x300.jpg\" alt=\"\" width=\"212\" height=\"300\" srcset=\"https:\/\/media1.stec.se\/2022\/10\/stec-sprint--212x300.jpg 212w, https:\/\/media1.stec.se\/2022\/10\/stec-sprint--724x1024.jpg 724w, https:\/\/media1.stec.se\/2022\/10\/stec-sprint--768x1086.jpg 768w, https:\/\/media1.stec.se\/2022\/10\/stec-sprint--1086x1536.jpg 1086w, https:\/\/media1.stec.se\/2022\/10\/stec-sprint--1080x1528.jpg 1080w, https:\/\/media1.stec.se\/2022\/10\/stec-sprint-.jpg 1414w\" sizes=\"auto, (max-width: 212px) 100vw, 212px\" \/>\u00a0 \u00a0 \u00a0 \u00a0 \u00a0 \u00a0 <img loading=\"lazy\" decoding=\"async\" class=\"alignnone size-medium wp-image-10392\" src=\"http:\/\/media1.stec.se\/2022\/10\/stec-sprint-1-212x300.jpg\" alt=\"\" width=\"212\" height=\"300\" srcset=\"https:\/\/media1.stec.se\/2022\/10\/stec-sprint-1-212x300.jpg 212w, https:\/\/media1.stec.se\/2022\/10\/stec-sprint-1-724x1024.jpg 724w, https:\/\/media1.stec.se\/2022\/10\/stec-sprint-1-768x1086.jpg 768w, https:\/\/media1.stec.se\/2022\/10\/stec-sprint-1-1086x1536.jpg 1086w, https:\/\/media1.stec.se\/2022\/10\/stec-sprint-1-1080x1528.jpg 1080w, https:\/\/media1.stec.se\/2022\/10\/stec-sprint-1.jpg 1414w\" sizes=\"auto, (max-width: 212px) 100vw, 212px\" \/>\u00a0 \u00a0 \u00a0 \u00a0 \u00a0 \u00a0 <img loading=\"lazy\" decoding=\"async\" class=\"alignnone size-medium wp-image-10393\" src=\"http:\/\/media1.stec.se\/2022\/10\/stec-sprint-2-212x300.jpg\" alt=\"\" width=\"212\" height=\"300\" srcset=\"https:\/\/media1.stec.se\/2022\/10\/stec-sprint-2-212x300.jpg 212w, https:\/\/media1.stec.se\/2022\/10\/stec-sprint-2-724x1024.jpg 724w, https:\/\/media1.stec.se\/2022\/10\/stec-sprint-2-768x1086.jpg 768w, https:\/\/media1.stec.se\/2022\/10\/stec-sprint-2-1086x1536.jpg 1086w, https:\/\/media1.stec.se\/2022\/10\/stec-sprint-2-1080x1528.jpg 1080w, https:\/\/media1.stec.se\/2022\/10\/stec-sprint-2.jpg 1414w\" sizes=\"auto, (max-width: 212px) 100vw, 212px\" \/><\/p>\n<p><a href=\"http:\/\/media1.stec.se\/2022\/10\/stec-sprint-.pdf\">stec sprint<\/a> info i PDF format.<\/p>\n<div style=\"width: 1080px;\" class=\"wp-video\"><video class=\"wp-video-shortcode\" id=\"video-10404-1\" width=\"1080\" height=\"1528\" preload=\"metadata\" controls=\"controls\"><source type=\"video\/mp4\" src=\"http:\/\/media1.stec.se\/2022\/10\/stec-sprint-1.mp4?_=1\" \/><a href=\"http:\/\/media1.stec.se\/2022\/10\/stec-sprint-1.mp4\">http:\/\/media1.stec.se\/2022\/10\/stec-sprint-1.mp4<\/a><\/video><\/div>\n<p><img loading=\"lazy\" decoding=\"async\" class=\"size-full wp-image-5040 aligncenter\" src=\"http:\/\/media1.stec.se\/2019\/05\/face.jpg\" alt=\"\" width=\"197\" height=\"197\" srcset=\"https:\/\/media1.stec.se\/2019\/05\/face.jpg 197w, https:\/\/media1.stec.se\/2019\/05\/face-150x150.jpg 150w\" sizes=\"auto, (max-width: 197px) 100vw, 197px\" \/><\/p>\n<p>Facebook denna gigantiska anslagstavla\u00a0 h\u00e4r kommer v\u00e5ra 3 viktigaste sidor och evenemang<\/p>\n<p><strong>STEC.SE<\/strong> Huvudsida <a href=\"https:\/\/www.facebook.com\/stec.se\">https:\/\/www.facebook.com\/stec.se<\/a><\/p>\n<p><strong>STEC Light\u00a0<\/strong> \u00a0 <a href=\"https:\/\/www.facebook.com\/events\/5442287772514214\">\u00a0https:\/\/www.facebook.com\/events\/5442287772514214<\/a><\/p>\n<p><strong>Mittsverige<\/strong> Motorfestival<a href=\"https:\/\/www.facebook.com\/events\/946785796719655\"> https:\/\/www.facebook.com\/events\/946785796719655<\/a><\/p>\n<p><img loading=\"lazy\" decoding=\"async\" class=\"size-medium wp-image-10407 aligncenter\" src=\"http:\/\/media1.stec.se\/2022\/10\/15-300x240.png\" alt=\"\" width=\"300\" height=\"240\" srcset=\"https:\/\/media1.stec.se\/2022\/10\/15-300x240.png 300w, https:\/\/media1.stec.se\/2022\/10\/15-1024x819.png 1024w, https:\/\/media1.stec.se\/2022\/10\/15-768x614.png 768w, https:\/\/media1.stec.se\/2022\/10\/15-1536x1229.png 1536w, https:\/\/media1.stec.se\/2022\/10\/15-1080x864.png 1080w, https:\/\/media1.stec.se\/2022\/10\/15.png 2000w\" sizes=\"auto, (max-width: 300px) 100vw, 300px\" \/><\/p>\n<p>54 team i STEC 2022 och \u00f6ver 40 team som k\u00f6rt utbildnings serien som flera av dem kommer nu till 2023. Sen kommer vi s\u00e4kert tappa n\u00e5gra team som haft oflyt eller blivit oense i teamet och gl\u00e4djen f\u00f6rsvunnit. En f\u00f6rare skrev i enk\u00e4ten &#8221; Det roligaste med STEC \u00e4r att det \u00e4r mycket bilar p\u00e5 banan samtidigt&#8221;\u00a0 Det \u00e4r f\u00f6r oss som arrang\u00f6r kanske det h\u00f6gsta betyg man kan f\u00e5. N\u00f6jda kunder som kommer tillbaka.\u00a0 V\u00e5r utmaning \u00e4r att f\u00e5 dessa 54 team att st\u00e5 p\u00e5 startlinjen p\u00e5 Mantorp 30 April 2023.\u00a0 Vi tror p\u00e5 det och vi tror p\u00e5 bredden och m\u00e5ngfalden. Har du stol , bur , b\u00e4lte s\u00e5 kan du vara med i STEC. Vill du k\u00f6ra mycket enkelt s\u00e5 v\u00e4ljer du STEC Light. Men vad du \u00e4n k\u00f6r oavsett var i trappan du befinner dig s\u00e5 vill vi tacka f\u00f6r f\u00f6rtroendet att vara din promotor f\u00f6r din racing. Genom denna bredd s\u00e5 kan vi s\u00e4nka priset inf\u00f6r 2023 p\u00e5 \u00e5rskorten och det g\u00f6r vi med gl\u00e4dje. Nu n\u00e4r vi g\u00e5r in i vinterl\u00e4ge.<\/p>\n<p><strong>L\u00e4tt att anm\u00e4la sig 2023!!\u00a0 <\/strong>Nu bygger vi ett enormt l\u00e4tt system att anm\u00e4la sitt team.\u00a0 F\u00f6rsta g\u00e5ngen fyller du namn personnummer osv.\u00a0 Sen i framtiden om du har \u00e5rskort s\u00e5 beh\u00f6ver du inte anm\u00e4la dig alls till racet ( redan anm\u00e4ld)\u00a0 och vill du k\u00f6ra enstaka race s\u00e5 r\u00e4cker det med att fylla i startnummer eller teamnamn s\u00e5 \u00e4r det klart.\u00a0<a href=\"http:\/\/stec.se\/en\/anmalning\/\"> Hemsidan\u00a0<\/a> \u00a0eller Direkt till <a href=\"https:\/\/simplesignup.se\/event\/197927\">Anm\u00e4lan<\/a> Betalning kan du g\u00f6ra med bank\u00f6verf\u00f6ring eller kontant p\u00e5 plats. F\u00f6retag kan f\u00e5 faktura.\u00a0 Vi tackar f\u00f6retaget Simple Signup f\u00f6r detta smidiga bokningssystem.<\/p>\n<p><strong>95 Stycken team 2022 kan vi n\u00e5 100 Team\u00a0 2023?\u00a0<\/strong><\/p>\n<p>Vi tror absolut p\u00e5 detta och ett par nyheter har vi skapat och framf\u00f6r allt det enkla finns kvar!\u00a0 N\u00e4r vi l\u00e4ser enk\u00e4ten s\u00e5 framg\u00e5r det att det enkla regelverket \u00e4r bra och det ska vi inte f\u00f6rst\u00f6ra. Nyheter \u00e4r att STEC Light f\u00e5r en fartbegr\u00e4nsning p\u00e51,17,000 p\u00e5 Link\u00f6ping och detta f\u00f6r att vi anser att att Light ska f\u00e5 vara en enkel bilsport som inte skall g\u00e5 f\u00f6r fort med det enkla s\u00e4kerhetssystem som finns.\u00a0 Samt att det ska vara l\u00e4tt att b\u00f6rja k\u00f6ra som ny inom bilsporten.\u00a0 Allt blir dyrare men STEC s\u00e4nker priset?\u00a0 2023 kostar ett 6 timmars \u00e5rskort race mindre \u00e4n 5000 kr. sl\u00e5 ut detta p\u00e5 5 f\u00f6rare s\u00e5 \u00e4r det 1000 kr per race\/f\u00f6rare\u00a0 som j\u00e4mf\u00f6relse s\u00e5g vi V-8 Thundercars pris\u00a0 Early bird\u00a0 priset var 120,000 kr s\u00e4songskort\u00a0 6 race p\u00e5 1 f\u00f6rare. G\u00f6r man denna j\u00e4mf\u00f6relse s\u00e5 kan man enkelt se att STEC kommer vara prisv\u00e4rd bilracing 2023.\u00a0 Sprint race 2,4,6,12 Timmars racing\u00a0 tror vi mycket p\u00e5 att kunna erbjuda en stor grupp f\u00f6r b\u00e5de Bredd &amp; Elit och framf\u00f6rallt bygga serien med stort antal team.<\/p>\n<p><strong>\u00a0 <img loading=\"lazy\" decoding=\"async\" class=\"size-medium wp-image-10440 aligncenter\" src=\"http:\/\/media1.stec.se\/2022\/10\/100-team-300x300.jpg\" alt=\"\" width=\"300\" height=\"300\" srcset=\"https:\/\/media1.stec.se\/2022\/10\/100-team-300x300.jpg 300w, https:\/\/media1.stec.se\/2022\/10\/100-team-150x150.jpg 150w, https:\/\/media1.stec.se\/2022\/10\/100-team.jpg 400w\" sizes=\"auto, (max-width: 300px) 100vw, 300px\" \/><\/strong><\/p>\n<p>&nbsp;<\/p>\n<p>&nbsp;<\/p>\n<p><img loading=\"lazy\" decoding=\"async\" class=\"size-medium wp-image-5249 aligncenter\" src=\"http:\/\/media1.stec.se\/2019\/07\/SOL-300x171.jpg\" alt=\"\" width=\"300\" height=\"171\" srcset=\"https:\/\/media1.stec.se\/2019\/07\/SOL-300x171.jpg 300w, https:\/\/media1.stec.se\/2019\/07\/SOL.jpg 630w\" sizes=\"auto, (max-width: 300px) 100vw, 300px\" \/><\/p>\n<p>V\u00e4lbeh\u00f6vlig paus och semester f\u00f6r f\u00f6rare och team.\u00a0 Nu g\u00e5r vi in i vinterf\u00f6rvaring och v\u00e4lbeh\u00f6vlig garagetid till den 29-30 April. d\u00e5 det \u00e4r premi\u00e4r p\u00e5 Link\u00f6ping &amp; Mantorp.\u00a0 Bloggen tar ocks\u00e5 en v\u00e4lbeh\u00f6vlig paus under vintern och kommer skrivas varannan vecka ist\u00e4llet f\u00f6r varje vecka som sker under s\u00e4song. i n\u00e4sta nummer kommer reglerna ut f\u00f6r 2023 samt vi hoppas kunna sl\u00e4ppa kalendern. Vi h\u00f6rs i November.<\/p>\n<p><img loading=\"lazy\" decoding=\"async\" class=\"alignnone wp-image-9323\" src=\"http:\/\/media1.stec.se\/2022\/01\/autoracing-300x132.jpg\" alt=\"\" width=\"182\" height=\"80\" srcset=\"https:\/\/media1.stec.se\/2022\/01\/autoracing-300x132.jpg 300w, https:\/\/media1.stec.se\/2022\/01\/autoracing.jpg 339w\" sizes=\"auto, (max-width: 182px) 100vw, 182px\" \/>\u00a0 \u00a0 \u00a0 \u00a0 \u00a0 \u00a0 <img loading=\"lazy\" decoding=\"async\" class=\"alignnone size-medium wp-image-4760\" src=\"http:\/\/media1.stec.se\/2019\/03\/yokohama-motorsport-2-300x81.png\" alt=\"\" width=\"300\" height=\"81\" srcset=\"https:\/\/media1.stec.se\/2019\/03\/yokohama-motorsport-2-300x81.png 300w, https:\/\/media1.stec.se\/2019\/03\/yokohama-motorsport-2-768x207.png 768w, https:\/\/media1.stec.se\/2019\/03\/yokohama-motorsport-2-1024x276.png 1024w, https:\/\/media1.stec.se\/2019\/03\/yokohama-motorsport-2-1080x291.png 1080w, https:\/\/media1.stec.se\/2019\/03\/yokohama-motorsport-2.png 1468w\" sizes=\"auto, (max-width: 300px) 100vw, 300px\" \/>\u00a0 \u00a0 \u00a0 \u00a0 \u00a0 <img loading=\"lazy\" decoding=\"async\" class=\"alignnone wp-image-6693\" src=\"http:\/\/media1.stec.se\/2020\/03\/samverkan-300x147.png\" alt=\"\" width=\"168\" height=\"82\" srcset=\"https:\/\/media1.stec.se\/2020\/03\/samverkan-300x147.png 300w, https:\/\/media1.stec.se\/2020\/03\/samverkan.png 321w\" sizes=\"auto, (max-width: 168px) 100vw, 168px\" \/><\/p>\n<p><img loading=\"lazy\" decoding=\"async\" class=\"size-medium wp-image-10376 aligncenter\" src=\"http:\/\/media1.stec.se\/2022\/10\/sm-pokaler-225x300.jpg\" alt=\"\" width=\"225\" height=\"300\" srcset=\"https:\/\/media1.stec.se\/2022\/10\/sm-pokaler-225x300.jpg 225w, https:\/\/media1.stec.se\/2022\/10\/sm-pokaler.jpg 720w\" sizes=\"auto, (max-width: 225px) 100vw, 225px\" \/><\/p>\n<p>&nbsp;<\/p>\n<p>&nbsp;<\/p>","protected":false},"excerpt":{"rendered":"<p>F\u00f6rst n\u00e5got som alltid \u00e4r tr\u00e5kigt att f\u00f6rmedla men v\u00e4ldigt viktigt att inte vika en tum p\u00e5 inom STEC. Bem\u00f6t dina medt\u00e4vlande och funktion\u00e4rer som du sj\u00e4lv vill bli bem\u00f6tt. Denna bild finns p\u00e5 STEC Regelsida och i veckan har vi meddelat en person att han inte \u00e4r v\u00e4lkommen under ett tid som str\u00e4cker sig [&hellip;]<\/p>\n","protected":false},"author":2,"featured_media":2052,"comment_status":"open","ping_status":"open","sticky":false,"template":"","format":"standard","meta":{"_et_pb_use_builder":"","_et_pb_old_content":"","footnotes":""},"categories":[1],"tags":[],"class_list":["post-10404","post","type-post","status-publish","format-standard","has-post-thumbnail","hentry","category-uncategorized"],"aioseo_notices":[],"_links":{"self":[{"href":"https:\/\/stec.se\/en\/wp-json\/wp\/v2\/posts\/10404","targetHints":{"allow":["GET"]}}],"collection":[{"href":"https:\/\/stec.se\/en\/wp-json\/wp\/v2\/posts"}],"about":[{"href":"https:\/\/stec.se\/en\/wp-json\/wp\/v2\/types\/post"}],"author":[{"embeddable":true,"href":"https:\/\/stec.se\/en\/wp-json\/wp\/v2\/users\/2"}],"replies":[{"embeddable":true,"href":"https:\/\/stec.se\/en\/wp-json\/wp\/v2\/comments?post=10404"}],"version-history":[{"count":3,"href":"https:\/\/stec.se\/en\/wp-json\/wp\/v2\/posts\/10404\/revisions"}],"predecessor-version":[{"id":10441,"href":"https:\/\/stec.se\/en\/wp-json\/wp\/v2\/posts\/10404\/revisions\/10441"}],"wp:featuredmedia":[{"embeddable":true,"href":"https:\/\/stec.se\/en\/wp-json\/wp\/v2\/media\/2052"}],"wp:attachment":[{"href":"https:\/\/stec.se\/en\/wp-json\/wp\/v2\/media?parent=10404"}],"wp:term":[{"taxonomy":"category","embeddable":true,"href":"https:\/\/stec.se\/en\/wp-json\/wp\/v2\/categories?post=10404"},{"taxonomy":"post_tag","embeddable":true,"href":"https:\/\/stec.se\/en\/wp-json\/wp\/v2\/tags?post=10404"}],"curies":[{"name":"wp","href":"https:\/\/api.w.org\/{rel}","templated":true}]}}