{"id":10183,"date":"2022-08-16T17:21:59","date_gmt":"2022-08-16T17:21:59","guid":{"rendered":"http:\/\/stec.se\/?p=10183"},"modified":"2022-08-16T18:45:56","modified_gmt":"2022-08-16T18:45:56","slug":"sista-infon-infor-linkoping","status":"publish","type":"post","link":"https:\/\/stec.se\/en\/sista-infon-infor-linkoping\/","title":{"rendered":"sista infon inf\u00f6r Link\u00f6ping"},"content":{"rendered":"<p><img loading=\"lazy\" decoding=\"async\" class=\"size-medium wp-image-9438 aligncenter\" src=\"http:\/\/media1.stec.se\/2022\/01\/linkoping-komplett-300x188.jpg\" alt=\"\" width=\"300\" height=\"188\" srcset=\"https:\/\/media1.stec.se\/2022\/01\/linkoping-komplett-300x188.jpg 300w, https:\/\/media1.stec.se\/2022\/01\/linkoping-komplett-768x481.jpg 768w, https:\/\/media1.stec.se\/2022\/01\/linkoping-komplett-400x250.jpg 400w, https:\/\/media1.stec.se\/2022\/01\/linkoping-komplett.jpg 945w\" sizes=\"auto, (max-width: 300px) 100vw, 300px\" \/><\/p>\n<p>Link\u00f6ping 19-20-21 Augusti<\/p>\n<p>Tider<\/p>\n<p><strong>Fredag <\/strong><\/p>\n<p>16,00 Inflyttning i dep\u00e5 omr\u00e5det<\/p>\n<p>17,00 Inskrivningen \u00f6ppnar<\/p>\n<p>18,00 Besiktningen \u00f6ppnar<\/p>\n<p>19,00 Teamsm\u00f6te Klass A<\/p>\n<p>20,30 Teamsm\u00f6te Klass B<\/p>\n<p>22,00 Inskrivningen st\u00e4nger<\/p>\n<p><strong>L\u00f6rdag\u00a0<\/strong><\/p>\n<p>07,00 inskrivningen \u00f6ppnar<\/p>\n<p>07,30 Frukost \u00f6ppnar<\/p>\n<p>08,30 Test&amp; Kval startar\u00a0 ( Banan st\u00e4ngs f\u00f6r \u00f6versl\u00e4pp )<\/p>\n<p>09,20 Test&amp;kval avslutas ( Banan \u00f6ppnar f\u00f6r \u00f6versl\u00e4pp )<\/p>\n<p>09,40 Line up samtliga team\u00a0 p\u00e5 start plattan ( \u00d6ppen f\u00f6r publik )<\/p>\n<p>start 10,00 samtliga bilar\u00a0 2+4 timmars bilar g\u00e5r in i dep\u00e5n efter 1 formationsvarv\u00a0 starten g\u00e5r p\u00e5 varvet efter med Sverigeflagga.<\/p>\n<p>11,00 Start 4 timmars<\/p>\n<p>12,00 start 2 timmars<\/p>\n<p>13,00 Lunch\u00a0 Trackday , med\u00e5kning , familjevarvet osv sker i pausvilan.\u00a0 \u00a0Servering \u00e4r \u00f6ppen.<\/p>\n<p>14,00 Restart 6 timmars<\/p>\n<p>15,00 Restart 4 Timmars<\/p>\n<p>16,00 Restart 2 Timmars<\/p>\n<p>17,00 M\u00e5lflagga<\/p>\n<p>17,10 Prisceremoni bilarna i parc ferme.<\/p>\n<p>Inf\u00f6r m\u00f6tet med teamen . T\u00e4nk , klura , fundera\u00a0 STEC av f\u00f6rare f\u00f6r f\u00f6rare vad vill du ska ev f\u00f6r\u00e4ndras inf\u00f6r 2023.\u00a0 Finns m\u00e5nga kreativa duktiga krafter inom gruppen. Den energin vill vi f\u00e5 i symbios.<\/p>\n<p><img loading=\"lazy\" decoding=\"async\" class=\"size-medium wp-image-3833 aligncenter\" src=\"http:\/\/media1.stec.se\/2018\/12\/stec-light-bl\u00e5-300x157.jpg\" alt=\"\" width=\"300\" height=\"157\" srcset=\"https:\/\/media1.stec.se\/2018\/12\/stec-light-bl\u00e5-300x157.jpg 300w, https:\/\/media1.stec.se\/2018\/12\/stec-light-bl\u00e5-768x402.jpg 768w, https:\/\/media1.stec.se\/2018\/12\/stec-light-bl\u00e5-1024x536.jpg 1024w, https:\/\/media1.stec.se\/2018\/12\/stec-light-bl\u00e5-1080x565.jpg 1080w, https:\/\/media1.stec.se\/2018\/12\/stec-light-bl\u00e5.jpg 1560w\" sizes=\"auto, (max-width: 300px) 100vw, 300px\" \/><\/p>\n<p><img loading=\"lazy\" decoding=\"async\" class=\"size-medium wp-image-10184 aligncenter\" src=\"http:\/\/media1.stec.se\/2022\/08\/bmw-300x169.jpg\" alt=\"\" width=\"300\" height=\"169\" srcset=\"https:\/\/media1.stec.se\/2022\/08\/bmw-300x169.jpg 300w, https:\/\/media1.stec.se\/2022\/08\/bmw.jpg 366w\" sizes=\"auto, (max-width: 300px) 100vw, 300px\" \/><\/p>\n<p>1 nytt team har anm\u00e4lt sig till STEC Light vilket gl\u00e4der oss mycket f\u00f6r just detta med m\u00f6jlighet att p\u00e5 ett smidigt s\u00e4tt nu komma in i STEC. Teamet \u00e4r fr\u00e5n V\u00e4rmland kommer med en BMW som vi tror kommer kunna bli en kommande Klass C bil 2023.\u00a0 V\u00e4lkomna Stefan &amp; Micke till STEC .<\/p>\n<p>Jennifer Narding provar att ta en plats i STEC WOMEN TEAM vilket gl\u00e4djer oss mycket d\u00e5 \u00e4ven hon kommer fr\u00e5n Krutcupen som i skrivande stund har 97 stycken t\u00e4vlande team 2022.\u00a0 i de olika formatet. T\u00e4nk om 10% av dessa team n\u00e5r STEC 2023\u00a0 ( ja ni vet hur trappan fungerar )<\/p>\n<p><img loading=\"lazy\" decoding=\"async\" class=\"size-full wp-image-10166 aligncenter\" src=\"http:\/\/media1.stec.se\/2022\/08\/jennifer.jpg\" alt=\"\" width=\"206\" height=\"206\" srcset=\"https:\/\/media1.stec.se\/2022\/08\/jennifer.jpg 206w, https:\/\/media1.stec.se\/2022\/08\/jennifer-150x150.jpg 150w\" sizes=\"auto, (max-width: 206px) 100vw, 206px\" \/><\/p>\n<p>Boka el p\u00e5 <a href=\"https:\/\/simplesignup.se\/event\/194063-stec-linkoeping\">https:\/\/simplesignup.se\/event\/194063-stec-linkoeping<\/a><\/p>\n<p>T\u00e4vlings PM <a href=\"http:\/\/media1.stec.se\/2022\/08\/stec-tavlings-pm.pdf\">http:\/\/media1.stec.se\/2022\/08\/stec-tavlings-pm.pdf<\/a><\/p>\n<p>V\u00e4dret ser okey ut som det kan bli regnd\u00e4ck och med detta blir det svalare i luften vilket \u00e4r sk\u00f6nt f\u00f6r bilarna och f\u00f6rarna Prognosen f\u00f6ljer vi p\u00e5 <a href=\"https:\/\/www.smhi.se\/vader\/prognoser\/ortsprognoser\/q\/Link%C3%B6ping\/2694762\">https:\/\/www.smhi.se\/vader\/prognoser\/ortsprognoser\/q\/Link%C3%B6ping\/2694762<\/a><\/p>\n<p>Under racet f\u00f6ljer vi molnen p\u00e5<a href=\"https:\/\/regnradar.se\/\"> https:\/\/regnradar.se\/<\/a><\/p>\n<p>Vad h\u00e4nder mer under helgen?\u00a0 Det kommer finnas Virtuell Bilsport som STEC samverkar med <a href=\"https:\/\/www.facebook.com\/groups\/1254379758386759\">Click<\/a><\/p>\n<p>Gokarten kommer ha \u00f6ppet under helgen<\/p>\n<p>SBF Bilstereo SM kommer k\u00f6ra under Helgen.<\/p>\n<p>S\u00f6ndag utbildningsrace och Trackday<\/p>\n<p>Alt detta i samverkan med <a href=\"https:\/\/tierpmotorfestival.se\/\">Link\u00f6ping Motorfestival<\/a><\/p>\n<p><img loading=\"lazy\" decoding=\"async\" class=\"size-medium wp-image-10185 aligncenter\" src=\"http:\/\/media1.stec.se\/2022\/08\/eracing-300x238.jpg\" alt=\"\" width=\"300\" height=\"238\" srcset=\"https:\/\/media1.stec.se\/2022\/08\/eracing-300x238.jpg 300w, https:\/\/media1.stec.se\/2022\/08\/eracing-768x610.jpg 768w, https:\/\/media1.stec.se\/2022\/08\/eracing.jpg 960w\" sizes=\"auto, (max-width: 300px) 100vw, 300px\" \/><\/p>\n<p>Nu ser vi fram emot en riktigt fin t\u00e4vlingshelg<\/p>\n<p>&nbsp;<\/p>\n<p>&nbsp;<\/p>","protected":false},"excerpt":{"rendered":"<p>Link\u00f6ping 19-20-21 Augusti Tider Fredag 16,00 Inflyttning i dep\u00e5 omr\u00e5det 17,00 Inskrivningen \u00f6ppnar 18,00 Besiktningen \u00f6ppnar 19,00 Teamsm\u00f6te Klass A 20,30 Teamsm\u00f6te Klass B 22,00 Inskrivningen st\u00e4nger L\u00f6rdag\u00a0 07,00 inskrivningen \u00f6ppnar 07,30 Frukost \u00f6ppnar 08,30 Test&amp; Kval startar\u00a0 ( Banan st\u00e4ngs f\u00f6r \u00f6versl\u00e4pp ) 09,20 Test&amp;kval avslutas ( Banan \u00f6ppnar f\u00f6r \u00f6versl\u00e4pp ) 09,40 Line [&hellip;]<\/p>\n","protected":false},"author":2,"featured_media":10165,"comment_status":"open","ping_status":"open","sticky":false,"template":"","format":"standard","meta":{"_et_pb_use_builder":"","_et_pb_old_content":"","footnotes":""},"categories":[1],"tags":[],"class_list":["post-10183","post","type-post","status-publish","format-standard","has-post-thumbnail","hentry","category-uncategorized"],"aioseo_notices":[],"_links":{"self":[{"href":"https:\/\/stec.se\/en\/wp-json\/wp\/v2\/posts\/10183","targetHints":{"allow":["GET"]}}],"collection":[{"href":"https:\/\/stec.se\/en\/wp-json\/wp\/v2\/posts"}],"about":[{"href":"https:\/\/stec.se\/en\/wp-json\/wp\/v2\/types\/post"}],"author":[{"embeddable":true,"href":"https:\/\/stec.se\/en\/wp-json\/wp\/v2\/users\/2"}],"replies":[{"embeddable":true,"href":"https:\/\/stec.se\/en\/wp-json\/wp\/v2\/comments?post=10183"}],"version-history":[{"count":2,"href":"https:\/\/stec.se\/en\/wp-json\/wp\/v2\/posts\/10183\/revisions"}],"predecessor-version":[{"id":10187,"href":"https:\/\/stec.se\/en\/wp-json\/wp\/v2\/posts\/10183\/revisions\/10187"}],"wp:featuredmedia":[{"embeddable":true,"href":"https:\/\/stec.se\/en\/wp-json\/wp\/v2\/media\/10165"}],"wp:attachment":[{"href":"https:\/\/stec.se\/en\/wp-json\/wp\/v2\/media?parent=10183"}],"wp:term":[{"taxonomy":"category","embeddable":true,"href":"https:\/\/stec.se\/en\/wp-json\/wp\/v2\/categories?post=10183"},{"taxonomy":"post_tag","embeddable":true,"href":"https:\/\/stec.se\/en\/wp-json\/wp\/v2\/tags?post=10183"}],"curies":[{"name":"wp","href":"https:\/\/api.w.org\/{rel}","templated":true}]}}