{"id":7433,"date":"2020-10-05T10:20:02","date_gmt":"2020-10-05T10:20:02","guid":{"rendered":"http:\/\/stec.se\/?p=7433"},"modified":"2020-10-05T14:54:05","modified_gmt":"2020-10-05T14:54:05","slug":"final-blogg-5-oktober-las-om-arbetet-infor-2021","status":"publish","type":"post","link":"http:\/\/stec.se\/en\/final-blogg-5-oktober-las-om-arbetet-infor-2021\/","title":{"rendered":"Final Blogg 5 Oktober  L\u00e4s om arbetet inf\u00f6r 2021"},"content":{"rendered":"<p><img loading=\"lazy\" decoding=\"async\" class=\"size-medium wp-image-7434 aligncenter\" src=\"http:\/\/media1.stec.se\/2020\/10\/garage-72-silver-300x197.jpg\" alt=\"\" width=\"300\" height=\"197\" srcset=\"https:\/\/media1.stec.se\/2020\/10\/garage-72-silver-300x197.jpg 300w, https:\/\/media1.stec.se\/2020\/10\/garage-72-silver-1024x672.jpg 1024w, https:\/\/media1.stec.se\/2020\/10\/garage-72-silver-768x504.jpg 768w, https:\/\/media1.stec.se\/2020\/10\/garage-72-silver-1080x708.jpg 1080w, https:\/\/media1.stec.se\/2020\/10\/garage-72-silver.jpg 1398w\" sizes=\"auto, (max-width: 300px) 100vw, 300px\" \/><\/p>\n<p>Finalhelg i Svenska \u00d6ppna M\u00e4sterskapet och f\u00f6rst det teamet vi tycker mest synd om.\u00a0 Garage 72 fick inte ut bilen p\u00e5 banan pga tekniska problem och tappade guldet. Vi lider med er och detta sker i Formel 1 och \u00e4ven i STEC 2020. Vi tackar f\u00f6r ert fina engagemang under s\u00e4songen och inbjudan kommer inf\u00f6r 2021 f\u00f6r ni \u00e4r riktigt trevliga killar.<\/p>\n<p><img loading=\"lazy\" decoding=\"async\" class=\"size-medium wp-image-591 aligncenter\" src=\"http:\/\/media1.stec.se\/2017\/05\/linkc3a4ping-300x192.jpg\" alt=\"\" width=\"300\" height=\"192\" srcset=\"https:\/\/media1.stec.se\/2017\/05\/linkc3a4ping-300x192.jpg 300w, https:\/\/media1.stec.se\/2017\/05\/linkc3a4ping.jpg 548w\" sizes=\"auto, (max-width: 300px) 100vw, 300px\" \/><\/p>\n<p>Link\u00f6pings Motorstadion Svensk motorsport absolut fr\u00e4msta multiarena och STEC tar av oss hj\u00e4lmarna och vill tacka er samt Gotland Ring, Tierp,Mantorp Park f\u00f6r gott samarbete under detta annorlunda Corona \u00e5r. Tack f\u00f6r att ni finns och vi \u00f6nskar nu er personal en riktigt bra h\u00f6st och vinters\u00e4song. Stort plus f\u00f6r de nym\u00e5lade curbsen som syntes j\u00e4ttefin i duggregnet.<\/p>\n<p>Vinnarna 2020 som f\u00e5r k\u00e4nna sig Jagade inf\u00f6r 2021<\/p>\n<p>Klass 6A Totalvinnare Gula Garaget denna del av bilen var det som de flesta fick se denna s\u00e4song vill \u00e4ven lyfta fram Team Wettervik som vann p\u00e5 Sviestad och hj\u00e4lten Stefan som kom i rullstol men k\u00f6rde finalen och blev snabbaste f\u00f6raren under dagen en prestation som visar en enorm vinnarskalle fr\u00e5n en fin bilsportskille. Grattis Gula garaget.<\/p>\n<p><img loading=\"lazy\" decoding=\"async\" class=\"size-medium wp-image-7435 aligncenter\" src=\"http:\/\/media1.stec.se\/2020\/10\/gula-garaget-225x300.jpg\" alt=\"\" width=\"225\" height=\"300\" srcset=\"https:\/\/media1.stec.se\/2020\/10\/gula-garaget-225x300.jpg 225w, https:\/\/media1.stec.se\/2020\/10\/gula-garaget.jpg 720w\" sizes=\"auto, (max-width: 225px) 100vw, 225px\" \/><\/p>\n<p>Totalsegrare Klass 6 B\u00a0 Team Onze som fick ny f\u00f6rarbes\u00e4ttning inf\u00f6r Sviestad. s\u00e5 stor Eloge till Dalarnas stolthet Rickard Eriksson som gjort ett enormt arbete.\u00a0 Grattis \u00e4ven till Petri och teamet fr\u00e5n \u00d6rebro som gjorde en bra finalinsats.<\/p>\n<p><img loading=\"lazy\" decoding=\"async\" class=\"size-medium wp-image-7436 aligncenter\" src=\"http:\/\/media1.stec.se\/2020\/10\/onze-300x225.jpg\" alt=\"\" width=\"300\" height=\"225\" srcset=\"https:\/\/media1.stec.se\/2020\/10\/onze-300x225.jpg 300w, https:\/\/media1.stec.se\/2020\/10\/onze-768x576.jpg 768w, https:\/\/media1.stec.se\/2020\/10\/onze-510x382.jpg 510w, https:\/\/media1.stec.se\/2020\/10\/onze.jpg 960w\" sizes=\"auto, (max-width: 300px) 100vw, 300px\" \/><\/p>\n<p>Totalsegrare klass 6 C\u00a0 Team NSM\u00a0 som med sin internationella f\u00f6rargrupp gjort en bra insats med deras tunga 4 wd Audi som gick f\u00f6rv\u00e5nande bra under s\u00e4songen. Grattis teamet NSM<\/p>\n<p><img loading=\"lazy\" decoding=\"async\" class=\"size-medium wp-image-7437 aligncenter\" src=\"http:\/\/media1.stec.se\/2020\/10\/nsm-300x200.jpg\" alt=\"\" width=\"300\" height=\"200\" srcset=\"https:\/\/media1.stec.se\/2020\/10\/nsm-300x200.jpg 300w, https:\/\/media1.stec.se\/2020\/10\/nsm-1024x682.jpg 1024w, https:\/\/media1.stec.se\/2020\/10\/nsm-768x512.jpg 768w, https:\/\/media1.stec.se\/2020\/10\/nsm-1536x1024.jpg 1536w, https:\/\/media1.stec.se\/2020\/10\/nsm-1080x720.jpg 1080w, https:\/\/media1.stec.se\/2020\/10\/nsm.jpg 2000w\" sizes=\"auto, (max-width: 300px) 100vw, 300px\" \/><\/p>\n<p>Totalsegrare 2020 4 timmars blev dessa duktiga team<\/p>\n<p>4A Team H+H med Nils-Arne , Ortwin , Alec som ocks\u00e5 t\u00e4vlar flitigt i Toyota Gazoo Racing\u00a0 Mycket stabil k\u00f6rning hela s\u00e4songen och vi s\u00e4ger stort grattis fr\u00e5n t\u00e4vlingsledningen f\u00f6r ni \u00e4r mycket fina ambassad\u00f6rer f\u00f6r STEC internationellt.<\/p>\n<p><img loading=\"lazy\" decoding=\"async\" class=\"size-full wp-image-7438 aligncenter\" src=\"http:\/\/media1.stec.se\/2020\/10\/hh.jpg\" alt=\"\" width=\"263\" height=\"192\" \/><\/p>\n<p>4B Finner vi duktiga killarna Tord och Marcus Bonte fr\u00e5n Stockholm i Golfen som visat sig tapper och Tord vill vil lyfta fram extra som teknisk bollplank med sina nu\u00a0 snart 50 \u00e5r inom bilsporten \u00e4r vi otroligt glad \u00f6ver v\u00e5ra l\u00e5nga och givande regeldiskussioner. <img loading=\"lazy\" decoding=\"async\" class=\"size-medium wp-image-7440 aligncenter\" src=\"http:\/\/media1.stec.se\/2020\/10\/tord-1-300x300.jpg\" alt=\"\" width=\"300\" height=\"300\" srcset=\"https:\/\/media1.stec.se\/2020\/10\/tord-1-300x300.jpg 300w, https:\/\/media1.stec.se\/2020\/10\/tord-1-150x150.jpg 150w, https:\/\/media1.stec.se\/2020\/10\/tord-1-768x768.jpg 768w, https:\/\/media1.stec.se\/2020\/10\/tord-1.jpg 960w\" sizes=\"auto, (max-width: 300px) 100vw, 300px\" \/><\/p>\n<p>4C finner vi Team Orange som har gjort en fantastisk s\u00e4song med 5 raka segrar med deras v\u00e4lbyggda Audi A3. Micke och Marcus Finneman fr\u00e5n V\u00e4rmd\u00f6 skall hyllas som de m\u00e4stare de \u00e4r.<\/p>\n<p>Klass 2 C H\u00e4r kommer k\u00e4mpen Ede Norbert med sin fina Peugeot och som alltid k\u00f6r till och fr\u00e5n banorna i Alings\u00e5s. F\u00e5 har ett st\u00f6rre bilsporthj\u00e4rta \u00e4n just denna kille. Grattis Norbert<\/p>\n<p><img loading=\"lazy\" decoding=\"async\" class=\"size-medium wp-image-7441 aligncenter\" src=\"http:\/\/media1.stec.se\/2020\/10\/ede-300x200.jpg\" alt=\"\" width=\"300\" height=\"200\" srcset=\"https:\/\/media1.stec.se\/2020\/10\/ede-300x200.jpg 300w, https:\/\/media1.stec.se\/2020\/10\/ede-1024x682.jpg 1024w, https:\/\/media1.stec.se\/2020\/10\/ede-768x512.jpg 768w, https:\/\/media1.stec.se\/2020\/10\/ede-1536x1024.jpg 1536w, https:\/\/media1.stec.se\/2020\/10\/ede-1080x720.jpg 1080w, https:\/\/media1.stec.se\/2020\/10\/ede.jpg 2000w\" sizes=\"auto, (max-width: 300px) 100vw, 300px\" \/><\/p>\n<p>\u00c5rets Junior blir duktiga Charlie Dahlin fr\u00e5n Vallentuna blott 12 \u00e5r gammal har du visat stor k\u00f6rkunskap och det ska bli mycket sp\u00e4nnande att f\u00e5 forts\u00e4tta din karri\u00e4r .<\/p>\n<p><img loading=\"lazy\" decoding=\"async\" class=\"size-medium wp-image-7442 aligncenter\" src=\"http:\/\/media1.stec.se\/2020\/10\/charlie-261x300.jpg\" alt=\"\" width=\"261\" height=\"300\" srcset=\"https:\/\/media1.stec.se\/2020\/10\/charlie-261x300.jpg 261w, https:\/\/media1.stec.se\/2020\/10\/charlie-768x883.jpg 768w, https:\/\/media1.stec.se\/2020\/10\/charlie.jpg 835w\" sizes=\"auto, (max-width: 261px) 100vw, 261px\" \/><\/p>\n<p>L\u00f6rdag<\/p>\n<p>Resultat <a href=\"http:\/\/media1.stec.se\/2020\/10\/6hKlassvis-1.pdf\">6hKlassvis<\/a><\/p>\n<p><a href=\"http:\/\/media1.stec.se\/2020\/10\/6hKlassvis-1.pdf\">6hKlassvis<\/a><a href=\"http:\/\/media1.stec.se\/2020\/10\/Varvtider-2.pdf\">Varvtider (2)<\/a><\/p>\n<p>S\u00f6ndag<\/p>\n<p><a href=\"http:\/\/media1.stec.se\/2020\/10\/sviestad-resultat.jpg\">Resultat\u00a0 \u00a0 \u00a0<\/a><\/p>\n<p><a href=\"http:\/\/media1.stec.se\/2020\/10\/sviestad-oktober-light.pdf\">Varvtider sviestad oktober light<\/a><\/p>\n<p>Resultat p\u00e5 hemsidan <a href=\"http:\/\/stec.se\/en\/resultat\/\">Click\u00a0<\/a><\/p>\n<p><strong>Hur arbetar vi nu f\u00f6r att 2021 ska kunna bli b\u00e4ttre \u00e4n 2020 ?<\/strong><\/p>\n<p>Arbetet b\u00f6rjar nu fr\u00e4mst att f\u00e5 fram en s\u00e5 bra kalender som m\u00f6jligt.<\/p>\n<p>Tierp har skapat en fantastisk fin kalender Som vi valt att inte kalla Light ?? Vi f\u00e5r signaler om att det \u00e4r sv\u00e5rt att se skillnaderna mellan STEC\u00a0 STEC Light och Krutcupen Asfalt och Krutcupen grus.\u00a0 2021 blir detta solklart<\/p>\n<p>STEC =RACING Klasser 2,4,6 Timmar\u00a0 Bur stol b\u00e4lte + racing kl\u00e4der och 3 klasser A B C\u00a0 Kilo\/HK men \u00e4ven varvtider ska kunna ge t\u00e4vlingsledningen m\u00f6jlighet att fritt kunna dela bilar i klassen. S\u00e5 anser t\u00e4vlingsledningen att 1 team har hamnat fel klass s\u00e5 kan t\u00e4vlingsledningen besluta efter dialog med teamchefen att klass byts under p\u00e5g\u00e5ende s\u00e4song.<\/p>\n<p>Tekniska regler ligger kvar fast 2020-2022 T\u00e4vlingsregler kan \u00e4ndras och bland annat kommer po\u00e4ng r\u00e4knas efter antal varv. 1 po\u00e4ng per varv eller efter en skala beroende p\u00e5 om banan \u00e4r 3 kilometer som Geller\u00e5sen Mantorp Gotland\u00a0 eller 2 kilometer som Sviestad och Tierp Arena. Andra banor \u00e4r inte aktuella inf\u00f6r 2021 fr\u00e4mst pga teamens garageplats \u00e4r inte i S\u00f6dra eller Norra Sverige utan vi l\u00e4gger detta i mellan Sverige.<\/p>\n<p>Krutcupen blir samlingsnamnet f\u00f6r Sveriges enklaste och billigaste bilsport och d\u00e4r kommer tidigare STEC Light kunna ing\u00e5. Reglerna \u00e4r enkla = Ingen Trimning d\u00e4ck f\u00f6r vanliga gata\u00a0 med eller utan bur och framf\u00f6r allt kommer vi vilja att de fr\u00e4msta teamen i Krutcupen kommer kunna f\u00e5 prova STEC Racing f\u00f6r att kunna vara transparant med &#8221;trappan&#8221; Racingtrappan som best\u00e5r i att b\u00f6rja med Krutcupen och sen vid tillf\u00e4lle ta klivit in i Svensk M\u00e4sterskap Racing med STEC.<\/p>\n<p><img loading=\"lazy\" decoding=\"async\" class=\"size-medium wp-image-7451 aligncenter\" src=\"http:\/\/media1.stec.se\/2020\/10\/krutcupen-tierp-2021-300x250.jpg\" alt=\"\" width=\"300\" height=\"250\" srcset=\"https:\/\/media1.stec.se\/2020\/10\/krutcupen-tierp-2021-300x250.jpg 300w, https:\/\/media1.stec.se\/2020\/10\/krutcupen-tierp-2021.jpg 444w\" sizes=\"auto, (max-width: 300px) 100vw, 300px\" \/><\/p>\n<p>Priserna \u00e4r klara inf\u00f6r 2021<\/p>\n<p>25,000 kronor \u00c5rskort Racing<\/p>\n<p>12,500 Kronor \u00c5rskort Krutcupen<\/p>\n<p>Licens Hel\u00e5rs 1000 kr\u00a0 Racing licens kurs 1000 kr\u00a0 Endags licens Racing 400 Krutcupen 200<\/p>\n<p>GT-Open klass 2 timmars Racing \u00e5rskort 15,000 kronor\u00a0 Krutcupen 7500 kr<\/p>\n<p>Kan faktureras f\u00f6retag med +10% + Moms<\/p>\n<p>S\u00e4ljer du in samverkan f\u00f6r stec s\u00e5 erh\u00e5ller du 50% till teamet i startavgifter d\u00e4ck utrustning.\u00a0 070-798 23 78 f\u00f6r samtal.<\/p>\n<p>F\u00f6retagsbilar Pay&amp;Drive\u00a0 vill vi g\u00e4rna fylla med Audi TT i STEC\u00a0 Och Audi A3 till Kriutcupen.<\/p>\n<p>1 bar sak som \u00e5rskortet omfattar f\u00f6r b\u00e5da grupper.<\/p>\n<p>Krutcupen kan testa sina bilar p\u00e5 STEC dagarna\u00a0 utanf\u00f6r t\u00e4vlingen\u00a0 och STEC teamen kan k\u00f6ra p\u00e5 Krutcupens bandagar samma licens g\u00e4ller.<\/p>\n<p>Datum ej helst spikade f\u00f6r Racingen men 2 viktiga datum \u00e4r klara<\/p>\n<p>2-5 April STEC Elmia st\u00e4ll ut din bil eller kom som ambassad\u00f6r<\/p>\n<p>11 April Premi\u00e4r p\u00e5 Mantorp Park Racing<\/p>\n<p>16 April Premi\u00e4r p\u00e5 Tierp Arena Krutcupen<\/p>\n<p><img loading=\"lazy\" decoding=\"async\" class=\"alignnone  wp-image-7453\" src=\"http:\/\/media1.stec.se\/2020\/10\/stec-organisationen-300x198.png\" alt=\"\" width=\"452\" height=\"298\" srcset=\"https:\/\/media1.stec.se\/2020\/10\/stec-organisationen-300x198.png 300w, https:\/\/media1.stec.se\/2020\/10\/stec-organisationen-768x506.png 768w, https:\/\/media1.stec.se\/2020\/10\/stec-organisationen.png 1024w\" sizes=\"auto, (max-width: 452px) 100vw, 452px\" \/><\/p>\n<p>STEC S\u00f6ker nu personer som vill vara med i organisationen STEC Motorsport\u00a0 Det som kommer bli klart \u00e4r att det blir nu b\u00e5de f\u00f6rening och f\u00f6retagsdriven verksamhet. F\u00f6retag ska kunna f\u00e5 bra fakturor och privatpersoner ska kunna forts\u00e4tta k\u00f6ra utan moms exempelvis.\u00a0 Vi s\u00f6ker nu med din gemensamma hj\u00e4lp klass sponsorer som vill profilera f\u00f6retaget med bilsportens kraft vi har flera olika l\u00f6sningar men tanken \u00e4r att vara klass ska kunna ha en huvudsponsor som kan ge ekonomiskt vinstpengar i klass 4 B eller segerpremier i klass 6A\u00a0 kan \u00e4ven vara produktst\u00f6d etc.<\/p>\n<p>Vi s\u00f6ker ambassad\u00f6rer , marknad , funktion\u00e4rer , t\u00e4vlings media etc allt f\u00f6r att STEC \/Krutcupen ska kunna bli det sj\u00e4lvklara valet f\u00f6r Svensk L\u00e5nglopp. Idag finns det 4-7 Stycken andra organisationer och vi str\u00e4cker ut handen till Samverkan men det ska vara ordning och reda med god s\u00e4kerhet och tydliga regler.<\/p>\n<p>Vi avslutar Bloggen just nu h\u00e4r p\u00e5 facebook har vi lagt ut massor med bilder , filmer \u00e4r under produktion och kom g\u00e4rna den 17 Oktober till Tierp Arena Final i STEC LIGHT och Krutcupen Asfalt. Alla bilar \u00e4r v\u00e4lkommen. Hasse kommer vara ledig f\u00f6r sp\u00e4nnande samtal och vi kommer ha Prova p\u00e5 verksamhet f\u00f6r att testa Pay&amp;Drive inf\u00f6r 2021. 100 kr per varv f\u00e5r du prova detta med att hyra ett f\u00e4rdigt paket. <a href=\"http:\/\/media1.stec.se\/2020\/09\/inbjudan-STEC-payDrive-2.docx\">inbjudan-STEC-payDrive-2<\/a><\/p>\n<p>Tack samtliga f\u00f6r denna s\u00e4song som nu b\u00f6rjar lida emot sitt slut. 2021 hoppas vi allt som har med Corona kan f\u00e5 bl\u00e5sa bort.<\/p>\n<p>&nbsp;<\/p>\n<p>&nbsp;<\/p>","protected":false},"excerpt":{"rendered":"<p>Finalhelg i Svenska \u00d6ppna M\u00e4sterskapet och f\u00f6rst det teamet vi tycker mest synd om.\u00a0 Garage 72 fick inte ut bilen p\u00e5 banan pga tekniska problem och tappade guldet. Vi lider med er och detta sker i Formel 1 och \u00e4ven i STEC 2020. Vi tackar f\u00f6r ert fina engagemang under s\u00e4songen och inbjudan kommer inf\u00f6r [&hellip;]<\/p>\n","protected":false},"author":2,"featured_media":7454,"comment_status":"open","ping_status":"open","sticky":false,"template":"","format":"standard","meta":{"_et_pb_use_builder":"","_et_pb_old_content":"","footnotes":""},"categories":[1],"tags":[],"class_list":["post-7433","post","type-post","status-publish","format-standard","has-post-thumbnail","hentry","category-uncategorized"],"aioseo_notices":[],"_links":{"self":[{"href":"http:\/\/stec.se\/en\/wp-json\/wp\/v2\/posts\/7433","targetHints":{"allow":["GET"]}}],"collection":[{"href":"http:\/\/stec.se\/en\/wp-json\/wp\/v2\/posts"}],"about":[{"href":"http:\/\/stec.se\/en\/wp-json\/wp\/v2\/types\/post"}],"author":[{"embeddable":true,"href":"http:\/\/stec.se\/en\/wp-json\/wp\/v2\/users\/2"}],"replies":[{"embeddable":true,"href":"http:\/\/stec.se\/en\/wp-json\/wp\/v2\/comments?post=7433"}],"version-history":[{"count":3,"href":"http:\/\/stec.se\/en\/wp-json\/wp\/v2\/posts\/7433\/revisions"}],"predecessor-version":[{"id":7455,"href":"http:\/\/stec.se\/en\/wp-json\/wp\/v2\/posts\/7433\/revisions\/7455"}],"wp:featuredmedia":[{"embeddable":true,"href":"http:\/\/stec.se\/en\/wp-json\/wp\/v2\/media\/7454"}],"wp:attachment":[{"href":"http:\/\/stec.se\/en\/wp-json\/wp\/v2\/media?parent=7433"}],"wp:term":[{"taxonomy":"category","embeddable":true,"href":"http:\/\/stec.se\/en\/wp-json\/wp\/v2\/categories?post=7433"},{"taxonomy":"post_tag","embeddable":true,"href":"http:\/\/stec.se\/en\/wp-json\/wp\/v2\/tags?post=7433"}],"curies":[{"name":"wp","href":"https:\/\/api.w.org\/{rel}","templated":true}]}}