{"id":2758,"date":"2017-10-17T10:39:17","date_gmt":"2017-10-17T08:39:17","guid":{"rendered":"http:\/\/stec.blog\/?p=2758"},"modified":"2017-10-17T10:39:17","modified_gmt":"2017-10-17T08:39:17","slug":"besiktning-info-och-fler-team","status":"publish","type":"post","link":"http:\/\/stec.se\/en\/besiktning-info-och-fler-team\/","title":{"rendered":"Besiktning info och fler team"},"content":{"rendered":"<p><img loading=\"lazy\" decoding=\"async\" class=\"alignnone size-full wp-image-1472\" src=\"http:\/\/media1.stec.se\/2017\/06\/anmc3a4lan.jpg\" alt=\"anm\u00e4lan\" width=\"368\" height=\"137\" srcset=\"https:\/\/media1.stec.se\/2017\/06\/anmc3a4lan.jpg 368w, https:\/\/media1.stec.se\/2017\/06\/anmc3a4lan-300x112.jpg 300w\" sizes=\"auto, (max-width: 368px) 100vw, 368px\" \/><\/p>\n<div class=\"_2v5j\">\n<div class=\"fbNubFlyoutBody scrollable\" role=\"button\">\n<div class=\"fbNubFlyoutBodyContent\">\n<table class=\"conversationContainer uiGrid _51mz\" role=\"log\" cellspacing=\"0\" cellpadding=\"0\">\n<tbody>\n<tr class=\"_51mx\">\n<td class=\"_51mw _51m- vBot\">\n<div class=\"_4tdt _ua1\">\n<div class=\"_ua2\">\n<div class=\"_4tdv\">\n<div class=\"_5wd4 _1nc7\">\n<div class=\"_h8t\">\n<div class=\"_5wd9 direction_ltr\">\n<div class=\"_5wde _n4o\">\n<div class=\"_5w1r _3_om _5wdf\">\n<div class=\"_4gx_\">\n<div class=\"_d97\"><span class=\"_5yl5\">Besiktningstider Anderstorp Fredag 17-21 L\u00f6rdag 07 till 15 min f\u00f6re f\u00f6rarsammantr\u00e4de. Behov av vagnboksbesikning anm\u00e4ls i f\u00f6rv\u00e4g och kan endast ske under fredag. Plats f\u00f6r besiktning \u00e4r boxen l\u00e4ngst till v\u00e4nster sett fr\u00e5n maskindep\u00e5n.<\/span><\/div>\n<div>mvh S\u00f6ren trygg<\/div>\n<\/div>\n<\/div>\n<\/div>\n<\/div>\n<\/div>\n<p><i class=\"img sp_p-mH81-mhnF sx_607714\"><\/i><\/div>\n<\/div>\n<\/div>\n<\/div>\n<\/td>\n<\/tr>\n<\/tbody>\n<\/table>\n<\/div>\n<\/div>\n<\/div>\n<div class=\"_3bpu\">\u00a0S\u00f6ren \u00e4r kanon f\u00f6r det \u00e4r alltid raka besked s\u00e5 n\u00e4r ni kommer in p\u00e5 omr\u00e5det fredag eller L\u00f6rdag morgon lasta av direkt och k\u00f6r fram till boxen l\u00e4ngst ut till v\u00e4nster<\/div>\n<div>samma sida som man k\u00f6r in till banan.<\/div>\n<div><\/div>\n<div>Sen g\u00e5r du spiraltrappan upp till Inskrivningen som kommer vara \u00f6ppen till 22 p\u00e5 Fredag och \u00f6ppna 06,30 p\u00e5 L\u00f6rdag\u00a0 d\u00e4r kommer vi \u00e4ven ha kaffe mackor lunch osv\u00a0 tidtagning p\u00e5 storsk\u00e4rm osv.<\/div>\n<div><\/div>\n<div>Ta g\u00e4rna med er f\u00e4rdig ifyllda dokument s\u00e5 blir det smidigt p\u00e5 plats.<\/div>\n<div>boka in er anm\u00e4lan s\u00e5 det blir smidigt p\u00e5 n\u00e4tet.\u00a0 I kv\u00e4ll g\u00e5r bankett middags bokningen ut vi ser ut att bli drygt 20 stycken hungriga vilket \u00e4r roligt<\/div>\n<div><\/div>\n<div>Beh\u00f6ver ni boende p\u00e5 banan eller hotell boka allt p\u00e5 samma bokning detta f\u00f6r att det ska bli smidigt f\u00f6r er och smidigt f\u00f6r oss allt p\u00e5 samma st\u00e4lle.<\/div>\n<div><\/div>\n<div><a href=\"https:\/\/simplesignup.se\/event\/88399\">https:\/\/simplesignup.se\/event\/88399<\/a><\/div>\n<div><\/div>\n<div><a href=\"https:\/\/www.facebook.com\/events\/1021642344648933\/\">https:\/\/www.facebook.com\/events\/1021642344648933\/<\/a><\/div>\n<div><\/div>\n<div><a href=\"http:\/\/stec.se\/en\/anm%C3%A4lning-blankett-samt-tidsschema-35845618\/\">http:\/\/www.stec.se\/anm%C3%A4lning-blankett-samt-tidsschema-35845618<\/a><\/div>\n<div><\/div>\n<div><\/div>\n<div><img loading=\"lazy\" decoding=\"async\" class=\"alignnone size-full wp-image-2775\" src=\"http:\/\/media1.stec.se\/2017\/10\/legend-bil.jpg\" alt=\"legend bil\" width=\"950\" height=\"960\" srcset=\"https:\/\/media1.stec.se\/2017\/10\/legend-bil.jpg 950w, https:\/\/media1.stec.se\/2017\/10\/legend-bil-297x300.jpg 297w, https:\/\/media1.stec.se\/2017\/10\/legend-bil-768x776.jpg 768w\" sizes=\"auto, (max-width: 950px) 100vw, 950px\" \/><\/div>\n<div><img loading=\"lazy\" decoding=\"async\" class=\"alignnone size-full wp-image-2778\" src=\"http:\/\/media1.stec.se\/2017\/10\/legend-bil-1.jpg\" alt=\"legend bil 1\" width=\"960\" height=\"640\" srcset=\"https:\/\/media1.stec.se\/2017\/10\/legend-bil-1.jpg 960w, https:\/\/media1.stec.se\/2017\/10\/legend-bil-1-300x200.jpg 300w, https:\/\/media1.stec.se\/2017\/10\/legend-bil-1-768x512.jpg 768w\" sizes=\"auto, (max-width: 960px) 100vw, 960px\" \/><\/div>\n<div><\/div>\n<div>Flera av dessa sev\u00e4rda Legends teamen kommer vara p\u00e5 plats och det ska bli kul vem som blir kungen p\u00e5 Anderstorp<\/div>\n<div class=\"fbNubFlyoutFooter\"><\/div>","protected":false},"excerpt":{"rendered":"<p>Besiktningstider Anderstorp Fredag 17-21 L\u00f6rdag 07 till 15 min f\u00f6re f\u00f6rarsammantr\u00e4de. Behov av vagnboksbesikning anm\u00e4ls i f\u00f6rv\u00e4g och kan endast ske under fredag. Plats f\u00f6r besiktning \u00e4r boxen l\u00e4ngst till v\u00e4nster sett fr\u00e5n maskindep\u00e5n. mvh S\u00f6ren trygg \u00a0S\u00f6ren \u00e4r kanon f\u00f6r det \u00e4r alltid raka besked s\u00e5 n\u00e4r ni kommer in p\u00e5 omr\u00e5det fredag eller [&hellip;]<\/p>\n","protected":false},"author":2,"featured_media":0,"comment_status":"open","ping_status":"open","sticky":false,"template":"","format":"standard","meta":{"_et_pb_use_builder":"","_et_pb_old_content":"","footnotes":""},"categories":[2],"tags":[],"class_list":["post-2758","post","type-post","status-publish","format-standard","hentry","category-okategoriserade"],"aioseo_notices":[],"_links":{"self":[{"href":"http:\/\/stec.se\/en\/wp-json\/wp\/v2\/posts\/2758","targetHints":{"allow":["GET"]}}],"collection":[{"href":"http:\/\/stec.se\/en\/wp-json\/wp\/v2\/posts"}],"about":[{"href":"http:\/\/stec.se\/en\/wp-json\/wp\/v2\/types\/post"}],"author":[{"embeddable":true,"href":"http:\/\/stec.se\/en\/wp-json\/wp\/v2\/users\/2"}],"replies":[{"embeddable":true,"href":"http:\/\/stec.se\/en\/wp-json\/wp\/v2\/comments?post=2758"}],"version-history":[{"count":0,"href":"http:\/\/stec.se\/en\/wp-json\/wp\/v2\/posts\/2758\/revisions"}],"wp:attachment":[{"href":"http:\/\/stec.se\/en\/wp-json\/wp\/v2\/media?parent=2758"}],"wp:term":[{"taxonomy":"category","embeddable":true,"href":"http:\/\/stec.se\/en\/wp-json\/wp\/v2\/categories?post=2758"},{"taxonomy":"post_tag","embeddable":true,"href":"http:\/\/stec.se\/en\/wp-json\/wp\/v2\/tags?post=2758"}],"curies":[{"name":"wp","href":"https:\/\/api.w.org\/{rel}","templated":true}]}}