{"id":1677,"date":"2017-08-03T11:23:32","date_gmt":"2017-08-03T09:23:32","guid":{"rendered":"http:\/\/stec.blog\/?p=1677"},"modified":"2017-08-03T11:23:32","modified_gmt":"2017-08-03T09:23:32","slug":"mer-personal-inom-stec-legend-samt-besok-hos-battc-vad-ar-det","status":"publish","type":"post","link":"http:\/\/stec.se\/en\/mer-personal-inom-stec-legend-samt-besok-hos-battc-vad-ar-det\/","title":{"rendered":"Mer personal inom STEC , Legend samt bes\u00f6k hos BaTTC vad \u00e4r det ?"},"content":{"rendered":"<p><img loading=\"lazy\" decoding=\"async\" class=\"alignnone size-full wp-image-1678\" src=\"http:\/\/media1.stec.se\/2017\/08\/alfred.jpg\" alt=\"alfred\" width=\"540\" height=\"960\" srcset=\"https:\/\/media1.stec.se\/2017\/08\/alfred.jpg 540w, https:\/\/media1.stec.se\/2017\/08\/alfred-169x300.jpg 169w\" sizes=\"auto, (max-width: 540px) 100vw, 540px\" \/><br \/>\nSTEC Expanderar och det beh\u00f6vs fler killar och tjejer inom organisationen.<br \/>\nAlfred Bryntesson hemmah\u00f6rande i V\u00e4rmland kommer ansluta till tekniska teamet. \u00a0 Alfred har l\u00e5ng erfarenhet av bilsport och tekniskt intresserad. \u00a0Cheftekniker S\u00f6ren Trygg kommer ge Alfred en plats och skolas in under h\u00f6stens t\u00e4vlingar. Och vi s\u00e4ger v\u00e4lkommen Alfred. \u00a0 \u00a0 Vi s\u00f6ker samtidigt engagerade personer p\u00e5 fler platser s\u00e5 vill du ing\u00e5 s\u00e5 h\u00f6r av dig.<br \/>\n&nbsp;<br \/>\n<img loading=\"lazy\" decoding=\"async\" class=\"alignnone size-full wp-image-514\" src=\"http:\/\/media1.stec.se\/2017\/04\/elmia-3.jpg\" alt=\"elmia 3\" width=\"960\" height=\"720\" srcset=\"https:\/\/media1.stec.se\/2017\/04\/elmia-3.jpg 960w, https:\/\/media1.stec.se\/2017\/04\/elmia-3-300x225.jpg 300w, https:\/\/media1.stec.se\/2017\/04\/elmia-3-768x576.jpg 768w, https:\/\/media1.stec.se\/2017\/04\/elmia-3-510x382.jpg 510w\" sizes=\"auto, (max-width: 960px) 100vw, 960px\" \/>Legend \u00f6kar hela tiden inom STEC och nu kommer vi erbjuda p\u00e5 Sviestad den 26 Augusti n\u00e4sta t\u00e4vling f\u00f6r blygsamma 1000 kronor per bil en t\u00e4vlingsdag med dubbla heat mycket action och rafflande race. \u00a0 \u00a07-8 Oktober k\u00f6r vi &#8221; Finnkampen &#8221; d\u00e5 finnarna blir inbjudna efter deras world final i September. \u00a0 Och vi tipsar g\u00e4rna om detta med Legend f\u00f6r det \u00e4r kul f\u00f6r alla inblandade som f\u00f6rare team och framf\u00f6r allt publiken vilket vi inom STEC gillar att kunna ge riktigt fina actiondagar.<br \/>\nER CUP k\u00f6r sin f\u00f6rsta nu till Helgen \u00a0Ring Knutstorp \u00a0 och NSHC k\u00f6r p\u00e5 Kinnekulle \u00a0 Vi fr\u00e5n STEC \u00f6nskar alla t\u00e4vlande en riktigt bra helg.<br \/>\nSTEC \u00e4r och bes\u00f6ker P\u00e4rnu Ring en riktigt fin bana p\u00e5 andra sidan vattnet och m\u00f6ter v\u00e5ra estniska v\u00e4nner inom Endurance. \u00a0 BaTCC heter deras Baltiska Serie som \u00e4r intresserade av att komma till Sverige och fr\u00e5gan \u00e4r om vi Svenska team vill ta f\u00e4rjan \u00f6ver vattnet? \u00a0Vi s\u00e5g hur svagt intresset var f\u00f6r Gotland Ring hur \u00e4r det f\u00f6r baltikum? \u00a0I morgon \u00e5ker vi till Lettland och kollar \u00a0 \u00a0<a href=\"http:\/\/batcc.eu\/results\/?season=2017&amp;type=bec&amp;class=overall\">click<\/a> f\u00f6r mer info om BaTCC<br \/>\n<img loading=\"lazy\" decoding=\"async\" class=\"alignnone size-full wp-image-1700\" src=\"http:\/\/media1.stec.se\/2017\/08\/baltic1.png\" alt=\"baltic\" width=\"300\" height=\"215\" \/><br \/>\n\n\t\t<style type=\"text\/css\">\n\t\t\t#gallery-1 {\n\t\t\t\tmargin: auto;\n\t\t\t}\n\t\t\t#gallery-1 .gallery-item {\n\t\t\t\tfloat: left;\n\t\t\t\tmargin-top: 10px;\n\t\t\t\ttext-align: center;\n\t\t\t\twidth: 33%;\n\t\t\t}\n\t\t\t#gallery-1 img {\n\t\t\t\tborder: 2px solid #cfcfcf;\n\t\t\t}\n\t\t\t#gallery-1 .gallery-caption {\n\t\t\t\tmargin-left: 0;\n\t\t\t}\n\t\t\t\/* see gallery_shortcode() in wp-includes\/media.php *\/\n\t\t<\/style>\n\t\t<div id='gallery-1' class='gallery galleryid-1677 gallery-columns-3 gallery-size-thumbnail'><dl class='gallery-item'>\n\t\t\t<dt class='gallery-icon landscape'>\n\t\t\t\t<a href='http:\/\/stec.se\/en\/mer-personal-inom-stec-legend-samt-besok-hos-battc-vad-ar-det\/baltic-2\/'><img loading=\"lazy\" decoding=\"async\" width=\"150\" height=\"150\" src=\"https:\/\/media1.stec.se\/2017\/08\/baltic1-150x150.png\" class=\"attachment-thumbnail size-thumbnail\" alt=\"\" \/><\/a>\n\t\t\t<\/dt><\/dl><dl class='gallery-item'>\n\t\t\t<dt class='gallery-icon landscape'>\n\t\t\t\t<a href='http:\/\/stec.se\/en\/mer-personal-inom-stec-legend-samt-besok-hos-battc-vad-ar-det\/baltic-3\/'><img loading=\"lazy\" decoding=\"async\" width=\"150\" height=\"150\" src=\"https:\/\/media1.stec.se\/2017\/08\/baltic-150x150.jpg\" class=\"attachment-thumbnail size-thumbnail\" alt=\"\" \/><\/a>\n\t\t\t<\/dt><\/dl>\n\t\t\t<br style='clear: both' \/>\n\t\t<\/div>\n<\/p>","protected":false},"excerpt":{"rendered":"<p>STEC Expanderar och det beh\u00f6vs fler killar och tjejer inom organisationen. Alfred Bryntesson hemmah\u00f6rande i V\u00e4rmland kommer ansluta till tekniska teamet. \u00a0 Alfred har l\u00e5ng erfarenhet av bilsport och tekniskt intresserad. \u00a0Cheftekniker S\u00f6ren Trygg kommer ge Alfred en plats och skolas in under h\u00f6stens t\u00e4vlingar. Och vi s\u00e4ger v\u00e4lkommen Alfred. \u00a0 \u00a0 Vi s\u00f6ker samtidigt [&hellip;]<\/p>\n","protected":false},"author":2,"featured_media":0,"comment_status":"open","ping_status":"open","sticky":false,"template":"","format":"standard","meta":{"_et_pb_use_builder":"","_et_pb_old_content":"","footnotes":""},"categories":[2],"tags":[],"class_list":["post-1677","post","type-post","status-publish","format-standard","hentry","category-okategoriserade"],"aioseo_notices":[],"_links":{"self":[{"href":"http:\/\/stec.se\/en\/wp-json\/wp\/v2\/posts\/1677","targetHints":{"allow":["GET"]}}],"collection":[{"href":"http:\/\/stec.se\/en\/wp-json\/wp\/v2\/posts"}],"about":[{"href":"http:\/\/stec.se\/en\/wp-json\/wp\/v2\/types\/post"}],"author":[{"embeddable":true,"href":"http:\/\/stec.se\/en\/wp-json\/wp\/v2\/users\/2"}],"replies":[{"embeddable":true,"href":"http:\/\/stec.se\/en\/wp-json\/wp\/v2\/comments?post=1677"}],"version-history":[{"count":0,"href":"http:\/\/stec.se\/en\/wp-json\/wp\/v2\/posts\/1677\/revisions"}],"wp:attachment":[{"href":"http:\/\/stec.se\/en\/wp-json\/wp\/v2\/media?parent=1677"}],"wp:term":[{"taxonomy":"category","embeddable":true,"href":"http:\/\/stec.se\/en\/wp-json\/wp\/v2\/categories?post=1677"},{"taxonomy":"post_tag","embeddable":true,"href":"http:\/\/stec.se\/en\/wp-json\/wp\/v2\/tags?post=1677"}],"curies":[{"name":"wp","href":"https:\/\/api.w.org\/{rel}","templated":true}]}}